{"id":944,"date":"2017-01-06T17:27:29","date_gmt":"2017-01-06T16:27:29","guid":{"rendered":"http:\/\/gorskaprzygoda.blog.pl\/?p=944"},"modified":"2018-10-16T14:45:42","modified_gmt":"2018-10-16T12:45:42","slug":"slemenova-spica","status":"publish","type":"post","link":"https:\/\/gorskaprzygoda.pl\/index.php\/2017\/01\/06\/slemenova-spica\/","title":{"rendered":"Slemenova \u0160pica &#8211; z widokiem na osza\u0142amiaj\u0105cy Jalovec"},"content":{"rendered":"<p style=\"text-align: justify;\">Min\u0119\u0142y kolejne miesi\u0105ce, a ja dalej nie potrafi\u0142em zabra\u0107 si\u0119 za zaleg\u0142e wpisy ze <a href=\"https:\/\/gorskaprzygoda.pl\/index.php\/tag\/slowenia\/\"><strong>S\u0142owenii<\/strong><\/a>\u2026 Aby to szybko nadrobi\u0107 ten wpis mia\u0142 by\u0107 kr\u00f3tki, zwi\u0119z\u0142y i do rzeczy, ale jak wysz\u0142o sami przeczytacie. Po prostu musia\u0142em Wam o wszystkim opowiedzie\u0107 \ud83d\ude42 Jak ju\u017c wspomnia\u0142em we wcze\u015bniejszej relacji po zdobyciu <a href=\"https:\/\/gorskaprzygoda.pl\/index.php\/2016\/11\/21\/wejscie-na-mangart-ferrata-via-slovena\/\"><strong>Mangartu<\/strong><\/a> spakowali\u015bmy si\u0119 i pojechali\u015bmy do r\u00f3wnie malowniczej <strong>Chorwacji<\/strong>. Nie zawiedli\u015bmy si\u0119 i zgodnie z przewidywaniami Croatia przywita\u0142a nas bajkowymi krajobrazami, bezchmurnym niebem i \u017carem lej\u0105cym si\u0119 z nieba. Nasze baterie \u0142adowali\u015bmy w najdalej na po\u0142udnie wysuni\u0119tym punkcie p\u00f3\u0142wyspu Istria, mianowicie przyl\u0105dku <strong>Kamenjak<\/strong>. Jego majestatycznie postrz\u0119piona linia brzegowa zachwyca\u0142a nas szczeg\u00f3ln\u0105 urod\u0105. Mimo tej przepi\u0119knej scenerii my\u015bli w mojej g\u0142owie ca\u0142y czas kr\u0105\u017cy\u0142y wok\u00f3\u0142 g\u00f3r i kolejnych szczyt\u00f3w, kt\u00f3re zamierzali\u015bmy zdoby\u0107 \ud83d\ude42 Ot, tak ju\u017c mam, \u017ce gdziekolwiek jestem, zawsze my\u015bl\u0119 o g\u00f3rach \ud83d\ude42 Po paru dniach le\u017cenia plackiem na s\u0142o\u0144cu nadszed\u0142 czas, kiedy zwin\u0119li\u015bmy nasz biwakowy dobytek i ruszyli\u015bmy z powrotem w g\u00f3ry. Precyzuj\u0105c, zamierzali\u015bmy dotrze\u0107 w <strong>Karawanki<\/strong> i zdoby\u0107 ich najwy\u017cszy szczyt \u2013 <strong>Hochstuhl<\/strong> (s\u0142ow. Stol) wznosz\u0105cy si\u0119 na wysoko\u015b\u0107 <strong>2237 m<\/strong>. W drodze powrotnej z sielankowej <strong>Chorwacji<\/strong> zahaczyli\u015bmy jeszcze o bardzo urokliw\u0105 i urzekaj\u0105c\u0105 miejscowo\u015b\u0107 \u2013 <strong>Piran<\/strong>, kt\u00f3ra znajduje si\u0119 nad s\u0142owe\u0144skim wybrze\u017cem <strong>Adriatyku<\/strong>.<\/p>\n<div data-carousel-extra='{\"blog_id\":1,\"permalink\":\"https:\\\/\\\/gorskaprzygoda.pl\\\/index.php\\\/2017\\\/01\\\/06\\\/slemenova-spica\\\/\"}' id='gallery-2' class='gallery galleryid-944 gallery-columns-2 gallery-size-large'><figure class='gallery-item'>\n\t\t\t<div class='gallery-icon landscape'>\n\t\t\t\t<a href='https:\/\/gorskaprzygoda.pl\/wp-content\/uploads\/2017\/01\/Slemenova-Spica.jpg'><img loading=\"lazy\" decoding=\"async\" data-attachment-id=\"2898\" data-orig-file=\"https:\/\/gorskaprzygoda.pl\/wp-content\/uploads\/2017\/01\/Slemenova-Spica.jpg\" data-orig-size=\"1920,1440\" data-comments-opened=\"1\" data-image-meta=\"{&quot;aperture&quot;:&quot;3.2&quot;,&quot;credit&quot;:&quot;&quot;,&quot;camera&quot;:&quot;COOLPIX S2900&quot;,&quot;caption&quot;:&quot;&quot;,&quot;created_timestamp&quot;:&quot;1472661244&quot;,&quot;copyright&quot;:&quot;&quot;,&quot;focal_length&quot;:&quot;4.6&quot;,&quot;iso&quot;:&quot;80&quot;,&quot;shutter_speed&quot;:&quot;0.001&quot;,&quot;title&quot;:&quot;&quot;,&quot;orientation&quot;:&quot;0&quot;,&quot;keywords&quot;:&quot;Array&quot;}\" data-image-title=\"Slemenova Spica\" data-image-description=\"\" data-medium-file=\"https:\/\/gorskaprzygoda.pl\/wp-content\/uploads\/2017\/01\/Slemenova-Spica-300x225.jpg\" data-large-file=\"https:\/\/gorskaprzygoda.pl\/wp-content\/uploads\/2017\/01\/Slemenova-Spica-1024x768.jpg\" width=\"770\" height=\"578\" src=\"https:\/\/gorskaprzygoda.pl\/wp-content\/uploads\/2017\/01\/Slemenova-Spica-1024x768.jpg\" class=\"attachment-large size-large\" alt=\"\" aria-describedby=\"gallery-2-2898\" srcset=\"https:\/\/gorskaprzygoda.pl\/wp-content\/uploads\/2017\/01\/Slemenova-Spica-1024x768.jpg 1024w, https:\/\/gorskaprzygoda.pl\/wp-content\/uploads\/2017\/01\/Slemenova-Spica-300x225.jpg 300w, https:\/\/gorskaprzygoda.pl\/wp-content\/uploads\/2017\/01\/Slemenova-Spica-768x576.jpg 768w\" sizes=\"auto, (max-width: 770px) 100vw, 770px\" \/><\/a>\n\t\t\t<\/div>\n\t\t\t\t<figcaption class='wp-caption-text gallery-caption' id='gallery-2-2898'>\n\t\t\t\tUrzekaj\u0105cy Piran\n\t\t\t\t<\/figcaption><\/figure><figure class='gallery-item'>\n\t\t\t<div class='gallery-icon landscape'>\n\t\t\t\t<a href='https:\/\/gorskaprzygoda.pl\/wp-content\/uploads\/2017\/01\/Slemenova-Spica-4.jpg'><img loading=\"lazy\" decoding=\"async\" data-attachment-id=\"2901\" data-orig-file=\"https:\/\/gorskaprzygoda.pl\/wp-content\/uploads\/2017\/01\/Slemenova-Spica-4.jpg\" data-orig-size=\"1920,1440\" data-comments-opened=\"1\" data-image-meta=\"{&quot;aperture&quot;:&quot;2.6&quot;,&quot;credit&quot;:&quot;&quot;,&quot;camera&quot;:&quot;SM-G386F&quot;,&quot;caption&quot;:&quot;&quot;,&quot;created_timestamp&quot;:&quot;1472664192&quot;,&quot;copyright&quot;:&quot;&quot;,&quot;focal_length&quot;:&quot;3.31&quot;,&quot;iso&quot;:&quot;50&quot;,&quot;shutter_speed&quot;:&quot;0.00625&quot;,&quot;title&quot;:&quot;&quot;,&quot;orientation&quot;:&quot;0&quot;,&quot;keywords&quot;:&quot;Array&quot;}\" data-image-title=\"Slemenova Spica-4\" data-image-description=\"\" data-medium-file=\"https:\/\/gorskaprzygoda.pl\/wp-content\/uploads\/2017\/01\/Slemenova-Spica-4-300x225.jpg\" data-large-file=\"https:\/\/gorskaprzygoda.pl\/wp-content\/uploads\/2017\/01\/Slemenova-Spica-4-1024x768.jpg\" width=\"770\" height=\"578\" src=\"https:\/\/gorskaprzygoda.pl\/wp-content\/uploads\/2017\/01\/Slemenova-Spica-4-1024x768.jpg\" class=\"attachment-large size-large\" alt=\"\" srcset=\"https:\/\/gorskaprzygoda.pl\/wp-content\/uploads\/2017\/01\/Slemenova-Spica-4-1024x768.jpg 1024w, https:\/\/gorskaprzygoda.pl\/wp-content\/uploads\/2017\/01\/Slemenova-Spica-4-300x225.jpg 300w, https:\/\/gorskaprzygoda.pl\/wp-content\/uploads\/2017\/01\/Slemenova-Spica-4-768x576.jpg 768w\" sizes=\"auto, (max-width: 770px) 100vw, 770px\" \/><\/a>\n\t\t\t<\/div><\/figure><figure class='gallery-item'>\n\t\t\t<div class='gallery-icon portrait'>\n\t\t\t\t<a href='https:\/\/gorskaprzygoda.pl\/wp-content\/uploads\/2017\/01\/Slemenova-Spica-2.jpg'><img loading=\"lazy\" decoding=\"async\" data-attachment-id=\"2899\" data-orig-file=\"https:\/\/gorskaprzygoda.pl\/wp-content\/uploads\/2017\/01\/Slemenova-Spica-2.jpg\" data-orig-size=\"1080,1440\" data-comments-opened=\"1\" data-image-meta=\"{&quot;aperture&quot;:&quot;4.2&quot;,&quot;credit&quot;:&quot;&quot;,&quot;camera&quot;:&quot;COOLPIX S2900&quot;,&quot;caption&quot;:&quot;&quot;,&quot;created_timestamp&quot;:&quot;1472661382&quot;,&quot;copyright&quot;:&quot;&quot;,&quot;focal_length&quot;:&quot;7.7&quot;,&quot;iso&quot;:&quot;800&quot;,&quot;shutter_speed&quot;:&quot;0.01&quot;,&quot;title&quot;:&quot;&quot;,&quot;orientation&quot;:&quot;0&quot;,&quot;keywords&quot;:&quot;Array&quot;}\" data-image-title=\"Slemenova Spica-2\" data-image-description=\"\" data-medium-file=\"https:\/\/gorskaprzygoda.pl\/wp-content\/uploads\/2017\/01\/Slemenova-Spica-2-225x300.jpg\" data-large-file=\"https:\/\/gorskaprzygoda.pl\/wp-content\/uploads\/2017\/01\/Slemenova-Spica-2-768x1024.jpg\" width=\"768\" height=\"1024\" src=\"https:\/\/gorskaprzygoda.pl\/wp-content\/uploads\/2017\/01\/Slemenova-Spica-2-768x1024.jpg\" class=\"attachment-large size-large\" alt=\"\" aria-describedby=\"gallery-2-2899\" srcset=\"https:\/\/gorskaprzygoda.pl\/wp-content\/uploads\/2017\/01\/Slemenova-Spica-2-768x1024.jpg 768w, https:\/\/gorskaprzygoda.pl\/wp-content\/uploads\/2017\/01\/Slemenova-Spica-2-225x300.jpg 225w, https:\/\/gorskaprzygoda.pl\/wp-content\/uploads\/2017\/01\/Slemenova-Spica-2.jpg 1080w\" sizes=\"auto, (max-width: 768px) 100vw, 768px\" \/><\/a>\n\t\t\t<\/div>\n\t\t\t\t<figcaption class='wp-caption-text gallery-caption' id='gallery-2-2899'>\n\t\t\t\tMalownicze zak\u0105tki Piran\n\t\t\t\t<\/figcaption><\/figure><figure class='gallery-item'>\n\t\t\t<div class='gallery-icon portrait'>\n\t\t\t\t<a href='https:\/\/gorskaprzygoda.pl\/wp-content\/uploads\/2017\/01\/Slemenova-Spica-3.jpg'><img loading=\"lazy\" decoding=\"async\" data-attachment-id=\"2900\" data-orig-file=\"https:\/\/gorskaprzygoda.pl\/wp-content\/uploads\/2017\/01\/Slemenova-Spica-3.jpg\" data-orig-size=\"1080,1440\" data-comments-opened=\"1\" data-image-meta=\"{&quot;aperture&quot;:&quot;3.2&quot;,&quot;credit&quot;:&quot;&quot;,&quot;camera&quot;:&quot;COOLPIX S2900&quot;,&quot;caption&quot;:&quot;&quot;,&quot;created_timestamp&quot;:&quot;1472662166&quot;,&quot;copyright&quot;:&quot;&quot;,&quot;focal_length&quot;:&quot;4.6&quot;,&quot;iso&quot;:&quot;280&quot;,&quot;shutter_speed&quot;:&quot;0.033333333333333&quot;,&quot;title&quot;:&quot;&quot;,&quot;orientation&quot;:&quot;0&quot;,&quot;keywords&quot;:&quot;Array&quot;}\" data-image-title=\"Slemenova Spica-3\" data-image-description=\"\" data-medium-file=\"https:\/\/gorskaprzygoda.pl\/wp-content\/uploads\/2017\/01\/Slemenova-Spica-3-225x300.jpg\" data-large-file=\"https:\/\/gorskaprzygoda.pl\/wp-content\/uploads\/2017\/01\/Slemenova-Spica-3-768x1024.jpg\" width=\"768\" height=\"1024\" src=\"https:\/\/gorskaprzygoda.pl\/wp-content\/uploads\/2017\/01\/Slemenova-Spica-3-768x1024.jpg\" class=\"attachment-large size-large\" alt=\"\" aria-describedby=\"gallery-2-2900\" srcset=\"https:\/\/gorskaprzygoda.pl\/wp-content\/uploads\/2017\/01\/Slemenova-Spica-3-768x1024.jpg 768w, https:\/\/gorskaprzygoda.pl\/wp-content\/uploads\/2017\/01\/Slemenova-Spica-3-225x300.jpg 225w, https:\/\/gorskaprzygoda.pl\/wp-content\/uploads\/2017\/01\/Slemenova-Spica-3.jpg 1080w\" sizes=\"auto, (max-width: 768px) 100vw, 768px\" \/><\/a>\n\t\t\t<\/div>\n\t\t\t\t<figcaption class='wp-caption-text gallery-caption' id='gallery-2-2900'>\n\t\t\t\tMalownicze zak\u0105tki Piran\n\t\t\t\t<\/figcaption><\/figure>\n\t\t<\/div>\n\n<p style=\"text-align: justify;\">Wspominam o tym, dlatego, \u017ce: po pierwsze naprawd\u0119 warto tam zajrze\u0107 i pospacerowa\u0107 w\u0105skimi uliczkami po\u015br\u00f3d \u015bredniowiecznej zabudowy wzorowanej na weneckiej architekturze. Po drugie tak nas poch\u0142on\u0119\u0142o to zwiedzanie oraz leniuchowanie nad brzegiem morza, \u017ce nim si\u0119 spostrzegli\u015bmy by\u0142 ju\u017c wiecz\u00f3r. W planach i tak mieli\u015bmy wiecz\u00f3r pod chmurk\u0105 wi\u0119c stwierdzili\u015bmy, \u017ce warto zosta\u0107 jeszcze te kilka chwil d\u0142u\u017cej w tym niezwyk\u0142ym i fascynuj\u0105cym miejscu. Jak wszyscy wiemy podr\u00f3\u017ce kszta\u0142c\u0105 i ucz\u0105 wi\u0119c i tym razem nie mog\u0142o by\u0107 inaczej. Po ca\u0142ym dniu sp\u0119dzonym na zagl\u0105daniu w ka\u017cdy zakamarek Piran troch\u0119 zg\u0142odnieli\u015bmy i poszli\u015bmy na kolacj\u0119. Znale\u017ali\u015bmy w ko\u0144cu urzekaj\u0105c\u0105 knajpk\u0119, gdzie zam\u00f3wili\u015bmy owoce morza oraz co\u015b do picia. Pisz\u0105c co\u015b do picia mia\u0142em na my\u015bli jakie\u015b wino czy co\u015b podobnego. Ku zdziwieniu kelnera zdecydowali\u015bmy si\u0119 na grapp\u0119. Wtedy jeszcze nie by\u0142em \u015bwiadomy co to jest i kelner chyba si\u0119 zorientowa\u0142, \u017ce tak w\u0142a\u015bnie jest wi\u0119c tylko grzecznie si\u0119 upewni\u0142 czy na pewno chcemy grapp\u0119, na co my rado\u015bnie przytakn\u0119li\u015bmy. Gdzie\u015b, kiedy\u015b obi\u0142a mi si\u0119 ta nazwa o uszy i wydawa\u0142o mi si\u0119, \u017ce jest to jakie\u015b lokalne wino\u2026 Dopiero w momencie kiedy skosztowa\u0142em tego cudownego trunku okaza\u0142o si\u0119, \u017ce jest to nic innego jak wysokoprocentowy bimber \ud83d\ude00 Mi smakowa\u0142o i ch\u0119tnie bym si\u0119 go napi\u0142, ale czeka\u0142a mnie jeszcze droga powrotna za k\u00f3\u0142kiem wi\u0119c musia\u0142em podzi\u0119kowa\u0107. Po przepysznej kolacji ruszyli\u015bmy w ko\u0144cu na p\u00f3\u0142noc <a href=\"https:\/\/gorskaprzygoda.pl\/index.php\/tag\/slowenia\/\"><strong>S\u0142owenii<\/strong><\/a>.<\/p>\n<p style=\"text-align: justify;\">Czas ucieka\u0142 nie ub\u0142agalnie, s\u0142o\u0144ce chowa\u0142o si\u0119 ju\u017c za horyzontem, a my byli\u015bmy dalej w drodze. W egipskich ciemno\u015bciach, bardzo p\u00f3\u017ano dotarli\u015bmy do miejscowo\u015bci <strong>Moste<\/strong> sk\u0105d le\u015bn\u0105 drog\u0105 mieli\u015bmy podjecha\u0107 pod schronisko <strong>Valvazorjev Dom<\/strong> i tam sp\u0119dzi\u0107 noc na podziwianiu Drogi Mlecznej. Niestety na naszej drodze pojawi\u0142 si\u0119 znak zakazu ruchu oraz informacja, \u017ce droga jest zamkni\u0119ta. Jak na z\u0142o\u015b\u0107 w tym samym momencie moja nawigacja oszala\u0142a i odm\u00f3wi\u0142a wsp\u00f3\u0142pracy co uniemo\u017cliwi\u0142o nam dalsz\u0105 podr\u00f3\u017c. Nieco sfrustrowany stwierdzi\u0142em, \u017ce nie ma sensu kr\u0105\u017cy\u0107 bezsensu w k\u00f3\u0142ko i szuka\u0107 jakie\u015b innej drogi o ile taka istnieje i zaproponowa\u0142em inne wyj\u015bcie z sytuacji. Z <strong>Moste<\/strong> jest ju\u017c bardzo blisko do <strong>Kranjskiej G\u00f3ry<\/strong>, a tam mo\u017cemy zatrzyma\u0107 si\u0119 u znanej nam ju\u017c babci Tonki, a w zamian za <strong>Hochstuhla<\/strong> zaliczy\u0107 ZipLine w <strong>Planicy<\/strong>. S\u0142owo si\u0119 rzek\u0142o i ruszyli\u015bmy dalej. Na nasze szcz\u0119\u015bcie w <strong>Tonkina Ko\u010da<\/strong> nie by\u0142o problemu z noclegiem z czego bardzo si\u0119 ucieszyli\u015bmy.<\/p>\n<p style=\"text-align: justify;\">Nast\u0119pnego dnia przy \u015bniadaniu mieli\u015bmy okazj\u0119 na spokojnie porozmawia\u0107 i powspomina\u0107 nasz czerwcowy pobyt u pani Tonki. Mi\u0142o mi by\u0142o, \u017ce nas pami\u0119ta\u0142a i to w pozytywnym znaczeniu \ud83d\ude42 Zgodnie z wcze\u015bniejszym postanowieniem zaliczenia ZipLine w <strong>Planicy<\/strong>, po \u015bniadaniu podjechali\u015bmy na <strong>prze\u0142\u0119cz Vr\u0161i\u010d<\/strong> sk\u0105d zamierzali\u015bmy ruszy\u0107 w dalsz\u0105 drog\u0119. Na prze\u0142\u0119czy Ela pozna\u0142a nowe kole\u017canki, z kt\u00f3rymi za pozowa\u0142a nawet do zdj\u0119cia! \ud83d\ude42<\/p>\n<div data-carousel-extra='{\"blog_id\":1,\"permalink\":\"https:\\\/\\\/gorskaprzygoda.pl\\\/index.php\\\/2017\\\/01\\\/06\\\/slemenova-spica\\\/\"}' id='gallery-4' class='gallery galleryid-944 gallery-columns-2 gallery-size-large'><figure class='gallery-item'>\n\t\t\t<div class='gallery-icon landscape'>\n\t\t\t\t<a href='https:\/\/gorskaprzygoda.pl\/wp-content\/uploads\/2017\/01\/Slemenova-Spica-6.jpg'><img loading=\"lazy\" decoding=\"async\" data-attachment-id=\"2903\" data-orig-file=\"https:\/\/gorskaprzygoda.pl\/wp-content\/uploads\/2017\/01\/Slemenova-Spica-6.jpg\" data-orig-size=\"1920,1440\" data-comments-opened=\"1\" data-image-meta=\"{&quot;aperture&quot;:&quot;3.2&quot;,&quot;credit&quot;:&quot;&quot;,&quot;camera&quot;:&quot;COOLPIX S2900&quot;,&quot;caption&quot;:&quot;&quot;,&quot;created_timestamp&quot;:&quot;1472720193&quot;,&quot;copyright&quot;:&quot;&quot;,&quot;focal_length&quot;:&quot;4.6&quot;,&quot;iso&quot;:&quot;80&quot;,&quot;shutter_speed&quot;:&quot;0.0008&quot;,&quot;title&quot;:&quot;&quot;,&quot;orientation&quot;:&quot;0&quot;,&quot;keywords&quot;:&quot;Array&quot;}\" data-image-title=\"Slemenova Spica-6\" data-image-description=\"\" data-medium-file=\"https:\/\/gorskaprzygoda.pl\/wp-content\/uploads\/2017\/01\/Slemenova-Spica-6-300x225.jpg\" data-large-file=\"https:\/\/gorskaprzygoda.pl\/wp-content\/uploads\/2017\/01\/Slemenova-Spica-6-1024x768.jpg\" width=\"770\" height=\"578\" src=\"https:\/\/gorskaprzygoda.pl\/wp-content\/uploads\/2017\/01\/Slemenova-Spica-6-1024x768.jpg\" class=\"attachment-large size-large\" alt=\"\" aria-describedby=\"gallery-4-2903\" srcset=\"https:\/\/gorskaprzygoda.pl\/wp-content\/uploads\/2017\/01\/Slemenova-Spica-6-1024x768.jpg 1024w, https:\/\/gorskaprzygoda.pl\/wp-content\/uploads\/2017\/01\/Slemenova-Spica-6-300x225.jpg 300w, https:\/\/gorskaprzygoda.pl\/wp-content\/uploads\/2017\/01\/Slemenova-Spica-6-768x576.jpg 768w\" sizes=\"auto, (max-width: 770px) 100vw, 770px\" \/><\/a>\n\t\t\t<\/div>\n\t\t\t\t<figcaption class='wp-caption-text gallery-caption' id='gallery-4-2903'>\n\t\t\t\tMa\u0142a Mojstrovka z prze\u0142\u0105czki Vratica\n\t\t\t\t<\/figcaption><\/figure><figure class='gallery-item'>\n\t\t\t<div class='gallery-icon landscape'>\n\t\t\t\t<a href='https:\/\/gorskaprzygoda.pl\/wp-content\/uploads\/2017\/01\/Slemenova-Spica-5.jpg'><img loading=\"lazy\" decoding=\"async\" data-attachment-id=\"2902\" data-orig-file=\"https:\/\/gorskaprzygoda.pl\/wp-content\/uploads\/2017\/01\/Slemenova-Spica-5.jpg\" data-orig-size=\"1920,1440\" data-comments-opened=\"1\" data-image-meta=\"{&quot;aperture&quot;:&quot;2.6&quot;,&quot;credit&quot;:&quot;&quot;,&quot;camera&quot;:&quot;SM-G386F&quot;,&quot;caption&quot;:&quot;&quot;,&quot;created_timestamp&quot;:&quot;1472717843&quot;,&quot;copyright&quot;:&quot;&quot;,&quot;focal_length&quot;:&quot;3.31&quot;,&quot;iso&quot;:&quot;50&quot;,&quot;shutter_speed&quot;:&quot;0.0083333333333333&quot;,&quot;title&quot;:&quot;&quot;,&quot;orientation&quot;:&quot;0&quot;,&quot;keywords&quot;:&quot;Array&quot;}\" data-image-title=\"Slemenova Spica-5\" data-image-description=\"\" data-medium-file=\"https:\/\/gorskaprzygoda.pl\/wp-content\/uploads\/2017\/01\/Slemenova-Spica-5-300x225.jpg\" data-large-file=\"https:\/\/gorskaprzygoda.pl\/wp-content\/uploads\/2017\/01\/Slemenova-Spica-5-1024x768.jpg\" width=\"770\" height=\"578\" src=\"https:\/\/gorskaprzygoda.pl\/wp-content\/uploads\/2017\/01\/Slemenova-Spica-5-1024x768.jpg\" class=\"attachment-large size-large\" alt=\"\" aria-describedby=\"gallery-4-2902\" srcset=\"https:\/\/gorskaprzygoda.pl\/wp-content\/uploads\/2017\/01\/Slemenova-Spica-5-1024x768.jpg 1024w, https:\/\/gorskaprzygoda.pl\/wp-content\/uploads\/2017\/01\/Slemenova-Spica-5-300x225.jpg 300w, https:\/\/gorskaprzygoda.pl\/wp-content\/uploads\/2017\/01\/Slemenova-Spica-5-768x576.jpg 768w\" sizes=\"auto, (max-width: 770px) 100vw, 770px\" \/><\/a>\n\t\t\t<\/div>\n\t\t\t\t<figcaption class='wp-caption-text gallery-caption' id='gallery-4-2902'>\n\t\t\t\tEla i jej nowe kole\u017canki \ud83d\ude1b troch\u0119 poplotkowa\u0142y, a p\u00f3\u017aniej ka\u017cdy poszed\u0142 w swoj\u0105 stron\u0119:D\n\t\t\t\t<\/figcaption><\/figure><figure class='gallery-item'>\n\t\t\t<div class='gallery-icon landscape'>\n\t\t\t\t<a href='https:\/\/gorskaprzygoda.pl\/wp-content\/uploads\/2017\/01\/Slemenova-Spica-7.jpg'><img loading=\"lazy\" decoding=\"async\" data-attachment-id=\"2904\" data-orig-file=\"https:\/\/gorskaprzygoda.pl\/wp-content\/uploads\/2017\/01\/Slemenova-Spica-7.jpg\" data-orig-size=\"1920,1440\" data-comments-opened=\"1\" data-image-meta=\"{&quot;aperture&quot;:&quot;3.2&quot;,&quot;credit&quot;:&quot;&quot;,&quot;camera&quot;:&quot;COOLPIX S2900&quot;,&quot;caption&quot;:&quot;&quot;,&quot;created_timestamp&quot;:&quot;1472720916&quot;,&quot;copyright&quot;:&quot;&quot;,&quot;focal_length&quot;:&quot;4.6&quot;,&quot;iso&quot;:&quot;80&quot;,&quot;shutter_speed&quot;:&quot;0.0008&quot;,&quot;title&quot;:&quot;&quot;,&quot;orientation&quot;:&quot;0&quot;,&quot;keywords&quot;:&quot;Array&quot;}\" data-image-title=\"Slemenova Spica-7\" data-image-description=\"\" data-medium-file=\"https:\/\/gorskaprzygoda.pl\/wp-content\/uploads\/2017\/01\/Slemenova-Spica-7-300x225.jpg\" data-large-file=\"https:\/\/gorskaprzygoda.pl\/wp-content\/uploads\/2017\/01\/Slemenova-Spica-7-1024x768.jpg\" width=\"770\" height=\"578\" src=\"https:\/\/gorskaprzygoda.pl\/wp-content\/uploads\/2017\/01\/Slemenova-Spica-7-1024x768.jpg\" class=\"attachment-large size-large\" alt=\"\" aria-describedby=\"gallery-4-2904\" srcset=\"https:\/\/gorskaprzygoda.pl\/wp-content\/uploads\/2017\/01\/Slemenova-Spica-7-1024x768.jpg 1024w, https:\/\/gorskaprzygoda.pl\/wp-content\/uploads\/2017\/01\/Slemenova-Spica-7-300x225.jpg 300w, https:\/\/gorskaprzygoda.pl\/wp-content\/uploads\/2017\/01\/Slemenova-Spica-7-768x576.jpg 768w\" sizes=\"auto, (max-width: 770px) 100vw, 770px\" \/><\/a>\n\t\t\t<\/div>\n\t\t\t\t<figcaption class='wp-caption-text gallery-caption' id='gallery-4-2904'>\n\t\t\t\tSzlak na Slemenov\u0105 \u0160pic\u0119\n\t\t\t\t<\/figcaption><\/figure><figure class='gallery-item'>\n\t\t\t<div class='gallery-icon landscape'>\n\t\t\t\t<a href='https:\/\/gorskaprzygoda.pl\/wp-content\/uploads\/2017\/01\/Slemenova-Spica-8.jpg'><img loading=\"lazy\" decoding=\"async\" data-attachment-id=\"2905\" data-orig-file=\"https:\/\/gorskaprzygoda.pl\/wp-content\/uploads\/2017\/01\/Slemenova-Spica-8.jpg\" data-orig-size=\"1920,1440\" data-comments-opened=\"1\" data-image-meta=\"{&quot;aperture&quot;:&quot;3.2&quot;,&quot;credit&quot;:&quot;&quot;,&quot;camera&quot;:&quot;COOLPIX S2900&quot;,&quot;caption&quot;:&quot;&quot;,&quot;created_timestamp&quot;:&quot;1472721121&quot;,&quot;copyright&quot;:&quot;&quot;,&quot;focal_length&quot;:&quot;4.6&quot;,&quot;iso&quot;:&quot;80&quot;,&quot;shutter_speed&quot;:&quot;0.0005&quot;,&quot;title&quot;:&quot;&quot;,&quot;orientation&quot;:&quot;0&quot;,&quot;keywords&quot;:&quot;Array&quot;}\" data-image-title=\"Slemenova Spica-8\" data-image-description=\"\" data-medium-file=\"https:\/\/gorskaprzygoda.pl\/wp-content\/uploads\/2017\/01\/Slemenova-Spica-8-300x225.jpg\" data-large-file=\"https:\/\/gorskaprzygoda.pl\/wp-content\/uploads\/2017\/01\/Slemenova-Spica-8-1024x768.jpg\" width=\"770\" height=\"578\" src=\"https:\/\/gorskaprzygoda.pl\/wp-content\/uploads\/2017\/01\/Slemenova-Spica-8-1024x768.jpg\" class=\"attachment-large size-large\" alt=\"\" aria-describedby=\"gallery-4-2905\" srcset=\"https:\/\/gorskaprzygoda.pl\/wp-content\/uploads\/2017\/01\/Slemenova-Spica-8-1024x768.jpg 1024w, https:\/\/gorskaprzygoda.pl\/wp-content\/uploads\/2017\/01\/Slemenova-Spica-8-300x225.jpg 300w, https:\/\/gorskaprzygoda.pl\/wp-content\/uploads\/2017\/01\/Slemenova-Spica-8-768x576.jpg 768w\" sizes=\"auto, (max-width: 770px) 100vw, 770px\" \/><\/a>\n\t\t\t<\/div>\n\t\t\t\t<figcaption class='wp-caption-text gallery-caption' id='gallery-4-2905'>\n\t\t\t\tUwielbiam, kiedy po horyzont rozci\u0105gaj\u0105 si\u0119 g\u00f3ry \ud83d\ude42\n\t\t\t\t<\/figcaption><\/figure><figure class='gallery-item'>\n\t\t\t<div class='gallery-icon landscape'>\n\t\t\t\t<a href='https:\/\/gorskaprzygoda.pl\/wp-content\/uploads\/2017\/01\/Slemenova-Spica-9.jpg'><img loading=\"lazy\" decoding=\"async\" data-attachment-id=\"2906\" data-orig-file=\"https:\/\/gorskaprzygoda.pl\/wp-content\/uploads\/2017\/01\/Slemenova-Spica-9.jpg\" data-orig-size=\"1920,1440\" data-comments-opened=\"1\" data-image-meta=\"{&quot;aperture&quot;:&quot;3.2&quot;,&quot;credit&quot;:&quot;&quot;,&quot;camera&quot;:&quot;COOLPIX S2900&quot;,&quot;caption&quot;:&quot;&quot;,&quot;created_timestamp&quot;:&quot;1472721136&quot;,&quot;copyright&quot;:&quot;&quot;,&quot;focal_length&quot;:&quot;4.6&quot;,&quot;iso&quot;:&quot;80&quot;,&quot;shutter_speed&quot;:&quot;0.002&quot;,&quot;title&quot;:&quot;&quot;,&quot;orientation&quot;:&quot;0&quot;,&quot;keywords&quot;:&quot;Array&quot;}\" data-image-title=\"Slemenova Spica-9\" data-image-description=\"\" data-medium-file=\"https:\/\/gorskaprzygoda.pl\/wp-content\/uploads\/2017\/01\/Slemenova-Spica-9-300x225.jpg\" data-large-file=\"https:\/\/gorskaprzygoda.pl\/wp-content\/uploads\/2017\/01\/Slemenova-Spica-9-1024x768.jpg\" width=\"770\" height=\"578\" src=\"https:\/\/gorskaprzygoda.pl\/wp-content\/uploads\/2017\/01\/Slemenova-Spica-9-1024x768.jpg\" class=\"attachment-large size-large\" alt=\"\" aria-describedby=\"gallery-4-2906\" srcset=\"https:\/\/gorskaprzygoda.pl\/wp-content\/uploads\/2017\/01\/Slemenova-Spica-9-1024x768.jpg 1024w, https:\/\/gorskaprzygoda.pl\/wp-content\/uploads\/2017\/01\/Slemenova-Spica-9-300x225.jpg 300w, https:\/\/gorskaprzygoda.pl\/wp-content\/uploads\/2017\/01\/Slemenova-Spica-9-768x576.jpg 768w\" sizes=\"auto, (max-width: 770px) 100vw, 770px\" \/><\/a>\n\t\t\t<\/div>\n\t\t\t\t<figcaption class='wp-caption-text gallery-caption' id='gallery-4-2906'>\n\t\t\t\tMa\u0142a Mojstrowka\n\t\t\t\t<\/figcaption><\/figure><figure class='gallery-item'>\n\t\t\t<div class='gallery-icon landscape'>\n\t\t\t\t<a href='https:\/\/gorskaprzygoda.pl\/wp-content\/uploads\/2017\/01\/Slemenova-Spica-10.jpg'><img loading=\"lazy\" decoding=\"async\" data-attachment-id=\"2907\" data-orig-file=\"https:\/\/gorskaprzygoda.pl\/wp-content\/uploads\/2017\/01\/Slemenova-Spica-10.jpg\" data-orig-size=\"1920,1440\" data-comments-opened=\"1\" data-image-meta=\"{&quot;aperture&quot;:&quot;3.2&quot;,&quot;credit&quot;:&quot;&quot;,&quot;camera&quot;:&quot;COOLPIX S2900&quot;,&quot;caption&quot;:&quot;&quot;,&quot;created_timestamp&quot;:&quot;1472721432&quot;,&quot;copyright&quot;:&quot;&quot;,&quot;focal_length&quot;:&quot;4.6&quot;,&quot;iso&quot;:&quot;80&quot;,&quot;shutter_speed&quot;:&quot;0.0015625&quot;,&quot;title&quot;:&quot;&quot;,&quot;orientation&quot;:&quot;0&quot;,&quot;keywords&quot;:&quot;Array&quot;}\" data-image-title=\"Slemenova Spica-10\" data-image-description=\"\" data-medium-file=\"https:\/\/gorskaprzygoda.pl\/wp-content\/uploads\/2017\/01\/Slemenova-Spica-10-300x225.jpg\" data-large-file=\"https:\/\/gorskaprzygoda.pl\/wp-content\/uploads\/2017\/01\/Slemenova-Spica-10-1024x768.jpg\" width=\"770\" height=\"578\" src=\"https:\/\/gorskaprzygoda.pl\/wp-content\/uploads\/2017\/01\/Slemenova-Spica-10-1024x768.jpg\" class=\"attachment-large size-large\" alt=\"\" aria-describedby=\"gallery-4-2907\" srcset=\"https:\/\/gorskaprzygoda.pl\/wp-content\/uploads\/2017\/01\/Slemenova-Spica-10-1024x768.jpg 1024w, https:\/\/gorskaprzygoda.pl\/wp-content\/uploads\/2017\/01\/Slemenova-Spica-10-300x225.jpg 300w, https:\/\/gorskaprzygoda.pl\/wp-content\/uploads\/2017\/01\/Slemenova-Spica-10-768x576.jpg 768w\" sizes=\"auto, (max-width: 770px) 100vw, 770px\" \/><\/a>\n\t\t\t<\/div>\n\t\t\t\t<figcaption class='wp-caption-text gallery-caption' id='gallery-4-2907'>\n\t\t\t\tI jeszcze raz Ma\u0142a Mojstrovka w pe\u0142nej okaza\u0142o\u015bci\n\t\t\t\t<\/figcaption><\/figure>\n\t\t<\/div>\n\n<p style=\"text-align: justify;\">Zapowiada\u0142 si\u0119 fantastyczny dzie\u0144! W promieniach porannego s\u0142o\u0144ca skierowali\u015bmy nasze kroki w stron\u0119 prze\u0142\u0105czki Vratica znanej mi ju\u017c z wcze\u015bniejszego wypadu na <a href=\"https:\/\/gorskaprzygoda.pl\/index.php\/2016\/06\/30\/ferrata-mala-mojstrovka\/\"><strong>Ma\u0142\u0105 Mojstrovk\u0119<\/strong><\/a>, kt\u00f3r\u0105 mieli\u015bmy okazj\u0119 podziwia\u0107 w zupe\u0142nie innej ni\u017c wtedy, rewelacyjnej scenerii. Od razu wr\u00f3ci\u0142y wspomnienia i obrazy z tamtego wyjazdu. Z prze\u0142\u0105czki poszli\u015bmy w kierunku <strong>Slemenovej \u0160picy (1911 m)<\/strong>. Niepozorny wierzcho\u0142ek, ci\u0119\u017cko nazwa\u0107 szczytem, ale widoki jakie oferuje przekraczaj\u0105 wszelkie wyobra\u017cenia. Po wej\u015bciu na jego czubek naszym oczom ukaza\u0142a si\u0119 fenomenalna, bajeczna, zjawiskowa, zachwycaj\u0105ca, niewyobra\u017calnie cudowna itd. panorama na najpi\u0119kniejszy szczyt <a href=\"https:\/\/gorskaprzygoda.pl\/index.php\/tag\/slowenia\/\"><strong>S\u0142owenii<\/strong><\/a> \u2013 <strong>Jalovec<\/strong>. Nie potrafi\u0119 w \u017cadnych s\u0142owach, ani przy pomocy \u017cadnych zdj\u0119\u0107 odda\u0107 tamtej chwili. Ten widok zapieraj\u0105cy dech w piersi, zapach trawy, poczucie odosobnienia, b\u0142oga cisza pozwalaj\u0105ca us\u0142ysze\u0107 ko\u0142atanie serca, po prostu poezja! \u017bycz\u0119 ka\u017cdemu, aby znalaz\u0142 takie swoje miejsce i do\u015bwiadczy\u0142 czego\u015b podobnego \ud83d\ude42<\/p>\n<div data-carousel-extra='{\"blog_id\":1,\"permalink\":\"https:\\\/\\\/gorskaprzygoda.pl\\\/index.php\\\/2017\\\/01\\\/06\\\/slemenova-spica\\\/\"}' id='gallery-6' class='gallery galleryid-944 gallery-columns-2 gallery-size-large'><figure class='gallery-item'>\n\t\t\t<div class='gallery-icon landscape'>\n\t\t\t\t<a href='https:\/\/gorskaprzygoda.pl\/wp-content\/uploads\/2017\/01\/Slemenova-Spica-11.jpg'><img loading=\"lazy\" decoding=\"async\" data-attachment-id=\"2908\" data-orig-file=\"https:\/\/gorskaprzygoda.pl\/wp-content\/uploads\/2017\/01\/Slemenova-Spica-11.jpg\" data-orig-size=\"1920,1440\" data-comments-opened=\"1\" data-image-meta=\"{&quot;aperture&quot;:&quot;3.9&quot;,&quot;credit&quot;:&quot;&quot;,&quot;camera&quot;:&quot;COOLPIX S2900&quot;,&quot;caption&quot;:&quot;&quot;,&quot;created_timestamp&quot;:&quot;1472722415&quot;,&quot;copyright&quot;:&quot;&quot;,&quot;focal_length&quot;:&quot;6.7&quot;,&quot;iso&quot;:&quot;80&quot;,&quot;shutter_speed&quot;:&quot;0.001&quot;,&quot;title&quot;:&quot;&quot;,&quot;orientation&quot;:&quot;0&quot;,&quot;keywords&quot;:&quot;Array&quot;}\" data-image-title=\"Slemenova Spica-11\" data-image-description=\"\" data-medium-file=\"https:\/\/gorskaprzygoda.pl\/wp-content\/uploads\/2017\/01\/Slemenova-Spica-11-300x225.jpg\" data-large-file=\"https:\/\/gorskaprzygoda.pl\/wp-content\/uploads\/2017\/01\/Slemenova-Spica-11-1024x768.jpg\" width=\"770\" height=\"578\" src=\"https:\/\/gorskaprzygoda.pl\/wp-content\/uploads\/2017\/01\/Slemenova-Spica-11-1024x768.jpg\" class=\"attachment-large size-large\" alt=\"\" aria-describedby=\"gallery-6-2908\" srcset=\"https:\/\/gorskaprzygoda.pl\/wp-content\/uploads\/2017\/01\/Slemenova-Spica-11-1024x768.jpg 1024w, https:\/\/gorskaprzygoda.pl\/wp-content\/uploads\/2017\/01\/Slemenova-Spica-11-300x225.jpg 300w, https:\/\/gorskaprzygoda.pl\/wp-content\/uploads\/2017\/01\/Slemenova-Spica-11-768x576.jpg 768w\" sizes=\"auto, (max-width: 770px) 100vw, 770px\" \/><\/a>\n\t\t\t<\/div>\n\t\t\t\t<figcaption class='wp-caption-text gallery-caption' id='gallery-6-2908'>\n\t\t\t\tOto i on, Jalovec! Zdecydowanie najpi\u0119kniejsza g\u00f3ra w Alpach Julijskich!\n\t\t\t\t<\/figcaption><\/figure><figure class='gallery-item'>\n\t\t\t<div class='gallery-icon landscape'>\n\t\t\t\t<a href='https:\/\/gorskaprzygoda.pl\/wp-content\/uploads\/2017\/01\/Slemenova-Spica-12.jpg'><img loading=\"lazy\" decoding=\"async\" data-attachment-id=\"2909\" data-orig-file=\"https:\/\/gorskaprzygoda.pl\/wp-content\/uploads\/2017\/01\/Slemenova-Spica-12.jpg\" data-orig-size=\"1920,1440\" data-comments-opened=\"1\" data-image-meta=\"{&quot;aperture&quot;:&quot;3.2&quot;,&quot;credit&quot;:&quot;&quot;,&quot;camera&quot;:&quot;COOLPIX S2900&quot;,&quot;caption&quot;:&quot;&quot;,&quot;created_timestamp&quot;:&quot;1472722860&quot;,&quot;copyright&quot;:&quot;&quot;,&quot;focal_length&quot;:&quot;4.6&quot;,&quot;iso&quot;:&quot;80&quot;,&quot;shutter_speed&quot;:&quot;0.0008&quot;,&quot;title&quot;:&quot;&quot;,&quot;orientation&quot;:&quot;0&quot;,&quot;keywords&quot;:&quot;Array&quot;}\" data-image-title=\"Slemenova Spica-12\" data-image-description=\"\" data-medium-file=\"https:\/\/gorskaprzygoda.pl\/wp-content\/uploads\/2017\/01\/Slemenova-Spica-12-300x225.jpg\" data-large-file=\"https:\/\/gorskaprzygoda.pl\/wp-content\/uploads\/2017\/01\/Slemenova-Spica-12-1024x768.jpg\" width=\"770\" height=\"578\" src=\"https:\/\/gorskaprzygoda.pl\/wp-content\/uploads\/2017\/01\/Slemenova-Spica-12-1024x768.jpg\" class=\"attachment-large size-large\" alt=\"\" aria-describedby=\"gallery-6-2909\" srcset=\"https:\/\/gorskaprzygoda.pl\/wp-content\/uploads\/2017\/01\/Slemenova-Spica-12-1024x768.jpg 1024w, https:\/\/gorskaprzygoda.pl\/wp-content\/uploads\/2017\/01\/Slemenova-Spica-12-300x225.jpg 300w, https:\/\/gorskaprzygoda.pl\/wp-content\/uploads\/2017\/01\/Slemenova-Spica-12-768x576.jpg 768w\" sizes=\"auto, (max-width: 770px) 100vw, 770px\" \/><\/a>\n\t\t\t<\/div>\n\t\t\t\t<figcaption class='wp-caption-text gallery-caption' id='gallery-6-2909'>\n\t\t\t\t\u2026 i jeszcze raz Jalovec \ud83d\ude42\n\t\t\t\t<\/figcaption><\/figure><figure class='gallery-item'>\n\t\t\t<div class='gallery-icon landscape'>\n\t\t\t\t<a href='https:\/\/gorskaprzygoda.pl\/wp-content\/uploads\/2017\/01\/Slemenova-Spica-13.jpg'><img loading=\"lazy\" decoding=\"async\" data-attachment-id=\"2910\" data-orig-file=\"https:\/\/gorskaprzygoda.pl\/wp-content\/uploads\/2017\/01\/Slemenova-Spica-13.jpg\" data-orig-size=\"1920,1440\" data-comments-opened=\"1\" data-image-meta=\"{&quot;aperture&quot;:&quot;4.9&quot;,&quot;credit&quot;:&quot;&quot;,&quot;camera&quot;:&quot;COOLPIX S2900&quot;,&quot;caption&quot;:&quot;&quot;,&quot;created_timestamp&quot;:&quot;1472722875&quot;,&quot;copyright&quot;:&quot;&quot;,&quot;focal_length&quot;:&quot;10&quot;,&quot;iso&quot;:&quot;80&quot;,&quot;shutter_speed&quot;:&quot;0.00125&quot;,&quot;title&quot;:&quot;&quot;,&quot;orientation&quot;:&quot;0&quot;,&quot;keywords&quot;:&quot;Array&quot;}\" data-image-title=\"Slemenova Spica-13\" data-image-description=\"\" data-medium-file=\"https:\/\/gorskaprzygoda.pl\/wp-content\/uploads\/2017\/01\/Slemenova-Spica-13-300x225.jpg\" data-large-file=\"https:\/\/gorskaprzygoda.pl\/wp-content\/uploads\/2017\/01\/Slemenova-Spica-13-1024x768.jpg\" width=\"770\" height=\"578\" src=\"https:\/\/gorskaprzygoda.pl\/wp-content\/uploads\/2017\/01\/Slemenova-Spica-13-1024x768.jpg\" class=\"attachment-large size-large\" alt=\"\" aria-describedby=\"gallery-6-2910\" srcset=\"https:\/\/gorskaprzygoda.pl\/wp-content\/uploads\/2017\/01\/Slemenova-Spica-13-1024x768.jpg 1024w, https:\/\/gorskaprzygoda.pl\/wp-content\/uploads\/2017\/01\/Slemenova-Spica-13-300x225.jpg 300w, https:\/\/gorskaprzygoda.pl\/wp-content\/uploads\/2017\/01\/Slemenova-Spica-13-768x576.jpg 768w\" sizes=\"auto, (max-width: 770px) 100vw, 770px\" \/><\/a>\n\t\t\t<\/div>\n\t\t\t\t<figcaption class='wp-caption-text gallery-caption' id='gallery-6-2910'>\n\t\t\t\tZbli\u017cenie na majestatyczn\u0105 sylwetk\u0119 Jalovca. Taki s\u0142owe\u0144ski Matterhorn \ud83d\ude42\n\t\t\t\t<\/figcaption><\/figure><figure class='gallery-item'>\n\t\t\t<div class='gallery-icon landscape'>\n\t\t\t\t<a href='https:\/\/gorskaprzygoda.pl\/wp-content\/uploads\/2017\/01\/Slemenova-Spica-15.jpg'><img loading=\"lazy\" decoding=\"async\" data-attachment-id=\"2912\" data-orig-file=\"https:\/\/gorskaprzygoda.pl\/wp-content\/uploads\/2017\/01\/Slemenova-Spica-15.jpg\" data-orig-size=\"1920,1440\" data-comments-opened=\"1\" data-image-meta=\"{&quot;aperture&quot;:&quot;3.2&quot;,&quot;credit&quot;:&quot;&quot;,&quot;camera&quot;:&quot;COOLPIX S2900&quot;,&quot;caption&quot;:&quot;&quot;,&quot;created_timestamp&quot;:&quot;1472722945&quot;,&quot;copyright&quot;:&quot;&quot;,&quot;focal_length&quot;:&quot;4.6&quot;,&quot;iso&quot;:&quot;80&quot;,&quot;shutter_speed&quot;:&quot;0.00125&quot;,&quot;title&quot;:&quot;&quot;,&quot;orientation&quot;:&quot;0&quot;,&quot;keywords&quot;:&quot;Array&quot;}\" data-image-title=\"Slemenova Spica-15\" data-image-description=\"\" data-medium-file=\"https:\/\/gorskaprzygoda.pl\/wp-content\/uploads\/2017\/01\/Slemenova-Spica-15-300x225.jpg\" data-large-file=\"https:\/\/gorskaprzygoda.pl\/wp-content\/uploads\/2017\/01\/Slemenova-Spica-15-1024x768.jpg\" width=\"770\" height=\"578\" src=\"https:\/\/gorskaprzygoda.pl\/wp-content\/uploads\/2017\/01\/Slemenova-Spica-15-1024x768.jpg\" class=\"attachment-large size-large\" alt=\"\" srcset=\"https:\/\/gorskaprzygoda.pl\/wp-content\/uploads\/2017\/01\/Slemenova-Spica-15-1024x768.jpg 1024w, https:\/\/gorskaprzygoda.pl\/wp-content\/uploads\/2017\/01\/Slemenova-Spica-15-300x225.jpg 300w, https:\/\/gorskaprzygoda.pl\/wp-content\/uploads\/2017\/01\/Slemenova-Spica-15-768x576.jpg 768w\" sizes=\"auto, (max-width: 770px) 100vw, 770px\" \/><\/a>\n\t\t\t<\/div><\/figure><figure class='gallery-item'>\n\t\t\t<div class='gallery-icon landscape'>\n\t\t\t\t<a href='https:\/\/gorskaprzygoda.pl\/wp-content\/uploads\/2017\/01\/Slemenova-Spica-14.jpg'><img loading=\"lazy\" decoding=\"async\" data-attachment-id=\"2911\" data-orig-file=\"https:\/\/gorskaprzygoda.pl\/wp-content\/uploads\/2017\/01\/Slemenova-Spica-14.jpg\" data-orig-size=\"1920,1440\" data-comments-opened=\"1\" data-image-meta=\"{&quot;aperture&quot;:&quot;3.2&quot;,&quot;credit&quot;:&quot;&quot;,&quot;camera&quot;:&quot;COOLPIX S2900&quot;,&quot;caption&quot;:&quot;&quot;,&quot;created_timestamp&quot;:&quot;1472722938&quot;,&quot;copyright&quot;:&quot;&quot;,&quot;focal_length&quot;:&quot;4.6&quot;,&quot;iso&quot;:&quot;80&quot;,&quot;shutter_speed&quot;:&quot;0.0008&quot;,&quot;title&quot;:&quot;&quot;,&quot;orientation&quot;:&quot;0&quot;,&quot;keywords&quot;:&quot;Array&quot;}\" data-image-title=\"Slemenova Spica-14\" data-image-description=\"\" data-medium-file=\"https:\/\/gorskaprzygoda.pl\/wp-content\/uploads\/2017\/01\/Slemenova-Spica-14-300x225.jpg\" data-large-file=\"https:\/\/gorskaprzygoda.pl\/wp-content\/uploads\/2017\/01\/Slemenova-Spica-14-1024x768.jpg\" width=\"770\" height=\"578\" src=\"https:\/\/gorskaprzygoda.pl\/wp-content\/uploads\/2017\/01\/Slemenova-Spica-14-1024x768.jpg\" class=\"attachment-large size-large\" alt=\"\" aria-describedby=\"gallery-6-2911\" srcset=\"https:\/\/gorskaprzygoda.pl\/wp-content\/uploads\/2017\/01\/Slemenova-Spica-14-1024x768.jpg 1024w, https:\/\/gorskaprzygoda.pl\/wp-content\/uploads\/2017\/01\/Slemenova-Spica-14-300x225.jpg 300w, https:\/\/gorskaprzygoda.pl\/wp-content\/uploads\/2017\/01\/Slemenova-Spica-14-768x576.jpg 768w\" sizes=\"auto, (max-width: 770px) 100vw, 770px\" \/><\/a>\n\t\t\t<\/div>\n\t\t\t\t<figcaption class='wp-caption-text gallery-caption' id='gallery-6-2911'>\n\t\t\t\tChwilowe spojrzenie w drug\u0105 stron\u0119 na dolin\u0119 Planicy\u2026\n\t\t\t\t<\/figcaption><\/figure><figure class='gallery-item'>\n\t\t\t<div class='gallery-icon landscape'>\n\t\t\t\t<a href='https:\/\/gorskaprzygoda.pl\/wp-content\/uploads\/2017\/01\/Slemenova-Spica-18.jpg'><img loading=\"lazy\" decoding=\"async\" data-attachment-id=\"2915\" data-orig-file=\"https:\/\/gorskaprzygoda.pl\/wp-content\/uploads\/2017\/01\/Slemenova-Spica-18.jpg\" data-orig-size=\"1920,1440\" data-comments-opened=\"1\" data-image-meta=\"{&quot;aperture&quot;:&quot;3.2&quot;,&quot;credit&quot;:&quot;&quot;,&quot;camera&quot;:&quot;COOLPIX S2900&quot;,&quot;caption&quot;:&quot;&quot;,&quot;created_timestamp&quot;:&quot;1472725583&quot;,&quot;copyright&quot;:&quot;&quot;,&quot;focal_length&quot;:&quot;4.6&quot;,&quot;iso&quot;:&quot;800&quot;,&quot;shutter_speed&quot;:&quot;0.00625&quot;,&quot;title&quot;:&quot;&quot;,&quot;orientation&quot;:&quot;0&quot;,&quot;keywords&quot;:&quot;Array&quot;}\" data-image-title=\"Slemenova Spica-18\" data-image-description=\"\" data-medium-file=\"https:\/\/gorskaprzygoda.pl\/wp-content\/uploads\/2017\/01\/Slemenova-Spica-18-300x225.jpg\" data-large-file=\"https:\/\/gorskaprzygoda.pl\/wp-content\/uploads\/2017\/01\/Slemenova-Spica-18-1024x768.jpg\" width=\"770\" height=\"578\" src=\"https:\/\/gorskaprzygoda.pl\/wp-content\/uploads\/2017\/01\/Slemenova-Spica-18-1024x768.jpg\" class=\"attachment-large size-large\" alt=\"\" aria-describedby=\"gallery-6-2915\" srcset=\"https:\/\/gorskaprzygoda.pl\/wp-content\/uploads\/2017\/01\/Slemenova-Spica-18-1024x768.jpg 1024w, https:\/\/gorskaprzygoda.pl\/wp-content\/uploads\/2017\/01\/Slemenova-Spica-18-300x225.jpg 300w, https:\/\/gorskaprzygoda.pl\/wp-content\/uploads\/2017\/01\/Slemenova-Spica-18-768x576.jpg 768w\" sizes=\"auto, (max-width: 770px) 100vw, 770px\" \/><\/a>\n\t\t\t<\/div>\n\t\t\t\t<figcaption class='wp-caption-text gallery-caption' id='gallery-6-2915'>\n\t\t\t\tZa ka\u017cdym razem w Alpach Julijskich udaje mi si\u0119 spotka\u0107 salamandr\u0119 czarn\u0105.\n\t\t\t\t<\/figcaption><\/figure><figure class='gallery-item'>\n\t\t\t<div class='gallery-icon landscape'>\n\t\t\t\t<a href='https:\/\/gorskaprzygoda.pl\/wp-content\/uploads\/2017\/01\/Slemenova-Spica-17.jpg'><img loading=\"lazy\" decoding=\"async\" data-attachment-id=\"2914\" data-orig-file=\"https:\/\/gorskaprzygoda.pl\/wp-content\/uploads\/2017\/01\/Slemenova-Spica-17.jpg\" data-orig-size=\"1920,1440\" data-comments-opened=\"1\" data-image-meta=\"{&quot;aperture&quot;:&quot;4.5&quot;,&quot;credit&quot;:&quot;&quot;,&quot;camera&quot;:&quot;COOLPIX S2900&quot;,&quot;caption&quot;:&quot;&quot;,&quot;created_timestamp&quot;:&quot;1472723378&quot;,&quot;copyright&quot;:&quot;&quot;,&quot;focal_length&quot;:&quot;8.8&quot;,&quot;iso&quot;:&quot;80&quot;,&quot;shutter_speed&quot;:&quot;0.002&quot;,&quot;title&quot;:&quot;&quot;,&quot;orientation&quot;:&quot;0&quot;,&quot;keywords&quot;:&quot;Array&quot;}\" data-image-title=\"Slemenova Spica-17\" data-image-description=\"\" data-medium-file=\"https:\/\/gorskaprzygoda.pl\/wp-content\/uploads\/2017\/01\/Slemenova-Spica-17-300x225.jpg\" data-large-file=\"https:\/\/gorskaprzygoda.pl\/wp-content\/uploads\/2017\/01\/Slemenova-Spica-17-1024x768.jpg\" width=\"770\" height=\"578\" src=\"https:\/\/gorskaprzygoda.pl\/wp-content\/uploads\/2017\/01\/Slemenova-Spica-17-1024x768.jpg\" class=\"attachment-large size-large\" alt=\"\" aria-describedby=\"gallery-6-2914\" srcset=\"https:\/\/gorskaprzygoda.pl\/wp-content\/uploads\/2017\/01\/Slemenova-Spica-17-1024x768.jpg 1024w, https:\/\/gorskaprzygoda.pl\/wp-content\/uploads\/2017\/01\/Slemenova-Spica-17-300x225.jpg 300w, https:\/\/gorskaprzygoda.pl\/wp-content\/uploads\/2017\/01\/Slemenova-Spica-17-768x576.jpg 768w\" sizes=\"auto, (max-width: 770px) 100vw, 770px\" \/><\/a>\n\t\t\t<\/div>\n\t\t\t\t<figcaption class='wp-caption-text gallery-caption' id='gallery-6-2914'>\n\t\t\t\tI jak opuszcza\u0107 takie miejsce??\n\t\t\t\t<\/figcaption><\/figure><figure class='gallery-item'>\n\t\t\t<div class='gallery-icon portrait'>\n\t\t\t\t<a href='https:\/\/gorskaprzygoda.pl\/wp-content\/uploads\/2017\/01\/Slemenova-Spica-16.jpg'><img loading=\"lazy\" decoding=\"async\" data-attachment-id=\"2913\" data-orig-file=\"https:\/\/gorskaprzygoda.pl\/wp-content\/uploads\/2017\/01\/Slemenova-Spica-16.jpg\" data-orig-size=\"1080,1440\" data-comments-opened=\"1\" data-image-meta=\"{&quot;aperture&quot;:&quot;4.2&quot;,&quot;credit&quot;:&quot;&quot;,&quot;camera&quot;:&quot;COOLPIX S2900&quot;,&quot;caption&quot;:&quot;&quot;,&quot;created_timestamp&quot;:&quot;1472723295&quot;,&quot;copyright&quot;:&quot;&quot;,&quot;focal_length&quot;:&quot;7.7&quot;,&quot;iso&quot;:&quot;80&quot;,&quot;shutter_speed&quot;:&quot;0.00125&quot;,&quot;title&quot;:&quot;&quot;,&quot;orientation&quot;:&quot;0&quot;,&quot;keywords&quot;:&quot;Array&quot;}\" data-image-title=\"Slemenova Spica-16\" data-image-description=\"\" data-medium-file=\"https:\/\/gorskaprzygoda.pl\/wp-content\/uploads\/2017\/01\/Slemenova-Spica-16-225x300.jpg\" data-large-file=\"https:\/\/gorskaprzygoda.pl\/wp-content\/uploads\/2017\/01\/Slemenova-Spica-16-768x1024.jpg\" width=\"768\" height=\"1024\" src=\"https:\/\/gorskaprzygoda.pl\/wp-content\/uploads\/2017\/01\/Slemenova-Spica-16-768x1024.jpg\" class=\"attachment-large size-large\" alt=\"\" aria-describedby=\"gallery-6-2913\" srcset=\"https:\/\/gorskaprzygoda.pl\/wp-content\/uploads\/2017\/01\/Slemenova-Spica-16-768x1024.jpg 768w, https:\/\/gorskaprzygoda.pl\/wp-content\/uploads\/2017\/01\/Slemenova-Spica-16-225x300.jpg 225w, https:\/\/gorskaprzygoda.pl\/wp-content\/uploads\/2017\/01\/Slemenova-Spica-16.jpg 1080w\" sizes=\"auto, (max-width: 768px) 100vw, 768px\" \/><\/a>\n\t\t\t<\/div>\n\t\t\t\t<figcaption class='wp-caption-text gallery-caption' id='gallery-6-2913'>\n\t\t\t\tI zn\u00f3w Jalovec \ud83d\ude42 Trudno by\u0142o oderwa\u0107 od niego wzrok.\n\t\t\t\t<\/figcaption><\/figure>\n\t\t<\/div>\n\n<p style=\"text-align: justify;\">Z b\u00f3lem serca za\u0142o\u017cyli\u015bmy plecaki na siebie i poszli\u015bmy dalej w stron\u0119 <strong>doliny Tamar<\/strong>, gdzie dotarli\u015bmy do schroniska. Przeszli\u015bmy obok niego bez zatrzymywania, poniewa\u017c jak najszybciej chcieli\u015bmy poczu\u0107 si\u0119 jak skoczkowie na belce mamuta w <strong>Planicy<\/strong>. W ko\u0144cu przed nami wyr\u00f3s\u0142 kompleks skoczni narciarskich i ona, kr\u00f3lowa skoczni, <strong>Letalnica<\/strong>. Podekscytowani, w podskokach, skierowali\u015bmy si\u0119 do Centrum Informacji Turystycznej w celu zakupu bilet\u00f3w na Zip Line. Dla przypomnienia Zip Line to kolejka tyrolska rozci\u0105gaj\u0105ca si\u0119 z samej g\u00f3ry mamuciej skoczni, a\u017c po sam koniec zeskoku, gdzie w czasie zawod\u00f3w znajduj\u0105 si\u0119 bandy reklamowe. Ma ona <strong>d\u0142ugo\u015b\u0107 566 m<\/strong>, a w czasie zjazdu osi\u0105ga si\u0119 na niej pr\u0119dko\u015b\u0107 <strong>85 km\/h<\/strong>. Moc wra\u017ce\u0144 gwarantowana. Z bananami na twarzy zagadali\u015bmy o bilety i w odpowiedzi us\u0142yszeli\u015bmy wyrok: \u201ePrzykro mi, ale w dniu dzisiejszym Zip Line jest nieczynny z powodu dnia serwisowego\u201d.<\/p>\n<p style=\"text-align: justify;\">No szlak by to trafi\u0142! W czerwcu la\u0142o jak z cebra, w czasie drogi z <a href=\"https:\/\/gorskaprzygoda.pl\/index.php\/2016\/11\/21\/wejscie-na-mangart-ferrata-via-slovena\/\"><strong>Mangartu<\/strong> <\/a>na Chorwacj\u0119 by\u0142 weekend i wszystkie bilety by\u0142y wykupione, a teraz jak na z\u0142o\u015b\u0107 dzie\u0144 serwisowy! Znowu nic z tego \ud83d\ude41 Trzeba b\u0119dzie tutaj wr\u00f3ci\u0107! W sumie do tego nie trzeba b\u0119dzie mnie specjalnie namawia\u0107. Zawiedzeni i ze spuszczonymi g\u0142owami maj\u0105c troch\u0119 czasu w zapasie skorzystali\u015bmy z okazji i weszli\u015bmy na sam\u0105 g\u00f3r\u0119 skoczni, gdzie znajduje si\u0119 belka startowa i ca\u0142e zaplecze skoczk\u00f3w. Sporo trzeba by\u0142o pokona\u0107 schodk\u00f3w wzd\u0142u\u017c zeskoku, ale widoki z g\u00f3ry wynagrodzi\u0142y nam trudy podej\u015bcia. Zawsze uwa\u017ca\u0142em, \u017ce skoczkowie maj\u0105 co\u015b z wariata (np. wystarczy przecie\u017c spojrze\u0107 na naszego Piotrka \u017by\u0142\u0119 \ud83d\ude00 ), bo nikt normalny nie pu\u015bci\u0142by si\u0119 belki startowej maj\u0105c przed sob\u0105 taki widok.<\/p>\n<div data-carousel-extra='{\"blog_id\":1,\"permalink\":\"https:\\\/\\\/gorskaprzygoda.pl\\\/index.php\\\/2017\\\/01\\\/06\\\/slemenova-spica\\\/\"}' id='gallery-8' class='gallery galleryid-944 gallery-columns-3 gallery-size-large'><figure class='gallery-item'>\n\t\t\t<div class='gallery-icon landscape'>\n\t\t\t\t<a href='https:\/\/gorskaprzygoda.pl\/wp-content\/uploads\/2017\/01\/Slemenova-Spica-21.jpg'><img loading=\"lazy\" decoding=\"async\" data-attachment-id=\"2918\" data-orig-file=\"https:\/\/gorskaprzygoda.pl\/wp-content\/uploads\/2017\/01\/Slemenova-Spica-21.jpg\" data-orig-size=\"1920,1440\" data-comments-opened=\"1\" data-image-meta=\"{&quot;aperture&quot;:&quot;3.2&quot;,&quot;credit&quot;:&quot;&quot;,&quot;camera&quot;:&quot;COOLPIX S2900&quot;,&quot;caption&quot;:&quot;&quot;,&quot;created_timestamp&quot;:&quot;1472733240&quot;,&quot;copyright&quot;:&quot;&quot;,&quot;focal_length&quot;:&quot;4.6&quot;,&quot;iso&quot;:&quot;80&quot;,&quot;shutter_speed&quot;:&quot;0.002&quot;,&quot;title&quot;:&quot;&quot;,&quot;orientation&quot;:&quot;0&quot;,&quot;keywords&quot;:&quot;Array&quot;}\" data-image-title=\"Slemenova Spica-21\" data-image-description=\"\" data-medium-file=\"https:\/\/gorskaprzygoda.pl\/wp-content\/uploads\/2017\/01\/Slemenova-Spica-21-300x225.jpg\" data-large-file=\"https:\/\/gorskaprzygoda.pl\/wp-content\/uploads\/2017\/01\/Slemenova-Spica-21-1024x768.jpg\" width=\"770\" height=\"578\" src=\"https:\/\/gorskaprzygoda.pl\/wp-content\/uploads\/2017\/01\/Slemenova-Spica-21-1024x768.jpg\" class=\"attachment-large size-large\" alt=\"\" srcset=\"https:\/\/gorskaprzygoda.pl\/wp-content\/uploads\/2017\/01\/Slemenova-Spica-21-1024x768.jpg 1024w, https:\/\/gorskaprzygoda.pl\/wp-content\/uploads\/2017\/01\/Slemenova-Spica-21-300x225.jpg 300w, https:\/\/gorskaprzygoda.pl\/wp-content\/uploads\/2017\/01\/Slemenova-Spica-21-768x576.jpg 768w\" sizes=\"auto, (max-width: 770px) 100vw, 770px\" \/><\/a>\n\t\t\t<\/div><\/figure><figure class='gallery-item'>\n\t\t\t<div class='gallery-icon landscape'>\n\t\t\t\t<a href='https:\/\/gorskaprzygoda.pl\/wp-content\/uploads\/2017\/01\/Slemenova-Spica-22.jpg'><img loading=\"lazy\" decoding=\"async\" data-attachment-id=\"2919\" data-orig-file=\"https:\/\/gorskaprzygoda.pl\/wp-content\/uploads\/2017\/01\/Slemenova-Spica-22.jpg\" data-orig-size=\"1920,1440\" data-comments-opened=\"1\" data-image-meta=\"{&quot;aperture&quot;:&quot;3.2&quot;,&quot;credit&quot;:&quot;&quot;,&quot;camera&quot;:&quot;COOLPIX S2900&quot;,&quot;caption&quot;:&quot;&quot;,&quot;created_timestamp&quot;:&quot;1472735323&quot;,&quot;copyright&quot;:&quot;&quot;,&quot;focal_length&quot;:&quot;4.6&quot;,&quot;iso&quot;:&quot;80&quot;,&quot;shutter_speed&quot;:&quot;0.000625&quot;,&quot;title&quot;:&quot;&quot;,&quot;orientation&quot;:&quot;0&quot;,&quot;keywords&quot;:&quot;Array&quot;}\" data-image-title=\"Slemenova Spica-22\" data-image-description=\"\" data-medium-file=\"https:\/\/gorskaprzygoda.pl\/wp-content\/uploads\/2017\/01\/Slemenova-Spica-22-300x225.jpg\" data-large-file=\"https:\/\/gorskaprzygoda.pl\/wp-content\/uploads\/2017\/01\/Slemenova-Spica-22-1024x768.jpg\" width=\"770\" height=\"578\" src=\"https:\/\/gorskaprzygoda.pl\/wp-content\/uploads\/2017\/01\/Slemenova-Spica-22-1024x768.jpg\" class=\"attachment-large size-large\" alt=\"\" srcset=\"https:\/\/gorskaprzygoda.pl\/wp-content\/uploads\/2017\/01\/Slemenova-Spica-22-1024x768.jpg 1024w, https:\/\/gorskaprzygoda.pl\/wp-content\/uploads\/2017\/01\/Slemenova-Spica-22-300x225.jpg 300w, https:\/\/gorskaprzygoda.pl\/wp-content\/uploads\/2017\/01\/Slemenova-Spica-22-768x576.jpg 768w\" sizes=\"auto, (max-width: 770px) 100vw, 770px\" \/><\/a>\n\t\t\t<\/div><\/figure><figure class='gallery-item'>\n\t\t\t<div class='gallery-icon landscape'>\n\t\t\t\t<a href='https:\/\/gorskaprzygoda.pl\/wp-content\/uploads\/2017\/01\/Slemenova-Spica-23.jpg'><img loading=\"lazy\" decoding=\"async\" data-attachment-id=\"2920\" data-orig-file=\"https:\/\/gorskaprzygoda.pl\/wp-content\/uploads\/2017\/01\/Slemenova-Spica-23.jpg\" data-orig-size=\"1920,1440\" data-comments-opened=\"1\" data-image-meta=\"{&quot;aperture&quot;:&quot;3.2&quot;,&quot;credit&quot;:&quot;&quot;,&quot;camera&quot;:&quot;COOLPIX S2900&quot;,&quot;caption&quot;:&quot;&quot;,&quot;created_timestamp&quot;:&quot;1472735334&quot;,&quot;copyright&quot;:&quot;&quot;,&quot;focal_length&quot;:&quot;4.6&quot;,&quot;iso&quot;:&quot;80&quot;,&quot;shutter_speed&quot;:&quot;0.002&quot;,&quot;title&quot;:&quot;&quot;,&quot;orientation&quot;:&quot;0&quot;,&quot;keywords&quot;:&quot;Array&quot;}\" data-image-title=\"Slemenova Spica-23\" data-image-description=\"\" data-medium-file=\"https:\/\/gorskaprzygoda.pl\/wp-content\/uploads\/2017\/01\/Slemenova-Spica-23-300x225.jpg\" data-large-file=\"https:\/\/gorskaprzygoda.pl\/wp-content\/uploads\/2017\/01\/Slemenova-Spica-23-1024x768.jpg\" width=\"770\" height=\"578\" src=\"https:\/\/gorskaprzygoda.pl\/wp-content\/uploads\/2017\/01\/Slemenova-Spica-23-1024x768.jpg\" class=\"attachment-large size-large\" alt=\"\" srcset=\"https:\/\/gorskaprzygoda.pl\/wp-content\/uploads\/2017\/01\/Slemenova-Spica-23-1024x768.jpg 1024w, https:\/\/gorskaprzygoda.pl\/wp-content\/uploads\/2017\/01\/Slemenova-Spica-23-300x225.jpg 300w, https:\/\/gorskaprzygoda.pl\/wp-content\/uploads\/2017\/01\/Slemenova-Spica-23-768x576.jpg 768w\" sizes=\"auto, (max-width: 770px) 100vw, 770px\" \/><\/a>\n\t\t\t<\/div><\/figure>\n\t\t<\/div>\n\n<div data-carousel-extra='{\"blog_id\":1,\"permalink\":\"https:\\\/\\\/gorskaprzygoda.pl\\\/index.php\\\/2017\\\/01\\\/06\\\/slemenova-spica\\\/\"}' id='gallery-10' class='gallery galleryid-944 gallery-columns-2 gallery-size-large'><figure class='gallery-item'>\n\t\t\t<div class='gallery-icon landscape'>\n\t\t\t\t<a href='https:\/\/gorskaprzygoda.pl\/wp-content\/uploads\/2017\/01\/Slemenova-Spica-24.jpg'><img loading=\"lazy\" decoding=\"async\" data-attachment-id=\"2921\" data-orig-file=\"https:\/\/gorskaprzygoda.pl\/wp-content\/uploads\/2017\/01\/Slemenova-Spica-24.jpg\" data-orig-size=\"1920,1440\" data-comments-opened=\"1\" data-image-meta=\"{&quot;aperture&quot;:&quot;3.2&quot;,&quot;credit&quot;:&quot;&quot;,&quot;camera&quot;:&quot;COOLPIX S2900&quot;,&quot;caption&quot;:&quot;&quot;,&quot;created_timestamp&quot;:&quot;1472735724&quot;,&quot;copyright&quot;:&quot;&quot;,&quot;focal_length&quot;:&quot;4.6&quot;,&quot;iso&quot;:&quot;80&quot;,&quot;shutter_speed&quot;:&quot;0.001&quot;,&quot;title&quot;:&quot;&quot;,&quot;orientation&quot;:&quot;0&quot;,&quot;keywords&quot;:&quot;Array&quot;}\" data-image-title=\"Slemenova Spica-24\" data-image-description=\"\" data-medium-file=\"https:\/\/gorskaprzygoda.pl\/wp-content\/uploads\/2017\/01\/Slemenova-Spica-24-300x225.jpg\" data-large-file=\"https:\/\/gorskaprzygoda.pl\/wp-content\/uploads\/2017\/01\/Slemenova-Spica-24-1024x768.jpg\" width=\"770\" height=\"578\" src=\"https:\/\/gorskaprzygoda.pl\/wp-content\/uploads\/2017\/01\/Slemenova-Spica-24-1024x768.jpg\" class=\"attachment-large size-large\" alt=\"\" srcset=\"https:\/\/gorskaprzygoda.pl\/wp-content\/uploads\/2017\/01\/Slemenova-Spica-24-1024x768.jpg 1024w, https:\/\/gorskaprzygoda.pl\/wp-content\/uploads\/2017\/01\/Slemenova-Spica-24-300x225.jpg 300w, https:\/\/gorskaprzygoda.pl\/wp-content\/uploads\/2017\/01\/Slemenova-Spica-24-768x576.jpg 768w\" sizes=\"auto, (max-width: 770px) 100vw, 770px\" \/><\/a>\n\t\t\t<\/div><\/figure><figure class='gallery-item'>\n\t\t\t<div class='gallery-icon landscape'>\n\t\t\t\t<a href='https:\/\/gorskaprzygoda.pl\/wp-content\/uploads\/2017\/01\/Slemenova-Spica-25.jpg'><img loading=\"lazy\" decoding=\"async\" data-attachment-id=\"2922\" data-orig-file=\"https:\/\/gorskaprzygoda.pl\/wp-content\/uploads\/2017\/01\/Slemenova-Spica-25.jpg\" data-orig-size=\"1920,1440\" data-comments-opened=\"1\" data-image-meta=\"{&quot;aperture&quot;:&quot;3.4&quot;,&quot;credit&quot;:&quot;&quot;,&quot;camera&quot;:&quot;COOLPIX S2900&quot;,&quot;caption&quot;:&quot;&quot;,&quot;created_timestamp&quot;:&quot;1472736195&quot;,&quot;copyright&quot;:&quot;&quot;,&quot;focal_length&quot;:&quot;5.1&quot;,&quot;iso&quot;:&quot;80&quot;,&quot;shutter_speed&quot;:&quot;0.00125&quot;,&quot;title&quot;:&quot;&quot;,&quot;orientation&quot;:&quot;0&quot;,&quot;keywords&quot;:&quot;Array&quot;}\" data-image-title=\"Slemenova Spica-25\" data-image-description=\"\" data-medium-file=\"https:\/\/gorskaprzygoda.pl\/wp-content\/uploads\/2017\/01\/Slemenova-Spica-25-300x225.jpg\" data-large-file=\"https:\/\/gorskaprzygoda.pl\/wp-content\/uploads\/2017\/01\/Slemenova-Spica-25-1024x768.jpg\" width=\"770\" height=\"578\" src=\"https:\/\/gorskaprzygoda.pl\/wp-content\/uploads\/2017\/01\/Slemenova-Spica-25-1024x768.jpg\" class=\"attachment-large size-large\" alt=\"\" srcset=\"https:\/\/gorskaprzygoda.pl\/wp-content\/uploads\/2017\/01\/Slemenova-Spica-25-1024x768.jpg 1024w, https:\/\/gorskaprzygoda.pl\/wp-content\/uploads\/2017\/01\/Slemenova-Spica-25-300x225.jpg 300w, https:\/\/gorskaprzygoda.pl\/wp-content\/uploads\/2017\/01\/Slemenova-Spica-25-768x576.jpg 768w\" sizes=\"auto, (max-width: 770px) 100vw, 770px\" \/><\/a>\n\t\t\t<\/div><\/figure>\n\t\t<\/div>\n\n<p style=\"text-align: justify;\">Po zej\u015bciu na d\u00f3\u0142 wr\u00f3cili\u015bmy pod schronisko <strong>Tamar Dom<\/strong>, gdzie troch\u0119 odpocz\u0119li\u015bmy rozkoszuj\u0105c si\u0119 na \u0142onie przyrody z\u0142ocistym <strong>La\u0161ko<\/strong>. Zanim jednak dotarli\u015bmy pod samo schronisko odbili\u015bmy nieco z g\u0142\u00f3wnego szlaku i podeszli\u015bmy kawa\u0142ek pod niewielki wodospad wyp\u0142ywaj\u0105cy ze zboczy <strong>Poncy<\/strong>. Woda wyp\u0142ywaj\u0105ca ze ska\u0142 stanowi \u017ar\u00f3d\u0142o <strong>rzeki Nadi\u017ea<\/strong>. Nie by\u0142oby w tym nic nadzwyczajnego gdyby nie fakt, \u017ce ju\u017c po zaledwie <strong>300 m<\/strong> strumie\u0144 zanika w warstwach \u017cwiru, piasku i osad\u00f3w zalegaj\u0105cych na dnie <strong>doliny Tamar<\/strong>. Rzeka wyp\u0142ywa z powrotem na powierzchni\u0119, a w zasadzie to do <strong>jeziora Zelenci<\/strong>. Pokonanie pod ziemi\u0105 tej trasy <strong>o d\u0142ugo\u015bci 5 km zajmuje wodom rzeki Nadi\u017ea 1,5 roku (10 metr\u00f3w na dzie\u0144)<\/strong>! Dla por\u00f3wnania \u015blimak mo\u017ce pokona\u0107 dziennie odleg\u0142o\u015b\u0107 nawet 300 m. <strong>Rzeka Nadi\u017ea<\/strong> oraz <strong>dolinka Savy<\/strong> uznawane s\u0105 za pocz\u0105tkowy odcinek<strong> rzeki Sava<\/strong>, kt\u00f3ra stanowi najd\u0142u\u017cszy prawy dop\u0142yw <strong>Dunaju<\/strong>.<\/p>\n<div class=\"is-special cf gallery-1-2\" data-type=\"1-2\"><div data-carousel-extra='{\"blog_id\":1,\"permalink\":\"https:\\\/\\\/gorskaprzygoda.pl\\\/index.php\\\/2017\\\/01\\\/06\\\/slemenova-spica\\\/\"}' id='gallery-12' class='gallery galleryid-944 gallery-columns-2 gallery-size-large'><figure class='gallery-item'>\n\t\t\t<div class='gallery-icon landscape'>\n\t\t\t\t<a href='https:\/\/gorskaprzygoda.pl\/wp-content\/uploads\/2017\/01\/Slemenova-Spica-20.jpg'><img loading=\"lazy\" decoding=\"async\" data-attachment-id=\"2917\" data-orig-file=\"https:\/\/gorskaprzygoda.pl\/wp-content\/uploads\/2017\/01\/Slemenova-Spica-20.jpg\" data-orig-size=\"1920,1440\" data-comments-opened=\"1\" data-image-meta=\"{&quot;aperture&quot;:&quot;3.9&quot;,&quot;credit&quot;:&quot;&quot;,&quot;camera&quot;:&quot;COOLPIX S2900&quot;,&quot;caption&quot;:&quot;&quot;,&quot;created_timestamp&quot;:&quot;1472730098&quot;,&quot;copyright&quot;:&quot;&quot;,&quot;focal_length&quot;:&quot;6.7&quot;,&quot;iso&quot;:&quot;80&quot;,&quot;shutter_speed&quot;:&quot;0.001&quot;,&quot;title&quot;:&quot;&quot;,&quot;orientation&quot;:&quot;0&quot;,&quot;keywords&quot;:&quot;Array&quot;}\" data-image-title=\"Slemenova Spica-20\" data-image-description=\"\" data-medium-file=\"https:\/\/gorskaprzygoda.pl\/wp-content\/uploads\/2017\/01\/Slemenova-Spica-20-300x225.jpg\" data-large-file=\"https:\/\/gorskaprzygoda.pl\/wp-content\/uploads\/2017\/01\/Slemenova-Spica-20-1024x768.jpg\" width=\"770\" height=\"578\" src=\"https:\/\/gorskaprzygoda.pl\/wp-content\/uploads\/2017\/01\/Slemenova-Spica-20-1024x768.jpg\" class=\"attachment-large size-large\" alt=\"\" aria-describedby=\"gallery-12-2917\" srcset=\"https:\/\/gorskaprzygoda.pl\/wp-content\/uploads\/2017\/01\/Slemenova-Spica-20-1024x768.jpg 1024w, https:\/\/gorskaprzygoda.pl\/wp-content\/uploads\/2017\/01\/Slemenova-Spica-20-300x225.jpg 300w, https:\/\/gorskaprzygoda.pl\/wp-content\/uploads\/2017\/01\/Slemenova-Spica-20-768x576.jpg 768w\" sizes=\"auto, (max-width: 770px) 100vw, 770px\" \/><\/a>\n\t\t\t<\/div>\n\t\t\t\t<figcaption class='wp-caption-text gallery-caption' id='gallery-12-2917'>\n\t\t\t\tSchronisko Tamar oraz bajeczna sylwetka Jalovca.\n\t\t\t\t<\/figcaption><\/figure><figure class='gallery-item'>\n\t\t\t<div class='gallery-icon landscape'>\n\t\t\t\t<a href='https:\/\/gorskaprzygoda.pl\/wp-content\/uploads\/2017\/01\/Slemenova-Spica-26.jpg'><img loading=\"lazy\" decoding=\"async\" data-attachment-id=\"2923\" data-orig-file=\"https:\/\/gorskaprzygoda.pl\/wp-content\/uploads\/2017\/01\/Slemenova-Spica-26.jpg\" data-orig-size=\"1920,1440\" data-comments-opened=\"1\" data-image-meta=\"{&quot;aperture&quot;:&quot;3.2&quot;,&quot;credit&quot;:&quot;&quot;,&quot;camera&quot;:&quot;COOLPIX S2900&quot;,&quot;caption&quot;:&quot;&quot;,&quot;created_timestamp&quot;:&quot;1472741081&quot;,&quot;copyright&quot;:&quot;&quot;,&quot;focal_length&quot;:&quot;4.6&quot;,&quot;iso&quot;:&quot;80&quot;,&quot;shutter_speed&quot;:&quot;0.016666666666667&quot;,&quot;title&quot;:&quot;&quot;,&quot;orientation&quot;:&quot;0&quot;,&quot;keywords&quot;:&quot;Array&quot;}\" data-image-title=\"Slemenova Spica-26\" data-image-description=\"\" data-medium-file=\"https:\/\/gorskaprzygoda.pl\/wp-content\/uploads\/2017\/01\/Slemenova-Spica-26-300x225.jpg\" data-large-file=\"https:\/\/gorskaprzygoda.pl\/wp-content\/uploads\/2017\/01\/Slemenova-Spica-26-1024x768.jpg\" width=\"770\" height=\"578\" src=\"https:\/\/gorskaprzygoda.pl\/wp-content\/uploads\/2017\/01\/Slemenova-Spica-26-1024x768.jpg\" class=\"attachment-large size-large\" alt=\"\" aria-describedby=\"gallery-12-2923\" srcset=\"https:\/\/gorskaprzygoda.pl\/wp-content\/uploads\/2017\/01\/Slemenova-Spica-26-1024x768.jpg 1024w, https:\/\/gorskaprzygoda.pl\/wp-content\/uploads\/2017\/01\/Slemenova-Spica-26-300x225.jpg 300w, https:\/\/gorskaprzygoda.pl\/wp-content\/uploads\/2017\/01\/Slemenova-Spica-26-768x576.jpg 768w\" sizes=\"auto, (max-width: 770px) 100vw, 770px\" \/><\/a>\n\t\t\t<\/div>\n\t\t\t\t<figcaption class='wp-caption-text gallery-caption' id='gallery-12-2923'>\n\t\t\t\t\u0179r\u00f3d\u0142owy odcinek rzeki Nadi\u017ea\n\t\t\t\t<\/figcaption><\/figure><figure class='gallery-item'>\n\t\t\t<div class='gallery-icon landscape'>\n\t\t\t\t<a href='https:\/\/gorskaprzygoda.pl\/wp-content\/uploads\/2017\/01\/Slemenova-Spica-28.jpg'><img loading=\"lazy\" decoding=\"async\" data-attachment-id=\"2925\" data-orig-file=\"https:\/\/gorskaprzygoda.pl\/wp-content\/uploads\/2017\/01\/Slemenova-Spica-28.jpg\" data-orig-size=\"1920,1440\" data-comments-opened=\"1\" data-image-meta=\"{&quot;aperture&quot;:&quot;3.2&quot;,&quot;credit&quot;:&quot;&quot;,&quot;camera&quot;:&quot;COOLPIX S2900&quot;,&quot;caption&quot;:&quot;&quot;,&quot;created_timestamp&quot;:&quot;1472744663&quot;,&quot;copyright&quot;:&quot;&quot;,&quot;focal_length&quot;:&quot;4.6&quot;,&quot;iso&quot;:&quot;80&quot;,&quot;shutter_speed&quot;:&quot;0.002&quot;,&quot;title&quot;:&quot;&quot;,&quot;orientation&quot;:&quot;0&quot;,&quot;keywords&quot;:&quot;Array&quot;}\" data-image-title=\"Slemenova Spica-28\" data-image-description=\"\" data-medium-file=\"https:\/\/gorskaprzygoda.pl\/wp-content\/uploads\/2017\/01\/Slemenova-Spica-28-300x225.jpg\" data-large-file=\"https:\/\/gorskaprzygoda.pl\/wp-content\/uploads\/2017\/01\/Slemenova-Spica-28-1024x768.jpg\" width=\"770\" height=\"578\" src=\"https:\/\/gorskaprzygoda.pl\/wp-content\/uploads\/2017\/01\/Slemenova-Spica-28-1024x768.jpg\" class=\"attachment-large size-large\" alt=\"\" aria-describedby=\"gallery-12-2925\" srcset=\"https:\/\/gorskaprzygoda.pl\/wp-content\/uploads\/2017\/01\/Slemenova-Spica-28-1024x768.jpg 1024w, https:\/\/gorskaprzygoda.pl\/wp-content\/uploads\/2017\/01\/Slemenova-Spica-28-300x225.jpg 300w, https:\/\/gorskaprzygoda.pl\/wp-content\/uploads\/2017\/01\/Slemenova-Spica-28-768x576.jpg 768w\" sizes=\"auto, (max-width: 770px) 100vw, 770px\" \/><\/a>\n\t\t\t<\/div>\n\t\t\t\t<figcaption class='wp-caption-text gallery-caption' id='gallery-12-2925'>\n\t\t\t\tTablica informacyjna dotycz\u0105ca rzeki Nadi\u017ea\n\t\t\t\t<\/figcaption><\/figure><figure class='gallery-item'>\n\t\t\t<div class='gallery-icon landscape'>\n\t\t\t\t<a href='https:\/\/gorskaprzygoda.pl\/wp-content\/uploads\/2017\/01\/Slemenova-Spica-27.jpg'><img loading=\"lazy\" decoding=\"async\" data-attachment-id=\"2924\" data-orig-file=\"https:\/\/gorskaprzygoda.pl\/wp-content\/uploads\/2017\/01\/Slemenova-Spica-27.jpg\" data-orig-size=\"1920,1440\" data-comments-opened=\"1\" data-image-meta=\"{&quot;aperture&quot;:&quot;3.2&quot;,&quot;credit&quot;:&quot;&quot;,&quot;camera&quot;:&quot;COOLPIX S2900&quot;,&quot;caption&quot;:&quot;&quot;,&quot;created_timestamp&quot;:&quot;1472741806&quot;,&quot;copyright&quot;:&quot;&quot;,&quot;focal_length&quot;:&quot;4.6&quot;,&quot;iso&quot;:&quot;80&quot;,&quot;shutter_speed&quot;:&quot;0.0025&quot;,&quot;title&quot;:&quot;&quot;,&quot;orientation&quot;:&quot;0&quot;,&quot;keywords&quot;:&quot;Array&quot;}\" data-image-title=\"Slemenova Spica-27\" data-image-description=\"\" data-medium-file=\"https:\/\/gorskaprzygoda.pl\/wp-content\/uploads\/2017\/01\/Slemenova-Spica-27-300x225.jpg\" data-large-file=\"https:\/\/gorskaprzygoda.pl\/wp-content\/uploads\/2017\/01\/Slemenova-Spica-27-1024x768.jpg\" width=\"770\" height=\"578\" src=\"https:\/\/gorskaprzygoda.pl\/wp-content\/uploads\/2017\/01\/Slemenova-Spica-27-1024x768.jpg\" class=\"attachment-large size-large\" alt=\"\" aria-describedby=\"gallery-12-2924\" srcset=\"https:\/\/gorskaprzygoda.pl\/wp-content\/uploads\/2017\/01\/Slemenova-Spica-27-1024x768.jpg 1024w, https:\/\/gorskaprzygoda.pl\/wp-content\/uploads\/2017\/01\/Slemenova-Spica-27-300x225.jpg 300w, https:\/\/gorskaprzygoda.pl\/wp-content\/uploads\/2017\/01\/Slemenova-Spica-27-768x576.jpg 768w\" sizes=\"auto, (max-width: 770px) 100vw, 770px\" \/><\/a>\n\t\t\t<\/div>\n\t\t\t\t<figcaption class='wp-caption-text gallery-caption' id='gallery-12-2924'>\n\t\t\t\tTu\u017c przy schronisku Tamar znajduje si\u0119 kapliczka po\u015bwi\u0119cona wszystkim osobom, kt\u00f3re tragicznie zmar\u0142y w Alpach Julijskich\n\t\t\t\t<\/figcaption><\/figure>\n\t\t<\/div>\n<\/div>\n<p style=\"text-align: justify;\">Piwko si\u0119 sko\u0144czy\u0142o wi\u0119c kontynuowali\u015bmy nasz\u0105 drog\u0119 powrotn\u0105. S\u0142o\u0144ce nie dawa\u0142o za wygran\u0105 i w dalszym ci\u0105gu g\u00f3rowa\u0142o na prawie bezchmurnym niebie. Nie u\u0142atwi\u0142o nam to drogi, kt\u00f3ra wiod\u0142a nas\u0142onecznionym, stromym i kruchym \u017clebem. Dawno, chyba od czasu zej\u015bcia z <a href=\"https:\/\/gorskaprzygoda.pl\/index.php\/2015\/08\/02\/jaworowy-szczyt-2417-m-n-p-m\/\"><strong>Jaworowego Szczytu<\/strong><\/a>, nie stresowa\u0142em si\u0119 tak bardzo tym, \u017ce co\u015b zaraz si\u0119 na mnie zwali, albo ja co\u015b zrzuc\u0119 na El\u0119. Um\u0119czeni podej\u015bciem oraz daj\u0105cym si\u0119 przez ca\u0142y dzie\u0144 we znaki s\u0142o\u0144cem weszli\u015bmy na <strong>prze\u0142\u0105czk\u0119 Grlo<\/strong>, sk\u0105d dalsza droga prowadzi\u0142a ju\u017c le\u015bn\u0105 \u015bcie\u017ck\u0105. Nie by\u0142a ona chyba zbyt cz\u0119sto ucz\u0119szczana. W\u0105ska, zaro\u015bni\u0119ta i ze starymi oznaczeniami sprawia\u0142a wra\u017cenie opuszczonej i zamkni\u0119tej od d\u0142u\u017cszego czasu.<\/p>\n<div data-carousel-extra='{\"blog_id\":1,\"permalink\":\"https:\\\/\\\/gorskaprzygoda.pl\\\/index.php\\\/2017\\\/01\\\/06\\\/slemenova-spica\\\/\"}' id='gallery-14' class='gallery galleryid-944 gallery-columns-3 gallery-size-large'><figure class='gallery-item'>\n\t\t\t<div class='gallery-icon landscape'>\n\t\t\t\t<a href='https:\/\/gorskaprzygoda.pl\/wp-content\/uploads\/2017\/01\/Slemenova-Spica-29.jpg'><img loading=\"lazy\" decoding=\"async\" data-attachment-id=\"2926\" data-orig-file=\"https:\/\/gorskaprzygoda.pl\/wp-content\/uploads\/2017\/01\/Slemenova-Spica-29.jpg\" data-orig-size=\"1920,1440\" data-comments-opened=\"1\" data-image-meta=\"{&quot;aperture&quot;:&quot;3.2&quot;,&quot;credit&quot;:&quot;&quot;,&quot;camera&quot;:&quot;COOLPIX S2900&quot;,&quot;caption&quot;:&quot;&quot;,&quot;created_timestamp&quot;:&quot;1472745056&quot;,&quot;copyright&quot;:&quot;&quot;,&quot;focal_length&quot;:&quot;4.6&quot;,&quot;iso&quot;:&quot;80&quot;,&quot;shutter_speed&quot;:&quot;0.0025&quot;,&quot;title&quot;:&quot;&quot;,&quot;orientation&quot;:&quot;0&quot;,&quot;keywords&quot;:&quot;Array&quot;}\" data-image-title=\"Slemenova Spica-29\" data-image-description=\"\" data-medium-file=\"https:\/\/gorskaprzygoda.pl\/wp-content\/uploads\/2017\/01\/Slemenova-Spica-29-300x225.jpg\" data-large-file=\"https:\/\/gorskaprzygoda.pl\/wp-content\/uploads\/2017\/01\/Slemenova-Spica-29-1024x768.jpg\" width=\"770\" height=\"578\" src=\"https:\/\/gorskaprzygoda.pl\/wp-content\/uploads\/2017\/01\/Slemenova-Spica-29-1024x768.jpg\" class=\"attachment-large size-large\" alt=\"\" srcset=\"https:\/\/gorskaprzygoda.pl\/wp-content\/uploads\/2017\/01\/Slemenova-Spica-29-1024x768.jpg 1024w, https:\/\/gorskaprzygoda.pl\/wp-content\/uploads\/2017\/01\/Slemenova-Spica-29-300x225.jpg 300w, https:\/\/gorskaprzygoda.pl\/wp-content\/uploads\/2017\/01\/Slemenova-Spica-29-768x576.jpg 768w\" sizes=\"auto, (max-width: 770px) 100vw, 770px\" \/><\/a>\n\t\t\t<\/div><\/figure><figure class='gallery-item'>\n\t\t\t<div class='gallery-icon landscape'>\n\t\t\t\t<a href='https:\/\/gorskaprzygoda.pl\/wp-content\/uploads\/2017\/01\/Slemenova-Spica-30.jpg'><img loading=\"lazy\" decoding=\"async\" data-attachment-id=\"2927\" data-orig-file=\"https:\/\/gorskaprzygoda.pl\/wp-content\/uploads\/2017\/01\/Slemenova-Spica-30.jpg\" data-orig-size=\"1920,1440\" data-comments-opened=\"1\" data-image-meta=\"{&quot;aperture&quot;:&quot;3.2&quot;,&quot;credit&quot;:&quot;&quot;,&quot;camera&quot;:&quot;COOLPIX S2900&quot;,&quot;caption&quot;:&quot;&quot;,&quot;created_timestamp&quot;:&quot;1472746305&quot;,&quot;copyright&quot;:&quot;&quot;,&quot;focal_length&quot;:&quot;4.6&quot;,&quot;iso&quot;:&quot;80&quot;,&quot;shutter_speed&quot;:&quot;0.002&quot;,&quot;title&quot;:&quot;&quot;,&quot;orientation&quot;:&quot;0&quot;,&quot;keywords&quot;:&quot;Array&quot;}\" data-image-title=\"Slemenova Spica-30\" data-image-description=\"\" data-medium-file=\"https:\/\/gorskaprzygoda.pl\/wp-content\/uploads\/2017\/01\/Slemenova-Spica-30-300x225.jpg\" data-large-file=\"https:\/\/gorskaprzygoda.pl\/wp-content\/uploads\/2017\/01\/Slemenova-Spica-30-1024x768.jpg\" width=\"770\" height=\"578\" src=\"https:\/\/gorskaprzygoda.pl\/wp-content\/uploads\/2017\/01\/Slemenova-Spica-30-1024x768.jpg\" class=\"attachment-large size-large\" alt=\"\" srcset=\"https:\/\/gorskaprzygoda.pl\/wp-content\/uploads\/2017\/01\/Slemenova-Spica-30-1024x768.jpg 1024w, https:\/\/gorskaprzygoda.pl\/wp-content\/uploads\/2017\/01\/Slemenova-Spica-30-300x225.jpg 300w, https:\/\/gorskaprzygoda.pl\/wp-content\/uploads\/2017\/01\/Slemenova-Spica-30-768x576.jpg 768w\" sizes=\"auto, (max-width: 770px) 100vw, 770px\" \/><\/a>\n\t\t\t<\/div><\/figure><figure class='gallery-item'>\n\t\t\t<div class='gallery-icon landscape'>\n\t\t\t\t<a href='https:\/\/gorskaprzygoda.pl\/wp-content\/uploads\/2017\/01\/Slemenova-Spica-31.jpg'><img loading=\"lazy\" decoding=\"async\" data-attachment-id=\"2928\" data-orig-file=\"https:\/\/gorskaprzygoda.pl\/wp-content\/uploads\/2017\/01\/Slemenova-Spica-31.jpg\" data-orig-size=\"1920,1440\" data-comments-opened=\"1\" data-image-meta=\"{&quot;aperture&quot;:&quot;3.2&quot;,&quot;credit&quot;:&quot;&quot;,&quot;camera&quot;:&quot;COOLPIX S2900&quot;,&quot;caption&quot;:&quot;&quot;,&quot;created_timestamp&quot;:&quot;1472746316&quot;,&quot;copyright&quot;:&quot;&quot;,&quot;focal_length&quot;:&quot;4.6&quot;,&quot;iso&quot;:&quot;80&quot;,&quot;shutter_speed&quot;:&quot;0.0015625&quot;,&quot;title&quot;:&quot;&quot;,&quot;orientation&quot;:&quot;0&quot;,&quot;keywords&quot;:&quot;Array&quot;}\" data-image-title=\"Slemenova Spica-31\" data-image-description=\"\" data-medium-file=\"https:\/\/gorskaprzygoda.pl\/wp-content\/uploads\/2017\/01\/Slemenova-Spica-31-300x225.jpg\" data-large-file=\"https:\/\/gorskaprzygoda.pl\/wp-content\/uploads\/2017\/01\/Slemenova-Spica-31-1024x768.jpg\" width=\"770\" height=\"578\" src=\"https:\/\/gorskaprzygoda.pl\/wp-content\/uploads\/2017\/01\/Slemenova-Spica-31-1024x768.jpg\" class=\"attachment-large size-large\" alt=\"\" srcset=\"https:\/\/gorskaprzygoda.pl\/wp-content\/uploads\/2017\/01\/Slemenova-Spica-31-1024x768.jpg 1024w, https:\/\/gorskaprzygoda.pl\/wp-content\/uploads\/2017\/01\/Slemenova-Spica-31-300x225.jpg 300w, https:\/\/gorskaprzygoda.pl\/wp-content\/uploads\/2017\/01\/Slemenova-Spica-31-768x576.jpg 768w\" sizes=\"auto, (max-width: 770px) 100vw, 770px\" \/><\/a>\n\t\t\t<\/div><\/figure>\n\t\t<\/div>\n\n<p style=\"text-align: justify;\">Zaj\u0119ci pokonywaniem kolejnych metr\u00f3w szlaku nie zauwa\u017cyli\u015bmy nawet kiedy nad naszymi g\u0142owami, ponad koronami drzew diametralnie zmieni\u0142a si\u0119 pogoda. Zza <a href=\"https:\/\/gorskaprzygoda.pl\/index.php\/2016\/06\/30\/ferrata-mala-mojstrovka\/\"><strong>Ma\u0142ej Mojstrovki<\/strong><\/a> nadci\u0105gn\u0119\u0142y k\u0142\u0119biaste chmury, kt\u00f3re nie wr\u00f3\u017cy\u0142y nic dobrego. Pogoda w g\u00f3rach naprawd\u0119 jest nieprzewidywalna. Na szcz\u0119\u015bcie byli\u015bmy ju\u017c blisko po\u0142\u0105czenia szlak\u00f3w pod <strong>Slemenow\u0105 \u0160pic\u0105<\/strong>. Pokonanie ostatniego odcinka do punktu naszego startu, czyli na <strong>prze\u0142\u0119cz Vr\u0161i\u010d<\/strong> zaj\u0119\u0142o nam ok. 40 min. W polowych warunkach uda\u0142o nam si\u0119 jeszcze ugotowa\u0107 i zje\u015b\u0107 przepyszne spaghetti, mniam \ud83d\ude42 Do wieczora musieli\u015bmy przeczeka\u0107 popo\u0142udniowe opady deszcze, ale na szcz\u0119\u015bcie p\u00f3\u017aniej chmury zn\u00f3w si\u0119 rozesz\u0142y i mogli\u015bmy podziwia\u0107 rozgwie\u017cd\u017cone nad <a href=\"https:\/\/gorskaprzygoda.pl\/index.php\/tag\/alpy-julijskie\/\"><strong>Alpami Julijskimi<\/strong><\/a> niebo\u2026 Ehh\u2026 fajnie by\u0142o, ale szkoda, \u017ce zn\u00f3w nie uda\u0142o si\u0119 zjecha\u0107 Zip Line\u2019em \ud83d\ude1b O pozosta\u0142ych naszych przygodach na <a href=\"https:\/\/gorskaprzygoda.pl\/index.php\/tag\/slowenia\/\"><strong>S\u0142owenii<\/strong><\/a> przeczyta\u0107 w kolejnym wpisie! \ud83d\ude42<\/p>\n","protected":false},"excerpt":{"rendered":"<p>Min\u0119\u0142y kolejne miesi\u0105ce, a ja dalej nie potrafi\u0142em zabra\u0107 si\u0119 za zaleg\u0142e wpisy ze S\u0142owenii\u2026 Aby to szybko nadrobi\u0107 ten wpis mia\u0142 by\u0107 kr\u00f3tki, zwi\u0119z\u0142y i do rzeczy, ale jak wysz\u0142o sami przeczytacie. Po prostu musia\u0142em Wam o wszystkim opowiedzie\u0107 \ud83d\ude42 Jak ju\u017c wspomnia\u0142em we wcze\u015bniejszej relacji po zdobyciu Mangartu spakowali\u015bmy si\u0119 i pojechali\u015bmy do <\/p>\n","protected":false},"author":1,"featured_media":1985,"comment_status":"open","ping_status":"open","sticky":false,"template":"","format":"standard","meta":{"jetpack_post_was_ever_published":false,"_jetpack_newsletter_access":"","_jetpack_dont_email_post_to_subs":false,"_jetpack_newsletter_tier_id":0,"_jetpack_memberships_contains_paywalled_content":false,"_jetpack_memberships_contains_paid_content":false,"footnotes":"","jetpack_publicize_message":"","jetpack_publicize_feature_enabled":true,"jetpack_social_post_already_shared":false,"jetpack_social_options":{"image_generator_settings":{"template":"highway","default_image_id":0,"font":"","enabled":false},"version":2}},"categories":[2,125],"tags":[11,12,31,57],"class_list":{"0":"post-944","1":"post","2":"type-post","3":"status-publish","4":"format-standard","5":"has-post-thumbnail","7":"category-alpy-julijskie","8":"category-slowenia","9":"tag-alpy","10":"tag-alpy-julijskie","11":"tag-jalovec","12":"tag-slowenia"},"yoast_head":"<!-- This site is optimized with the Yoast SEO plugin v27.4 - https:\/\/yoast.com\/product\/yoast-seo-wordpress\/ -->\n<title>Slemenova \u0160pica | widok na Jalovec | Planica | Alpy Julijskie<\/title>\n<meta name=\"robots\" content=\"index, follow, max-snippet:-1, max-image-preview:large, max-video-preview:-1\" \/>\n<link rel=\"canonical\" href=\"https:\/\/gorskaprzygoda.pl\/index.php\/2017\/01\/06\/slemenova-spica\/\" \/>\n<meta property=\"og:locale\" content=\"pl_PL\" \/>\n<meta property=\"og:type\" content=\"article\" \/>\n<meta property=\"og:title\" content=\"Slemenova \u0160pica | widok na Jalovec | Planica | Alpy Julijskie\" \/>\n<meta property=\"og:description\" content=\"Min\u0119\u0142y kolejne miesi\u0105ce, a ja dalej nie potrafi\u0142em zabra\u0107 si\u0119 za zaleg\u0142e wpisy ze S\u0142owenii\u2026 Aby to szybko nadrobi\u0107 ten wpis mia\u0142 by\u0107 kr\u00f3tki, zwi\u0119z\u0142y i do rzeczy, ale jak wysz\u0142o sami przeczytacie. Po prostu musia\u0142em Wam o wszystkim opowiedzie\u0107 \ud83d\ude42 Jak ju\u017c wspomnia\u0142em we wcze\u015bniejszej relacji po zdobyciu Mangartu spakowali\u015bmy si\u0119 i pojechali\u015bmy do\" \/>\n<meta property=\"og:url\" content=\"https:\/\/gorskaprzygoda.pl\/index.php\/2017\/01\/06\/slemenova-spica\/\" \/>\n<meta property=\"og:site_name\" content=\"G\u00f3rska przygoda\" \/>\n<meta property=\"article:publisher\" content=\"https:\/\/www.facebook.com\/gorskaprzygoda\/\" \/>\n<meta property=\"article:author\" content=\"https:\/\/www.facebook.com\/gorskaprzygoda\/\" \/>\n<meta property=\"article:published_time\" content=\"2017-01-06T16:27:29+00:00\" \/>\n<meta property=\"article:modified_time\" content=\"2018-10-16T12:45:42+00:00\" \/>\n<meta property=\"og:image\" content=\"https:\/\/gorskaprzygoda.pl\/wp-content\/uploads\/2017\/01\/Jalovec-Alpy-Julijskie.jpeg\" \/>\n\t<meta property=\"og:image:width\" content=\"1920\" \/>\n\t<meta property=\"og:image:height\" content=\"1440\" \/>\n\t<meta property=\"og:image:type\" content=\"image\/jpeg\" \/>\n<meta name=\"author\" content=\"Tomek i Ela Wr\u00f3blewscy\" \/>\n<meta name=\"twitter:card\" content=\"summary_large_image\" \/>\n<meta name=\"twitter:label1\" content=\"Napisane przez\" \/>\n\t<meta name=\"twitter:data1\" content=\"Tomek i Ela Wr\u00f3blewscy\" \/>\n\t<meta name=\"twitter:label2\" content=\"Szacowany czas czytania\" \/>\n\t<meta name=\"twitter:data2\" content=\"9 minut\" \/>\n<script type=\"application\/ld+json\" class=\"yoast-schema-graph\">{\"@context\":\"https:\\\/\\\/schema.org\",\"@graph\":[{\"@type\":\"Article\",\"@id\":\"https:\\\/\\\/gorskaprzygoda.pl\\\/index.php\\\/2017\\\/01\\\/06\\\/slemenova-spica\\\/#article\",\"isPartOf\":{\"@id\":\"https:\\\/\\\/gorskaprzygoda.pl\\\/index.php\\\/2017\\\/01\\\/06\\\/slemenova-spica\\\/\"},\"author\":{\"name\":\"Tomek i Ela Wr\u00f3blewscy\",\"@id\":\"https:\\\/\\\/gorskaprzygoda.pl\\\/#\\\/schema\\\/person\\\/ab1152b79f3bb44e108f239508abc4d8\"},\"headline\":\"Slemenova \u0160pica &#8211; z widokiem na osza\u0142amiaj\u0105cy Jalovec\",\"datePublished\":\"2017-01-06T16:27:29+00:00\",\"dateModified\":\"2018-10-16T12:45:42+00:00\",\"mainEntityOfPage\":{\"@id\":\"https:\\\/\\\/gorskaprzygoda.pl\\\/index.php\\\/2017\\\/01\\\/06\\\/slemenova-spica\\\/\"},\"wordCount\":1809,\"commentCount\":2,\"image\":{\"@id\":\"https:\\\/\\\/gorskaprzygoda.pl\\\/index.php\\\/2017\\\/01\\\/06\\\/slemenova-spica\\\/#primaryimage\"},\"thumbnailUrl\":\"https:\\\/\\\/gorskaprzygoda.pl\\\/wp-content\\\/uploads\\\/2017\\\/01\\\/Jalovec-Alpy-Julijskie.jpeg\",\"keywords\":[\"Alpy\",\"Alpy Julijskie\",\"Jalovec\",\"S\u0142owenia\"],\"articleSection\":[\"Alpy Julijskie\",\"S\u0142owenia\"],\"inLanguage\":\"pl-PL\",\"potentialAction\":[{\"@type\":\"CommentAction\",\"name\":\"Comment\",\"target\":[\"https:\\\/\\\/gorskaprzygoda.pl\\\/index.php\\\/2017\\\/01\\\/06\\\/slemenova-spica\\\/#respond\"]}]},{\"@type\":\"WebPage\",\"@id\":\"https:\\\/\\\/gorskaprzygoda.pl\\\/index.php\\\/2017\\\/01\\\/06\\\/slemenova-spica\\\/\",\"url\":\"https:\\\/\\\/gorskaprzygoda.pl\\\/index.php\\\/2017\\\/01\\\/06\\\/slemenova-spica\\\/\",\"name\":\"Slemenova \u0160pica | widok na Jalovec | Planica | Alpy Julijskie\",\"isPartOf\":{\"@id\":\"https:\\\/\\\/gorskaprzygoda.pl\\\/#website\"},\"primaryImageOfPage\":{\"@id\":\"https:\\\/\\\/gorskaprzygoda.pl\\\/index.php\\\/2017\\\/01\\\/06\\\/slemenova-spica\\\/#primaryimage\"},\"image\":{\"@id\":\"https:\\\/\\\/gorskaprzygoda.pl\\\/index.php\\\/2017\\\/01\\\/06\\\/slemenova-spica\\\/#primaryimage\"},\"thumbnailUrl\":\"https:\\\/\\\/gorskaprzygoda.pl\\\/wp-content\\\/uploads\\\/2017\\\/01\\\/Jalovec-Alpy-Julijskie.jpeg\",\"datePublished\":\"2017-01-06T16:27:29+00:00\",\"dateModified\":\"2018-10-16T12:45:42+00:00\",\"author\":{\"@id\":\"https:\\\/\\\/gorskaprzygoda.pl\\\/#\\\/schema\\\/person\\\/ab1152b79f3bb44e108f239508abc4d8\"},\"breadcrumb\":{\"@id\":\"https:\\\/\\\/gorskaprzygoda.pl\\\/index.php\\\/2017\\\/01\\\/06\\\/slemenova-spica\\\/#breadcrumb\"},\"inLanguage\":\"pl-PL\",\"potentialAction\":[{\"@type\":\"ReadAction\",\"target\":[\"https:\\\/\\\/gorskaprzygoda.pl\\\/index.php\\\/2017\\\/01\\\/06\\\/slemenova-spica\\\/\"]}]},{\"@type\":\"ImageObject\",\"inLanguage\":\"pl-PL\",\"@id\":\"https:\\\/\\\/gorskaprzygoda.pl\\\/index.php\\\/2017\\\/01\\\/06\\\/slemenova-spica\\\/#primaryimage\",\"url\":\"https:\\\/\\\/gorskaprzygoda.pl\\\/wp-content\\\/uploads\\\/2017\\\/01\\\/Jalovec-Alpy-Julijskie.jpeg\",\"contentUrl\":\"https:\\\/\\\/gorskaprzygoda.pl\\\/wp-content\\\/uploads\\\/2017\\\/01\\\/Jalovec-Alpy-Julijskie.jpeg\",\"width\":1920,\"height\":1440,\"caption\":\"Jalovec Alpy Julijskie\"},{\"@type\":\"BreadcrumbList\",\"@id\":\"https:\\\/\\\/gorskaprzygoda.pl\\\/index.php\\\/2017\\\/01\\\/06\\\/slemenova-spica\\\/#breadcrumb\",\"itemListElement\":[{\"@type\":\"ListItem\",\"position\":1,\"name\":\"Strona g\u0142\u00f3wna\",\"item\":\"https:\\\/\\\/gorskaprzygoda.pl\\\/\"},{\"@type\":\"ListItem\",\"position\":2,\"name\":\"Slemenova \u0160pica &#8211; z widokiem na osza\u0142amiaj\u0105cy Jalovec\"}]},{\"@type\":\"WebSite\",\"@id\":\"https:\\\/\\\/gorskaprzygoda.pl\\\/#website\",\"url\":\"https:\\\/\\\/gorskaprzygoda.pl\\\/\",\"name\":\"gorskaprzygoda.pl\",\"description\":\"w drodze na szczyt\",\"potentialAction\":[{\"@type\":\"SearchAction\",\"target\":{\"@type\":\"EntryPoint\",\"urlTemplate\":\"https:\\\/\\\/gorskaprzygoda.pl\\\/?s={search_term_string}\"},\"query-input\":{\"@type\":\"PropertyValueSpecification\",\"valueRequired\":true,\"valueName\":\"search_term_string\"}}],\"inLanguage\":\"pl-PL\"},{\"@type\":\"Person\",\"@id\":\"https:\\\/\\\/gorskaprzygoda.pl\\\/#\\\/schema\\\/person\\\/ab1152b79f3bb44e108f239508abc4d8\",\"name\":\"Tomek i Ela Wr\u00f3blewscy\",\"image\":{\"@type\":\"ImageObject\",\"inLanguage\":\"pl-PL\",\"@id\":\"https:\\\/\\\/secure.gravatar.com\\\/avatar\\\/c8b5c0e01dc987e9cba2639dd98d636b15fbae1a49f90bdb0d50574ca6509057?s=96&r=g\",\"url\":\"https:\\\/\\\/secure.gravatar.com\\\/avatar\\\/c8b5c0e01dc987e9cba2639dd98d636b15fbae1a49f90bdb0d50574ca6509057?s=96&r=g\",\"contentUrl\":\"https:\\\/\\\/secure.gravatar.com\\\/avatar\\\/c8b5c0e01dc987e9cba2639dd98d636b15fbae1a49f90bdb0d50574ca6509057?s=96&r=g\",\"caption\":\"Tomek i Ela Wr\u00f3blewscy\"},\"description\":\"Znajomi m\u00f3wi\u0105 o nas, \u017ce jeste\u015bmy najbardziej zbzikowanymi na punkcie g\u00f3r lud\u017ami jakich znaj\u0105. G\u00f3ry to miejsce, gdzie uciekamy, by prze\u017cy\u0107 kolejn\u0105 przygod\u0119, gdzie chcemy by\u0107 bli\u017cej przyrody i nas\u0142uchiwa\u0107 ciszy. No tak, ciekawe czy mo\u017cna us\u0142ysze\u0107 cisz\u0119? Ela ci\u0105gle pr\u00f3buje znale\u017a\u0107 odpowied\u017a na to nurtuj\u0105ce pytanie, a ja bez ko\u0144ca planuj\u0119 nasze kolejne wyprawy!\",\"sameAs\":[\"https:\\\/\\\/gorskaprzygoda.pl\\\/\",\"https:\\\/\\\/www.facebook.com\\\/gorskaprzygoda\\\/\",\"https:\\\/\\\/www.instagram.com\\\/gorskaprzygoda.pl\\\/\"]}]}<\/script>\n<!-- \/ Yoast SEO plugin. -->","yoast_head_json":{"title":"Slemenova \u0160pica | widok na Jalovec | Planica | Alpy Julijskie","robots":{"index":"index","follow":"follow","max-snippet":"max-snippet:-1","max-image-preview":"max-image-preview:large","max-video-preview":"max-video-preview:-1"},"canonical":"https:\/\/gorskaprzygoda.pl\/index.php\/2017\/01\/06\/slemenova-spica\/","og_locale":"pl_PL","og_type":"article","og_title":"Slemenova \u0160pica | widok na Jalovec | Planica | Alpy Julijskie","og_description":"Min\u0119\u0142y kolejne miesi\u0105ce, a ja dalej nie potrafi\u0142em zabra\u0107 si\u0119 za zaleg\u0142e wpisy ze S\u0142owenii\u2026 Aby to szybko nadrobi\u0107 ten wpis mia\u0142 by\u0107 kr\u00f3tki, zwi\u0119z\u0142y i do rzeczy, ale jak wysz\u0142o sami przeczytacie. Po prostu musia\u0142em Wam o wszystkim opowiedzie\u0107 \ud83d\ude42 Jak ju\u017c wspomnia\u0142em we wcze\u015bniejszej relacji po zdobyciu Mangartu spakowali\u015bmy si\u0119 i pojechali\u015bmy do","og_url":"https:\/\/gorskaprzygoda.pl\/index.php\/2017\/01\/06\/slemenova-spica\/","og_site_name":"G\u00f3rska przygoda","article_publisher":"https:\/\/www.facebook.com\/gorskaprzygoda\/","article_author":"https:\/\/www.facebook.com\/gorskaprzygoda\/","article_published_time":"2017-01-06T16:27:29+00:00","article_modified_time":"2018-10-16T12:45:42+00:00","og_image":[{"width":1920,"height":1440,"url":"https:\/\/gorskaprzygoda.pl\/wp-content\/uploads\/2017\/01\/Jalovec-Alpy-Julijskie.jpeg","type":"image\/jpeg"}],"author":"Tomek i Ela Wr\u00f3blewscy","twitter_card":"summary_large_image","twitter_misc":{"Napisane przez":"Tomek i Ela Wr\u00f3blewscy","Szacowany czas czytania":"9 minut"},"schema":{"@context":"https:\/\/schema.org","@graph":[{"@type":"Article","@id":"https:\/\/gorskaprzygoda.pl\/index.php\/2017\/01\/06\/slemenova-spica\/#article","isPartOf":{"@id":"https:\/\/gorskaprzygoda.pl\/index.php\/2017\/01\/06\/slemenova-spica\/"},"author":{"name":"Tomek i Ela Wr\u00f3blewscy","@id":"https:\/\/gorskaprzygoda.pl\/#\/schema\/person\/ab1152b79f3bb44e108f239508abc4d8"},"headline":"Slemenova \u0160pica &#8211; z widokiem na osza\u0142amiaj\u0105cy Jalovec","datePublished":"2017-01-06T16:27:29+00:00","dateModified":"2018-10-16T12:45:42+00:00","mainEntityOfPage":{"@id":"https:\/\/gorskaprzygoda.pl\/index.php\/2017\/01\/06\/slemenova-spica\/"},"wordCount":1809,"commentCount":2,"image":{"@id":"https:\/\/gorskaprzygoda.pl\/index.php\/2017\/01\/06\/slemenova-spica\/#primaryimage"},"thumbnailUrl":"https:\/\/gorskaprzygoda.pl\/wp-content\/uploads\/2017\/01\/Jalovec-Alpy-Julijskie.jpeg","keywords":["Alpy","Alpy Julijskie","Jalovec","S\u0142owenia"],"articleSection":["Alpy Julijskie","S\u0142owenia"],"inLanguage":"pl-PL","potentialAction":[{"@type":"CommentAction","name":"Comment","target":["https:\/\/gorskaprzygoda.pl\/index.php\/2017\/01\/06\/slemenova-spica\/#respond"]}]},{"@type":"WebPage","@id":"https:\/\/gorskaprzygoda.pl\/index.php\/2017\/01\/06\/slemenova-spica\/","url":"https:\/\/gorskaprzygoda.pl\/index.php\/2017\/01\/06\/slemenova-spica\/","name":"Slemenova \u0160pica | widok na Jalovec | Planica | Alpy Julijskie","isPartOf":{"@id":"https:\/\/gorskaprzygoda.pl\/#website"},"primaryImageOfPage":{"@id":"https:\/\/gorskaprzygoda.pl\/index.php\/2017\/01\/06\/slemenova-spica\/#primaryimage"},"image":{"@id":"https:\/\/gorskaprzygoda.pl\/index.php\/2017\/01\/06\/slemenova-spica\/#primaryimage"},"thumbnailUrl":"https:\/\/gorskaprzygoda.pl\/wp-content\/uploads\/2017\/01\/Jalovec-Alpy-Julijskie.jpeg","datePublished":"2017-01-06T16:27:29+00:00","dateModified":"2018-10-16T12:45:42+00:00","author":{"@id":"https:\/\/gorskaprzygoda.pl\/#\/schema\/person\/ab1152b79f3bb44e108f239508abc4d8"},"breadcrumb":{"@id":"https:\/\/gorskaprzygoda.pl\/index.php\/2017\/01\/06\/slemenova-spica\/#breadcrumb"},"inLanguage":"pl-PL","potentialAction":[{"@type":"ReadAction","target":["https:\/\/gorskaprzygoda.pl\/index.php\/2017\/01\/06\/slemenova-spica\/"]}]},{"@type":"ImageObject","inLanguage":"pl-PL","@id":"https:\/\/gorskaprzygoda.pl\/index.php\/2017\/01\/06\/slemenova-spica\/#primaryimage","url":"https:\/\/gorskaprzygoda.pl\/wp-content\/uploads\/2017\/01\/Jalovec-Alpy-Julijskie.jpeg","contentUrl":"https:\/\/gorskaprzygoda.pl\/wp-content\/uploads\/2017\/01\/Jalovec-Alpy-Julijskie.jpeg","width":1920,"height":1440,"caption":"Jalovec Alpy Julijskie"},{"@type":"BreadcrumbList","@id":"https:\/\/gorskaprzygoda.pl\/index.php\/2017\/01\/06\/slemenova-spica\/#breadcrumb","itemListElement":[{"@type":"ListItem","position":1,"name":"Strona g\u0142\u00f3wna","item":"https:\/\/gorskaprzygoda.pl\/"},{"@type":"ListItem","position":2,"name":"Slemenova \u0160pica &#8211; z widokiem na osza\u0142amiaj\u0105cy Jalovec"}]},{"@type":"WebSite","@id":"https:\/\/gorskaprzygoda.pl\/#website","url":"https:\/\/gorskaprzygoda.pl\/","name":"gorskaprzygoda.pl","description":"w drodze na szczyt","potentialAction":[{"@type":"SearchAction","target":{"@type":"EntryPoint","urlTemplate":"https:\/\/gorskaprzygoda.pl\/?s={search_term_string}"},"query-input":{"@type":"PropertyValueSpecification","valueRequired":true,"valueName":"search_term_string"}}],"inLanguage":"pl-PL"},{"@type":"Person","@id":"https:\/\/gorskaprzygoda.pl\/#\/schema\/person\/ab1152b79f3bb44e108f239508abc4d8","name":"Tomek i Ela Wr\u00f3blewscy","image":{"@type":"ImageObject","inLanguage":"pl-PL","@id":"https:\/\/secure.gravatar.com\/avatar\/c8b5c0e01dc987e9cba2639dd98d636b15fbae1a49f90bdb0d50574ca6509057?s=96&r=g","url":"https:\/\/secure.gravatar.com\/avatar\/c8b5c0e01dc987e9cba2639dd98d636b15fbae1a49f90bdb0d50574ca6509057?s=96&r=g","contentUrl":"https:\/\/secure.gravatar.com\/avatar\/c8b5c0e01dc987e9cba2639dd98d636b15fbae1a49f90bdb0d50574ca6509057?s=96&r=g","caption":"Tomek i Ela Wr\u00f3blewscy"},"description":"Znajomi m\u00f3wi\u0105 o nas, \u017ce jeste\u015bmy najbardziej zbzikowanymi na punkcie g\u00f3r lud\u017ami jakich znaj\u0105. G\u00f3ry to miejsce, gdzie uciekamy, by prze\u017cy\u0107 kolejn\u0105 przygod\u0119, gdzie chcemy by\u0107 bli\u017cej przyrody i nas\u0142uchiwa\u0107 ciszy. No tak, ciekawe czy mo\u017cna us\u0142ysze\u0107 cisz\u0119? Ela ci\u0105gle pr\u00f3buje znale\u017a\u0107 odpowied\u017a na to nurtuj\u0105ce pytanie, a ja bez ko\u0144ca planuj\u0119 nasze kolejne wyprawy!","sameAs":["https:\/\/gorskaprzygoda.pl\/","https:\/\/www.facebook.com\/gorskaprzygoda\/","https:\/\/www.instagram.com\/gorskaprzygoda.pl\/"]}]}},"jetpack_publicize_connections":[],"jetpack_featured_media_url":"https:\/\/gorskaprzygoda.pl\/wp-content\/uploads\/2017\/01\/Jalovec-Alpy-Julijskie.jpeg","jetpack_sharing_enabled":true,"jetpack_shortlink":"https:\/\/wp.me\/pawaOI-fe","_links":{"self":[{"href":"https:\/\/gorskaprzygoda.pl\/index.php\/wp-json\/wp\/v2\/posts\/944","targetHints":{"allow":["GET"]}}],"collection":[{"href":"https:\/\/gorskaprzygoda.pl\/index.php\/wp-json\/wp\/v2\/posts"}],"about":[{"href":"https:\/\/gorskaprzygoda.pl\/index.php\/wp-json\/wp\/v2\/types\/post"}],"author":[{"embeddable":true,"href":"https:\/\/gorskaprzygoda.pl\/index.php\/wp-json\/wp\/v2\/users\/1"}],"replies":[{"embeddable":true,"href":"https:\/\/gorskaprzygoda.pl\/index.php\/wp-json\/wp\/v2\/comments?post=944"}],"version-history":[{"count":5,"href":"https:\/\/gorskaprzygoda.pl\/index.php\/wp-json\/wp\/v2\/posts\/944\/revisions"}],"predecessor-version":[{"id":4099,"href":"https:\/\/gorskaprzygoda.pl\/index.php\/wp-json\/wp\/v2\/posts\/944\/revisions\/4099"}],"wp:featuredmedia":[{"embeddable":true,"href":"https:\/\/gorskaprzygoda.pl\/index.php\/wp-json\/wp\/v2\/media\/1985"}],"wp:attachment":[{"href":"https:\/\/gorskaprzygoda.pl\/index.php\/wp-json\/wp\/v2\/media?parent=944"}],"wp:term":[{"taxonomy":"category","embeddable":true,"href":"https:\/\/gorskaprzygoda.pl\/index.php\/wp-json\/wp\/v2\/categories?post=944"},{"taxonomy":"post_tag","embeddable":true,"href":"https:\/\/gorskaprzygoda.pl\/index.php\/wp-json\/wp\/v2\/tags?post=944"}],"curies":[{"name":"wp","href":"https:\/\/api.w.org\/{rel}","templated":true}]}}