{"id":862,"date":"2016-11-21T09:26:12","date_gmt":"2016-11-21T08:26:12","guid":{"rendered":"http:\/\/gorskaprzygoda.blog.pl\/?p=862"},"modified":"2018-10-16T14:45:50","modified_gmt":"2018-10-16T12:45:50","slug":"wejscie-na-mangart-ferrata-via-slovena","status":"publish","type":"post","link":"https:\/\/gorskaprzygoda.pl\/index.php\/2016\/11\/21\/wejscie-na-mangart-ferrata-via-slovena\/","title":{"rendered":"Wej\u015bcie na Mangart &#8211; ferrata via Slovena"},"content":{"rendered":"<p style=\"text-align: justify;\">Nie s\u0105dzi\u0142em, \u017ce tak szybko uda nam si\u0119 wr\u00f3ci\u0107 pod <strong>Mangart<\/strong>. Po nieudanym czerwcowym <a href=\"https:\/\/gorskaprzygoda.pl\/index.php\/2016\/07\/05\/mangart-ferrata-via-italiana\/\"><strong>wej\u015bciu<\/strong><\/a> postanowi\u0142em, \u017ce wr\u00f3c\u0119 tutaj jeszcze by wyr\u00f3wna\u0107 rachunki z t\u0105 g\u00f3r\u0105. <a href=\"https:\/\/gorskaprzygoda.pl\/index.php\/category\/alpy-julijskie\/\"><strong>Alpy Julijskie<\/strong><\/a> tak bardzo przypad\u0142y mi do gustu, \u017ce bez wahania chc\u0119 tam wraca\u0107. Tym razem uda\u0142o nam si\u0119 zmierzy\u0107 z <strong>Mangartem<\/strong> we wrze\u015bniu. Jakim\u015b cudem dostali\u015bmy jeszcze z El\u0105 po tygodniu urlopu i postanowili\u015bmy sp\u0119dzi\u0107 go na <a href=\"https:\/\/gorskaprzygoda.pl\/index.php\/tag\/slowenia\/\"><strong>S\u0142owenii<\/strong><\/a>, cz\u0119\u015bciowo w g\u00f3rach i troch\u0119 nad morzem. Taki uk\u0142on w stron\u0119 Eli, za to \u017ce ca\u0142y czas udaje mi si\u0119 wyci\u0105gn\u0105\u0107 j\u0105 w g\u00f3ry, a co! \ud83d\ude42<\/p>\n<p style=\"text-align: justify;\">Drog\u0119 na <strong>Mangartskie Sedlo<\/strong> pozna\u0142em ju\u017c dobrze w czasie ostatniego wypadu w <a href=\"https:\/\/gorskaprzygoda.pl\/index.php\/tag\/alpy-julijskie\/\"><strong>Alpy Julijskie,<\/strong><\/a> Ela natomiast zna\u0142a j\u0105 tylko z opowie\u015bci i zdj\u0119\u0107. A to nie to samo co stan\u0105\u0107 oko w oko z przepa\u015bciami i poczu\u0107 ciarki na w\u0142asnej sk\u00f3rze \ud83d\ude42 Tym razem trafili\u015bmy na rewelacyjn\u0105 pogod\u0119 wi\u0119c by\u0142o co podziwia\u0107 w czasie pokonywania kolejnych serpentyn. \u0141adna pogoda przyci\u0105gn\u0119\u0142a pod <strong>Mangart<\/strong> wielu turyst\u00f3w co skutkowa\u0142o konieczno\u015bci\u0105 mijania sporej ilo\u015bci samochod\u00f3w jad\u0105cych z naprzeciwka. Kto ju\u017c tam by\u0142 wie, \u017ce nie jest to prosta sprawa, a kto nie by\u0142 musi uwierzy\u0107 na s\u0142owo \ud83d\ude42 Na szcz\u0119\u015bcie uda\u0142o nam si\u0119 wjecha\u0107 na g\u00f3r\u0119 bez wi\u0119kszych przyg\u00f3d i znale\u017a\u0107 miejsce na parkingu co nie by\u0142o wcale takie oczywiste. Na szczyt zamierzali\u015bmy wej\u015b\u0107 dopiero nast\u0119pnego dnia wi\u0119c mieli\u015bmy sporo czasu na wyprostowanie ko\u015bci po podr\u00f3\u017cy, a tak\u017ce podziwianie rewelacyjnej panoramy roztaczaj\u0105cej si\u0119 w ka\u017cd\u0105 stron\u0119. Korzystaj\u0105c z tej okazji roz\u0142o\u017cyli\u015bmy si\u0119 na siode\u0142ku prze\u0142\u0119czy znajduj\u0105cej si\u0119 pomi\u0119dzy<strong> Mangartem<\/strong>, a <strong>Malim Vrhem<\/strong> i w promieniach popo\u0142udniowego s\u0142o\u0144ca zachwycali\u015bmy si\u0119 sylwetk\u0105 <a href=\"https:\/\/gorskaprzygoda.pl\/index.php\/2017\/01\/06\/z-widokiem-na-oszalamiajacy-jalovec\/\"><strong>Jalovca<\/strong><\/a> oraz pozosta\u0142ych szczyt\u00f3w rysuj\u0105cych si\u0119 na horyzoncie. B\u0142ogo by\u0142o tak pole\u017ce\u0107, nic nie robi\u0107 i mie\u0107 na wyci\u0105gniecie r\u0119ki te wszystkie szczyty\u2026<\/p>\n<div class=\"is-special cf gallery-1-2\" data-type=\"1-2\"><div data-carousel-extra='{\"blog_id\":1,\"permalink\":\"https:\\\/\\\/gorskaprzygoda.pl\\\/index.php\\\/2016\\\/11\\\/21\\\/wejscie-na-mangart-ferrata-via-slovena\\\/\"}' id='gallery-2' class='gallery galleryid-862 gallery-columns-2 gallery-size-large'><figure class='gallery-item'>\n\t\t\t<div class='gallery-icon landscape'>\n\t\t\t\t<a href='https:\/\/gorskaprzygoda.pl\/wp-content\/uploads\/2016\/11\/Mangart_via-Slovena.jpg'><img loading=\"lazy\" decoding=\"async\" data-attachment-id=\"2856\" data-orig-file=\"https:\/\/gorskaprzygoda.pl\/wp-content\/uploads\/2016\/11\/Mangart_via-Slovena.jpg\" data-orig-size=\"1920,1440\" data-comments-opened=\"1\" data-image-meta=\"{&quot;aperture&quot;:&quot;3.2&quot;,&quot;credit&quot;:&quot;&quot;,&quot;camera&quot;:&quot;COOLPIX S2900&quot;,&quot;caption&quot;:&quot;&quot;,&quot;created_timestamp&quot;:&quot;1472311695&quot;,&quot;copyright&quot;:&quot;&quot;,&quot;focal_length&quot;:&quot;4.6&quot;,&quot;iso&quot;:&quot;80&quot;,&quot;shutter_speed&quot;:&quot;0.001&quot;,&quot;title&quot;:&quot;&quot;,&quot;orientation&quot;:&quot;0&quot;,&quot;keywords&quot;:&quot;Array&quot;}\" data-image-title=\"Mangart_via Slovena\" data-image-description=\"\" data-medium-file=\"https:\/\/gorskaprzygoda.pl\/wp-content\/uploads\/2016\/11\/Mangart_via-Slovena-300x225.jpg\" data-large-file=\"https:\/\/gorskaprzygoda.pl\/wp-content\/uploads\/2016\/11\/Mangart_via-Slovena-1024x768.jpg\" width=\"770\" height=\"578\" src=\"https:\/\/gorskaprzygoda.pl\/wp-content\/uploads\/2016\/11\/Mangart_via-Slovena-1024x768.jpg\" class=\"attachment-large size-large\" alt=\"\" aria-describedby=\"gallery-2-2856\" srcset=\"https:\/\/gorskaprzygoda.pl\/wp-content\/uploads\/2016\/11\/Mangart_via-Slovena-1024x768.jpg 1024w, https:\/\/gorskaprzygoda.pl\/wp-content\/uploads\/2016\/11\/Mangart_via-Slovena-300x225.jpg 300w, https:\/\/gorskaprzygoda.pl\/wp-content\/uploads\/2016\/11\/Mangart_via-Slovena-768x576.jpg 768w\" sizes=\"auto, (max-width: 770px) 100vw, 770px\" \/><\/a>\n\t\t\t<\/div>\n\t\t\t\t<figcaption class='wp-caption-text gallery-caption' id='gallery-2-2856'>\n\t\t\t\tBajeczne widoki na Jaloviec i pozosta\u0142e szczyty\n\t\t\t\t<\/figcaption><\/figure><figure class='gallery-item'>\n\t\t\t<div class='gallery-icon landscape'>\n\t\t\t\t<a href='https:\/\/gorskaprzygoda.pl\/wp-content\/uploads\/2016\/11\/Mangart_via-Slovena-2.jpg'><img loading=\"lazy\" decoding=\"async\" data-attachment-id=\"2857\" data-orig-file=\"https:\/\/gorskaprzygoda.pl\/wp-content\/uploads\/2016\/11\/Mangart_via-Slovena-2.jpg\" data-orig-size=\"1920,1440\" data-comments-opened=\"1\" data-image-meta=\"{&quot;aperture&quot;:&quot;8&quot;,&quot;credit&quot;:&quot;&quot;,&quot;camera&quot;:&quot;COOLPIX S2900&quot;,&quot;caption&quot;:&quot;&quot;,&quot;created_timestamp&quot;:&quot;1472317703&quot;,&quot;copyright&quot;:&quot;&quot;,&quot;focal_length&quot;:&quot;4.6&quot;,&quot;iso&quot;:&quot;80&quot;,&quot;shutter_speed&quot;:&quot;0.003125&quot;,&quot;title&quot;:&quot;&quot;,&quot;orientation&quot;:&quot;0&quot;,&quot;keywords&quot;:&quot;Array&quot;}\" data-image-title=\"Mangart_via Slovena-2\" data-image-description=\"\" data-medium-file=\"https:\/\/gorskaprzygoda.pl\/wp-content\/uploads\/2016\/11\/Mangart_via-Slovena-2-300x225.jpg\" data-large-file=\"https:\/\/gorskaprzygoda.pl\/wp-content\/uploads\/2016\/11\/Mangart_via-Slovena-2-1024x768.jpg\" width=\"770\" height=\"578\" src=\"https:\/\/gorskaprzygoda.pl\/wp-content\/uploads\/2016\/11\/Mangart_via-Slovena-2-1024x768.jpg\" class=\"attachment-large size-large\" alt=\"\" aria-describedby=\"gallery-2-2857\" srcset=\"https:\/\/gorskaprzygoda.pl\/wp-content\/uploads\/2016\/11\/Mangart_via-Slovena-2-1024x768.jpg 1024w, https:\/\/gorskaprzygoda.pl\/wp-content\/uploads\/2016\/11\/Mangart_via-Slovena-2-300x225.jpg 300w, https:\/\/gorskaprzygoda.pl\/wp-content\/uploads\/2016\/11\/Mangart_via-Slovena-2-768x576.jpg 768w\" sizes=\"auto, (max-width: 770px) 100vw, 770px\" \/><\/a>\n\t\t\t<\/div>\n\t\t\t\t<figcaption class='wp-caption-text gallery-caption' id='gallery-2-2857'>\n\t\t\t\tMangart i jego kopu\u0142a szczytowa\n\t\t\t\t<\/figcaption><\/figure><figure class='gallery-item'>\n\t\t\t<div class='gallery-icon landscape'>\n\t\t\t\t<a href='https:\/\/gorskaprzygoda.pl\/wp-content\/uploads\/2016\/11\/Mangart_via-Slovena-3.jpg'><img loading=\"lazy\" decoding=\"async\" data-attachment-id=\"2858\" data-orig-file=\"https:\/\/gorskaprzygoda.pl\/wp-content\/uploads\/2016\/11\/Mangart_via-Slovena-3.jpg\" data-orig-size=\"1920,1440\" data-comments-opened=\"1\" data-image-meta=\"{&quot;aperture&quot;:&quot;3.2&quot;,&quot;credit&quot;:&quot;&quot;,&quot;camera&quot;:&quot;COOLPIX S2900&quot;,&quot;caption&quot;:&quot;&quot;,&quot;created_timestamp&quot;:&quot;1472317792&quot;,&quot;copyright&quot;:&quot;&quot;,&quot;focal_length&quot;:&quot;4.6&quot;,&quot;iso&quot;:&quot;80&quot;,&quot;shutter_speed&quot;:&quot;0.003125&quot;,&quot;title&quot;:&quot;&quot;,&quot;orientation&quot;:&quot;0&quot;,&quot;keywords&quot;:&quot;Array&quot;}\" data-image-title=\"Mangart_via Slovena-3\" data-image-description=\"\" data-medium-file=\"https:\/\/gorskaprzygoda.pl\/wp-content\/uploads\/2016\/11\/Mangart_via-Slovena-3-300x225.jpg\" data-large-file=\"https:\/\/gorskaprzygoda.pl\/wp-content\/uploads\/2016\/11\/Mangart_via-Slovena-3-1024x768.jpg\" width=\"770\" height=\"578\" src=\"https:\/\/gorskaprzygoda.pl\/wp-content\/uploads\/2016\/11\/Mangart_via-Slovena-3-1024x768.jpg\" class=\"attachment-large size-large\" alt=\"\" aria-describedby=\"gallery-2-2858\" srcset=\"https:\/\/gorskaprzygoda.pl\/wp-content\/uploads\/2016\/11\/Mangart_via-Slovena-3-1024x768.jpg 1024w, https:\/\/gorskaprzygoda.pl\/wp-content\/uploads\/2016\/11\/Mangart_via-Slovena-3-300x225.jpg 300w, https:\/\/gorskaprzygoda.pl\/wp-content\/uploads\/2016\/11\/Mangart_via-Slovena-3-768x576.jpg 768w\" sizes=\"auto, (max-width: 770px) 100vw, 770px\" \/><\/a>\n\t\t\t<\/div>\n\t\t\t\t<figcaption class='wp-caption-text gallery-caption' id='gallery-2-2858'>\n\t\t\t\t\ud83d\ude42\n\t\t\t\t<\/figcaption><\/figure><figure class='gallery-item'>\n\t\t\t<div class='gallery-icon landscape'>\n\t\t\t\t<a href='https:\/\/gorskaprzygoda.pl\/wp-content\/uploads\/2016\/11\/Mangart_via-Slovena-4.jpg'><img loading=\"lazy\" decoding=\"async\" data-attachment-id=\"2859\" data-orig-file=\"https:\/\/gorskaprzygoda.pl\/wp-content\/uploads\/2016\/11\/Mangart_via-Slovena-4.jpg\" data-orig-size=\"1920,1440\" data-comments-opened=\"1\" data-image-meta=\"{&quot;aperture&quot;:&quot;2.6&quot;,&quot;credit&quot;:&quot;&quot;,&quot;camera&quot;:&quot;SM-G386F&quot;,&quot;caption&quot;:&quot;&quot;,&quot;created_timestamp&quot;:&quot;1472323241&quot;,&quot;copyright&quot;:&quot;&quot;,&quot;focal_length&quot;:&quot;3.31&quot;,&quot;iso&quot;:&quot;50&quot;,&quot;shutter_speed&quot;:&quot;0.002&quot;,&quot;title&quot;:&quot;&quot;,&quot;orientation&quot;:&quot;0&quot;,&quot;keywords&quot;:&quot;Array&quot;}\" data-image-title=\"Mangart_via Slovena-4\" data-image-description=\"\" data-medium-file=\"https:\/\/gorskaprzygoda.pl\/wp-content\/uploads\/2016\/11\/Mangart_via-Slovena-4-300x225.jpg\" data-large-file=\"https:\/\/gorskaprzygoda.pl\/wp-content\/uploads\/2016\/11\/Mangart_via-Slovena-4-1024x768.jpg\" width=\"770\" height=\"578\" src=\"https:\/\/gorskaprzygoda.pl\/wp-content\/uploads\/2016\/11\/Mangart_via-Slovena-4-1024x768.jpg\" class=\"attachment-large size-large\" alt=\"\" aria-describedby=\"gallery-2-2859\" srcset=\"https:\/\/gorskaprzygoda.pl\/wp-content\/uploads\/2016\/11\/Mangart_via-Slovena-4-1024x768.jpg 1024w, https:\/\/gorskaprzygoda.pl\/wp-content\/uploads\/2016\/11\/Mangart_via-Slovena-4-300x225.jpg 300w, https:\/\/gorskaprzygoda.pl\/wp-content\/uploads\/2016\/11\/Mangart_via-Slovena-4-768x576.jpg 768w\" sizes=\"auto, (max-width: 770px) 100vw, 770px\" \/><\/a>\n\t\t\t<\/div>\n\t\t\t\t<figcaption class='wp-caption-text gallery-caption' id='gallery-2-2859'>\n\t\t\t\tMangartskie Sedlo oraz schronisko i droga prowadz\u0105ca na prze\u0142\u0119cz\n\t\t\t\t<\/figcaption><\/figure>\n\t\t<\/div>\n<\/div>\n<p style=\"text-align: justify;\">Sp\u0119dzili\u015bmy tak troch\u0119 czasu, a\u017c w ko\u0144cu odezwa\u0142y si\u0119 nasze puste brzuchy. Im te\u017c si\u0119 co\u015b od \u017cycia nale\u017ca\u0142o \ud83d\ude42 Na schronisku zjedli\u015bmy przepyszn\u0105 w\u0142osk\u0105 past\u0119, a do tego wzi\u0119li\u015bmy jeszcze La\u0161ko i zn\u00f3w by\u0142o bosko \ud83d\ude42 Obijali\u015bmy si\u0119 tak do wieczora, a\u017c do zachodu s\u0142o\u0144ca. Mieli\u015bmy okazj\u0119 podziwia\u0107 go z <strong>Malego Vrhu<\/strong>. Zanim jednak znale\u017ali\u015bmy si\u0119 na naszym punkcie widokowym uda\u0142o nam si\u0119 podpatrzy\u0107 paralotniarzy wznosz\u0105cych si\u0119 w przestworza z prze\u0142\u0119czy, na kt\u00f3rej jeszcze kilka godzin temu le\u017celi\u015bmy. Fajnie by\u0142o zobaczy\u0107 jak rzucaj\u0105 si\u0119 w przepa\u015b\u0107, by po kilku chwilach wznie\u015b\u0107 si\u0119 w powietrze i szybowa\u0107 ponad dolinami. Wra\u017cenia musia\u0142y by\u0107 nieziemskie. Gdybym tylko mia\u0142 wtedy sposobno\u015b\u0107 do\u0142\u0105czy\u0107 do nich, ch\u0119tnie i bez zastanowienia bym to zrobi\u0142! \ud83d\ude42 Widoki w czasie zachodu s\u0142o\u0144ca by\u0142y kapitalne! Gra \u015bwiat\u0142a, chmur oraz okolicznych szczyt\u00f3w stworzy\u0142y cudowny spektakl.<\/p>\n<div data-carousel-extra='{\"blog_id\":1,\"permalink\":\"https:\\\/\\\/gorskaprzygoda.pl\\\/index.php\\\/2016\\\/11\\\/21\\\/wejscie-na-mangart-ferrata-via-slovena\\\/\"}' id='gallery-4' class='gallery galleryid-862 gallery-columns-2 gallery-size-large'><figure class='gallery-item'>\n\t\t\t<div class='gallery-icon landscape'>\n\t\t\t\t<a href='https:\/\/gorskaprzygoda.pl\/wp-content\/uploads\/2016\/11\/Mangart_via-Slovena-5.jpg'><img loading=\"lazy\" decoding=\"async\" data-attachment-id=\"2860\" data-orig-file=\"https:\/\/gorskaprzygoda.pl\/wp-content\/uploads\/2016\/11\/Mangart_via-Slovena-5.jpg\" data-orig-size=\"1920,1440\" data-comments-opened=\"1\" data-image-meta=\"{&quot;aperture&quot;:&quot;3.2&quot;,&quot;credit&quot;:&quot;&quot;,&quot;camera&quot;:&quot;COOLPIX S2900&quot;,&quot;caption&quot;:&quot;&quot;,&quot;created_timestamp&quot;:&quot;1472327027&quot;,&quot;copyright&quot;:&quot;&quot;,&quot;focal_length&quot;:&quot;4.6&quot;,&quot;iso&quot;:&quot;140&quot;,&quot;shutter_speed&quot;:&quot;0.004&quot;,&quot;title&quot;:&quot;&quot;,&quot;orientation&quot;:&quot;0&quot;,&quot;keywords&quot;:&quot;Array&quot;}\" data-image-title=\"Mangart_via Slovena-5\" data-image-description=\"\" data-medium-file=\"https:\/\/gorskaprzygoda.pl\/wp-content\/uploads\/2016\/11\/Mangart_via-Slovena-5-300x225.jpg\" data-large-file=\"https:\/\/gorskaprzygoda.pl\/wp-content\/uploads\/2016\/11\/Mangart_via-Slovena-5-1024x768.jpg\" width=\"770\" height=\"578\" src=\"https:\/\/gorskaprzygoda.pl\/wp-content\/uploads\/2016\/11\/Mangart_via-Slovena-5-1024x768.jpg\" class=\"attachment-large size-large\" alt=\"\" aria-describedby=\"gallery-4-2860\" srcset=\"https:\/\/gorskaprzygoda.pl\/wp-content\/uploads\/2016\/11\/Mangart_via-Slovena-5-1024x768.jpg 1024w, https:\/\/gorskaprzygoda.pl\/wp-content\/uploads\/2016\/11\/Mangart_via-Slovena-5-300x225.jpg 300w, https:\/\/gorskaprzygoda.pl\/wp-content\/uploads\/2016\/11\/Mangart_via-Slovena-5-768x576.jpg 768w\" sizes=\"auto, (max-width: 770px) 100vw, 770px\" \/><\/a>\n\t\t\t<\/div>\n\t\t\t\t<figcaption class='wp-caption-text gallery-caption' id='gallery-4-2860'>\n\t\t\t\tA to ju\u017c Mangart w kolorach zachodz\u0105cego s\u0142o\u0144ca \ud83d\ude42\n\t\t\t\t<\/figcaption><\/figure><figure class='gallery-item'>\n\t\t\t<div class='gallery-icon landscape'>\n\t\t\t\t<a href='https:\/\/gorskaprzygoda.pl\/wp-content\/uploads\/2016\/11\/Mangart_via-Slovena-6.jpg'><img loading=\"lazy\" decoding=\"async\" data-attachment-id=\"2861\" data-orig-file=\"https:\/\/gorskaprzygoda.pl\/wp-content\/uploads\/2016\/11\/Mangart_via-Slovena-6.jpg\" data-orig-size=\"1920,1440\" data-comments-opened=\"1\" data-image-meta=\"{&quot;aperture&quot;:&quot;3.2&quot;,&quot;credit&quot;:&quot;&quot;,&quot;camera&quot;:&quot;COOLPIX S2900&quot;,&quot;caption&quot;:&quot;&quot;,&quot;created_timestamp&quot;:&quot;1472327169&quot;,&quot;copyright&quot;:&quot;&quot;,&quot;focal_length&quot;:&quot;4.6&quot;,&quot;iso&quot;:&quot;80&quot;,&quot;shutter_speed&quot;:&quot;0.003125&quot;,&quot;title&quot;:&quot;&quot;,&quot;orientation&quot;:&quot;0&quot;,&quot;keywords&quot;:&quot;Array&quot;}\" data-image-title=\"Mangart_via Slovena-6\" data-image-description=\"\" data-medium-file=\"https:\/\/gorskaprzygoda.pl\/wp-content\/uploads\/2016\/11\/Mangart_via-Slovena-6-300x225.jpg\" data-large-file=\"https:\/\/gorskaprzygoda.pl\/wp-content\/uploads\/2016\/11\/Mangart_via-Slovena-6-1024x768.jpg\" width=\"770\" height=\"578\" src=\"https:\/\/gorskaprzygoda.pl\/wp-content\/uploads\/2016\/11\/Mangart_via-Slovena-6-1024x768.jpg\" class=\"attachment-large size-large\" alt=\"\" aria-describedby=\"gallery-4-2861\" srcset=\"https:\/\/gorskaprzygoda.pl\/wp-content\/uploads\/2016\/11\/Mangart_via-Slovena-6-1024x768.jpg 1024w, https:\/\/gorskaprzygoda.pl\/wp-content\/uploads\/2016\/11\/Mangart_via-Slovena-6-300x225.jpg 300w, https:\/\/gorskaprzygoda.pl\/wp-content\/uploads\/2016\/11\/Mangart_via-Slovena-6-768x576.jpg 768w\" sizes=\"auto, (max-width: 770px) 100vw, 770px\" \/><\/a>\n\t\t\t<\/div>\n\t\t\t\t<figcaption class='wp-caption-text gallery-caption' id='gallery-4-2861'>\n\t\t\t\tI magiczny zach\u00f3d s\u0142o\u0144ca pod Mangartem \ud83d\ude00\n\t\t\t\t<\/figcaption><\/figure>\n\t\t<\/div>\n\n<p style=\"text-align: justify;\">Gdy s\u0142o\u0144ce schowa\u0142o si\u0119 za horyzontem w mig zrobi\u0142o si\u0119 ciemno wi\u0119c zacz\u0119li\u015bmy rozgl\u0105da\u0107 si\u0119 za miejscem na biwak. Chcieli\u015bmy sp\u0119dzi\u0107 t\u0105 pi\u0119kn\u0105 noc pod chmurk\u0105, ale szybko obni\u017caj\u0105ca si\u0119 temperatura oraz rosa troch\u0119 zniech\u0119ci\u0142y nas do tego i ostatecznie sp\u0119dzili\u015bmy t\u0119 noc \u015bpi\u0105c w samochodzie. Z racji tego, \u017ce byli\u015bmy na znacznej wysoko\u015bci, daleko od \u017ar\u00f3de\u0142 \u015bwiat\u0142a uda\u0142o nam si\u0119 podziwia\u0107 noc\u0105 niezliczon\u0105 ilo\u015b\u0107 gwiazd oraz Drog\u0119 Mleczn\u0105 rozci\u0105gaj\u0105c\u0105 si\u0119 po niebie. Chyba nigdy w \u017cyciu nie zapomn\u0119 tych chwil oraz tego widoku! Magia w najczystszej postaci! \ud83d\ude42<\/p>\n<p style=\"text-align: justify;\">Noc by\u0142a naprawd\u0119 zimna i nie przespali\u015bmy za wiele wi\u0119c plan podziwiania wschodu s\u0142o\u0144ca prze\u0142o\u017cyli\u015bmy na inn\u0105 okazj\u0119. Zostali\u015bmy troch\u0119 d\u0142u\u017cej w \u015bpiworach i dopiero kiedy coraz wi\u0119cej samochod\u00f3w zacz\u0119\u0142o podje\u017cd\u017ca\u0107 pod <strong>Mangartskie Sedlo<\/strong>, r\u00f3wnie\u017c i my wype\u0142zn\u0119li\u015bmy z naszych kokon\u00f3w. Spakowali\u015bmy wszystkie potrzebne rzeczy do plecak\u00f3w i ruszyli\u015bmy na szlak.<\/p>\n<div data-carousel-extra='{\"blog_id\":1,\"permalink\":\"https:\\\/\\\/gorskaprzygoda.pl\\\/index.php\\\/2016\\\/11\\\/21\\\/wejscie-na-mangart-ferrata-via-slovena\\\/\"}' id='gallery-6' class='gallery galleryid-862 gallery-columns-3 gallery-size-large'><figure class='gallery-item'>\n\t\t\t<div class='gallery-icon landscape'>\n\t\t\t\t<a href='https:\/\/gorskaprzygoda.pl\/wp-content\/uploads\/2016\/11\/Mangart_via-Slovena-9.jpg'><img loading=\"lazy\" decoding=\"async\" data-attachment-id=\"2864\" data-orig-file=\"https:\/\/gorskaprzygoda.pl\/wp-content\/uploads\/2016\/11\/Mangart_via-Slovena-9.jpg\" data-orig-size=\"1920,1440\" data-comments-opened=\"1\" data-image-meta=\"{&quot;aperture&quot;:&quot;2.6&quot;,&quot;credit&quot;:&quot;&quot;,&quot;camera&quot;:&quot;SM-G386F&quot;,&quot;caption&quot;:&quot;&quot;,&quot;created_timestamp&quot;:&quot;1472369826&quot;,&quot;copyright&quot;:&quot;&quot;,&quot;focal_length&quot;:&quot;3.31&quot;,&quot;iso&quot;:&quot;50&quot;,&quot;shutter_speed&quot;:&quot;0.0008&quot;,&quot;title&quot;:&quot;&quot;,&quot;orientation&quot;:&quot;0&quot;,&quot;keywords&quot;:&quot;Array&quot;}\" data-image-title=\"Mangart_via Slovena-9\" data-image-description=\"\" data-medium-file=\"https:\/\/gorskaprzygoda.pl\/wp-content\/uploads\/2016\/11\/Mangart_via-Slovena-9-300x225.jpg\" data-large-file=\"https:\/\/gorskaprzygoda.pl\/wp-content\/uploads\/2016\/11\/Mangart_via-Slovena-9-1024x768.jpg\" width=\"770\" height=\"578\" src=\"https:\/\/gorskaprzygoda.pl\/wp-content\/uploads\/2016\/11\/Mangart_via-Slovena-9-1024x768.jpg\" class=\"attachment-large size-large\" alt=\"\" aria-describedby=\"gallery-6-2864\" srcset=\"https:\/\/gorskaprzygoda.pl\/wp-content\/uploads\/2016\/11\/Mangart_via-Slovena-9-1024x768.jpg 1024w, https:\/\/gorskaprzygoda.pl\/wp-content\/uploads\/2016\/11\/Mangart_via-Slovena-9-300x225.jpg 300w, https:\/\/gorskaprzygoda.pl\/wp-content\/uploads\/2016\/11\/Mangart_via-Slovena-9-768x576.jpg 768w\" sizes=\"auto, (max-width: 770px) 100vw, 770px\" \/><\/a>\n\t\t\t<\/div>\n\t\t\t\t<figcaption class='wp-caption-text gallery-caption' id='gallery-6-2864'>\n\t\t\t\tPo austriackiej stronie g\u00f3ry przykryte ko\u0142derk\u0105 porannych mgie\u0142.\n\t\t\t\t<\/figcaption><\/figure><figure class='gallery-item'>\n\t\t\t<div class='gallery-icon landscape'>\n\t\t\t\t<a href='https:\/\/gorskaprzygoda.pl\/wp-content\/uploads\/2016\/11\/Mangart_via-Slovena-8.jpg'><img loading=\"lazy\" decoding=\"async\" data-attachment-id=\"2863\" data-orig-file=\"https:\/\/gorskaprzygoda.pl\/wp-content\/uploads\/2016\/11\/Mangart_via-Slovena-8.jpg\" data-orig-size=\"1920,1440\" data-comments-opened=\"1\" data-image-meta=\"{&quot;aperture&quot;:&quot;2.6&quot;,&quot;credit&quot;:&quot;&quot;,&quot;camera&quot;:&quot;SM-G386F&quot;,&quot;caption&quot;:&quot;&quot;,&quot;created_timestamp&quot;:&quot;1472369811&quot;,&quot;copyright&quot;:&quot;&quot;,&quot;focal_length&quot;:&quot;3.31&quot;,&quot;iso&quot;:&quot;50&quot;,&quot;shutter_speed&quot;:&quot;0.00090909090909091&quot;,&quot;title&quot;:&quot;&quot;,&quot;orientation&quot;:&quot;0&quot;,&quot;keywords&quot;:&quot;Array&quot;}\" data-image-title=\"Mangart_via Slovena-8\" data-image-description=\"\" data-medium-file=\"https:\/\/gorskaprzygoda.pl\/wp-content\/uploads\/2016\/11\/Mangart_via-Slovena-8-300x225.jpg\" data-large-file=\"https:\/\/gorskaprzygoda.pl\/wp-content\/uploads\/2016\/11\/Mangart_via-Slovena-8-1024x768.jpg\" width=\"770\" height=\"578\" src=\"https:\/\/gorskaprzygoda.pl\/wp-content\/uploads\/2016\/11\/Mangart_via-Slovena-8-1024x768.jpg\" class=\"attachment-large size-large\" alt=\"\" aria-describedby=\"gallery-6-2863\" srcset=\"https:\/\/gorskaprzygoda.pl\/wp-content\/uploads\/2016\/11\/Mangart_via-Slovena-8-1024x768.jpg 1024w, https:\/\/gorskaprzygoda.pl\/wp-content\/uploads\/2016\/11\/Mangart_via-Slovena-8-300x225.jpg 300w, https:\/\/gorskaprzygoda.pl\/wp-content\/uploads\/2016\/11\/Mangart_via-Slovena-8-768x576.jpg 768w\" sizes=\"auto, (max-width: 770px) 100vw, 770px\" \/><\/a>\n\t\t\t<\/div>\n\t\t\t\t<figcaption class='wp-caption-text gallery-caption' id='gallery-6-2863'>\n\t\t\t\tS\u0142o\u0144ce ju\u017c nieco wy\u017cej, ale droga na Mangartskie Sedlo dalej w cieniu Mangarta\n\t\t\t\t<\/figcaption><\/figure><figure class='gallery-item'>\n\t\t\t<div class='gallery-icon landscape'>\n\t\t\t\t<a href='https:\/\/gorskaprzygoda.pl\/wp-content\/uploads\/2016\/11\/Mangart_via-Slovena-7.jpg'><img loading=\"lazy\" decoding=\"async\" data-attachment-id=\"2862\" data-orig-file=\"https:\/\/gorskaprzygoda.pl\/wp-content\/uploads\/2016\/11\/Mangart_via-Slovena-7.jpg\" data-orig-size=\"1920,1440\" data-comments-opened=\"1\" data-image-meta=\"{&quot;aperture&quot;:&quot;4.2&quot;,&quot;credit&quot;:&quot;&quot;,&quot;camera&quot;:&quot;COOLPIX S2900&quot;,&quot;caption&quot;:&quot;&quot;,&quot;created_timestamp&quot;:&quot;1472366988&quot;,&quot;copyright&quot;:&quot;&quot;,&quot;focal_length&quot;:&quot;7.7&quot;,&quot;iso&quot;:&quot;80&quot;,&quot;shutter_speed&quot;:&quot;0.003125&quot;,&quot;title&quot;:&quot;&quot;,&quot;orientation&quot;:&quot;0&quot;,&quot;keywords&quot;:&quot;Array&quot;}\" data-image-title=\"Mangart_via Slovena-7\" data-image-description=\"\" data-medium-file=\"https:\/\/gorskaprzygoda.pl\/wp-content\/uploads\/2016\/11\/Mangart_via-Slovena-7-300x225.jpg\" data-large-file=\"https:\/\/gorskaprzygoda.pl\/wp-content\/uploads\/2016\/11\/Mangart_via-Slovena-7-1024x768.jpg\" width=\"770\" height=\"578\" src=\"https:\/\/gorskaprzygoda.pl\/wp-content\/uploads\/2016\/11\/Mangart_via-Slovena-7-1024x768.jpg\" class=\"attachment-large size-large\" alt=\"\" aria-describedby=\"gallery-6-2862\" srcset=\"https:\/\/gorskaprzygoda.pl\/wp-content\/uploads\/2016\/11\/Mangart_via-Slovena-7-1024x768.jpg 1024w, https:\/\/gorskaprzygoda.pl\/wp-content\/uploads\/2016\/11\/Mangart_via-Slovena-7-300x225.jpg 300w, https:\/\/gorskaprzygoda.pl\/wp-content\/uploads\/2016\/11\/Mangart_via-Slovena-7-768x576.jpg 768w\" sizes=\"auto, (max-width: 770px) 100vw, 770px\" \/><\/a>\n\t\t\t<\/div>\n\t\t\t\t<figcaption class='wp-caption-text gallery-caption' id='gallery-6-2862'>\n\t\t\t\tAlpy Julijskie w promieniach porannego s\u0142o\u0144ca\n\t\t\t\t<\/figcaption><\/figure>\n\t\t<\/div>\n\n<p style=\"text-align: justify;\">Na szczyt zamierzali\u015bmy wchodzi\u0107 drog\u0105 s\u0142owe\u0144sk\u0105, t\u0105 kt\u00f3ra ostatnim razem zmusi\u0142a nas do odwrotu. Tym razem na szlaku nie by\u0142o ju\u017c ani grama \u015bniegu. Warunki by\u0142y idealne. Kiedy tak sobie patrzy\u0142em na drog\u0119 naszego przej\u015bcia ca\u0142y czas mia\u0142em przed oczami obrazy z przed kilku miesi\u0119cy i nie mog\u0142em uwierzy\u0107 jak zupe\u0142nie odmiennie to wszystko wygl\u0105da\u0142o. Wtedy znaczna cz\u0119\u015b\u0107 ferraty skuta by\u0142a \u015bniegiem i lodem, niedost\u0119pna, nieodkryta i gro\u017ana. A teraz? Nad naszymi g\u0142owami ja\u015bnia\u0142 b\u0142\u0119kit nieba, \u015bwieci\u0142o s\u0142o\u0144ce, przed nami wycieczka S\u0142owe\u0144c\u00f3w g\u0142o\u015bno i rado\u015bnie pod\u0105\u017ca\u0142a ferrat\u0105 w g\u00f3r\u0119, droga by\u0142a \u0142atwa i oczywista. Jedynie spory t\u0142ok na szlaku odbiera\u0142 uroku ca\u0142ej tej sytuacji.<\/p>\n<div data-carousel-extra='{\"blog_id\":1,\"permalink\":\"https:\\\/\\\/gorskaprzygoda.pl\\\/index.php\\\/2016\\\/11\\\/21\\\/wejscie-na-mangart-ferrata-via-slovena\\\/\"}' id='gallery-8' class='gallery galleryid-862 gallery-columns-2 gallery-size-large'><figure class='gallery-item'>\n\t\t\t<div class='gallery-icon landscape'>\n\t\t\t\t<a href='https:\/\/gorskaprzygoda.pl\/wp-content\/uploads\/2016\/11\/Mangart_via-Slovena-10.jpg'><img loading=\"lazy\" decoding=\"async\" data-attachment-id=\"2865\" data-orig-file=\"https:\/\/gorskaprzygoda.pl\/wp-content\/uploads\/2016\/11\/Mangart_via-Slovena-10.jpg\" data-orig-size=\"1920,1440\" data-comments-opened=\"1\" data-image-meta=\"{&quot;aperture&quot;:&quot;3.2&quot;,&quot;credit&quot;:&quot;&quot;,&quot;camera&quot;:&quot;COOLPIX S2900&quot;,&quot;caption&quot;:&quot;&quot;,&quot;created_timestamp&quot;:&quot;1472370982&quot;,&quot;copyright&quot;:&quot;&quot;,&quot;focal_length&quot;:&quot;4.6&quot;,&quot;iso&quot;:&quot;80&quot;,&quot;shutter_speed&quot;:&quot;0.0125&quot;,&quot;title&quot;:&quot;&quot;,&quot;orientation&quot;:&quot;0&quot;,&quot;keywords&quot;:&quot;Array&quot;}\" data-image-title=\"Mangart_via Slovena-10\" data-image-description=\"\" data-medium-file=\"https:\/\/gorskaprzygoda.pl\/wp-content\/uploads\/2016\/11\/Mangart_via-Slovena-10-300x225.jpg\" data-large-file=\"https:\/\/gorskaprzygoda.pl\/wp-content\/uploads\/2016\/11\/Mangart_via-Slovena-10-1024x768.jpg\" width=\"770\" height=\"578\" src=\"https:\/\/gorskaprzygoda.pl\/wp-content\/uploads\/2016\/11\/Mangart_via-Slovena-10-1024x768.jpg\" class=\"attachment-large size-large\" alt=\"\" srcset=\"https:\/\/gorskaprzygoda.pl\/wp-content\/uploads\/2016\/11\/Mangart_via-Slovena-10-1024x768.jpg 1024w, https:\/\/gorskaprzygoda.pl\/wp-content\/uploads\/2016\/11\/Mangart_via-Slovena-10-300x225.jpg 300w, https:\/\/gorskaprzygoda.pl\/wp-content\/uploads\/2016\/11\/Mangart_via-Slovena-10-768x576.jpg 768w\" sizes=\"auto, (max-width: 770px) 100vw, 770px\" \/><\/a>\n\t\t\t<\/div><\/figure><figure class='gallery-item'>\n\t\t\t<div class='gallery-icon landscape'>\n\t\t\t\t<a href='https:\/\/gorskaprzygoda.pl\/wp-content\/uploads\/2016\/11\/Mangart_via-Slovena-34.jpg'><img loading=\"lazy\" decoding=\"async\" data-attachment-id=\"2889\" data-orig-file=\"https:\/\/gorskaprzygoda.pl\/wp-content\/uploads\/2016\/11\/Mangart_via-Slovena-34.jpg\" data-orig-size=\"1920,1310\" data-comments-opened=\"1\" data-image-meta=\"{&quot;aperture&quot;:&quot;0&quot;,&quot;credit&quot;:&quot;&quot;,&quot;camera&quot;:&quot;&quot;,&quot;caption&quot;:&quot;&quot;,&quot;created_timestamp&quot;:&quot;0&quot;,&quot;copyright&quot;:&quot;&quot;,&quot;focal_length&quot;:&quot;0&quot;,&quot;iso&quot;:&quot;0&quot;,&quot;shutter_speed&quot;:&quot;0&quot;,&quot;title&quot;:&quot;&quot;,&quot;orientation&quot;:&quot;0&quot;,&quot;keywords&quot;:&quot;Array&quot;}\" data-image-title=\"Mangart_via Slovena-34\" data-image-description=\"\" data-medium-file=\"https:\/\/gorskaprzygoda.pl\/wp-content\/uploads\/2016\/11\/Mangart_via-Slovena-34-300x205.jpg\" data-large-file=\"https:\/\/gorskaprzygoda.pl\/wp-content\/uploads\/2016\/11\/Mangart_via-Slovena-34-1024x699.jpg\" width=\"770\" height=\"526\" src=\"https:\/\/gorskaprzygoda.pl\/wp-content\/uploads\/2016\/11\/Mangart_via-Slovena-34-1024x699.jpg\" class=\"attachment-large size-large\" alt=\"\" srcset=\"https:\/\/gorskaprzygoda.pl\/wp-content\/uploads\/2016\/11\/Mangart_via-Slovena-34-1024x699.jpg 1024w, https:\/\/gorskaprzygoda.pl\/wp-content\/uploads\/2016\/11\/Mangart_via-Slovena-34-300x205.jpg 300w, https:\/\/gorskaprzygoda.pl\/wp-content\/uploads\/2016\/11\/Mangart_via-Slovena-34-768x524.jpg 768w\" sizes=\"auto, (max-width: 770px) 100vw, 770px\" \/><\/a>\n\t\t\t<\/div><\/figure><figure class='gallery-item'>\n\t\t\t<div class='gallery-icon landscape'>\n\t\t\t\t<a href='https:\/\/gorskaprzygoda.pl\/wp-content\/uploads\/2016\/11\/Mangart_via-Slovena-12.jpg'><img loading=\"lazy\" decoding=\"async\" data-attachment-id=\"2867\" data-orig-file=\"https:\/\/gorskaprzygoda.pl\/wp-content\/uploads\/2016\/11\/Mangart_via-Slovena-12.jpg\" data-orig-size=\"1920,1440\" data-comments-opened=\"1\" data-image-meta=\"{&quot;aperture&quot;:&quot;3.2&quot;,&quot;credit&quot;:&quot;&quot;,&quot;camera&quot;:&quot;COOLPIX S2900&quot;,&quot;caption&quot;:&quot;&quot;,&quot;created_timestamp&quot;:&quot;1472371540&quot;,&quot;copyright&quot;:&quot;&quot;,&quot;focal_length&quot;:&quot;4.6&quot;,&quot;iso&quot;:&quot;80&quot;,&quot;shutter_speed&quot;:&quot;0.004&quot;,&quot;title&quot;:&quot;&quot;,&quot;orientation&quot;:&quot;0&quot;,&quot;keywords&quot;:&quot;Array&quot;}\" data-image-title=\"Mangart_via Slovena-12\" data-image-description=\"\" data-medium-file=\"https:\/\/gorskaprzygoda.pl\/wp-content\/uploads\/2016\/11\/Mangart_via-Slovena-12-300x225.jpg\" data-large-file=\"https:\/\/gorskaprzygoda.pl\/wp-content\/uploads\/2016\/11\/Mangart_via-Slovena-12-1024x768.jpg\" width=\"770\" height=\"578\" src=\"https:\/\/gorskaprzygoda.pl\/wp-content\/uploads\/2016\/11\/Mangart_via-Slovena-12-1024x768.jpg\" class=\"attachment-large size-large\" alt=\"\" srcset=\"https:\/\/gorskaprzygoda.pl\/wp-content\/uploads\/2016\/11\/Mangart_via-Slovena-12-1024x768.jpg 1024w, https:\/\/gorskaprzygoda.pl\/wp-content\/uploads\/2016\/11\/Mangart_via-Slovena-12-300x225.jpg 300w, https:\/\/gorskaprzygoda.pl\/wp-content\/uploads\/2016\/11\/Mangart_via-Slovena-12-768x576.jpg 768w\" sizes=\"auto, (max-width: 770px) 100vw, 770px\" \/><\/a>\n\t\t\t<\/div><\/figure><figure class='gallery-item'>\n\t\t\t<div class='gallery-icon landscape'>\n\t\t\t\t<a href='https:\/\/gorskaprzygoda.pl\/wp-content\/uploads\/2016\/11\/Mangart_via-Slovena-11.jpg'><img loading=\"lazy\" decoding=\"async\" data-attachment-id=\"2866\" data-orig-file=\"https:\/\/gorskaprzygoda.pl\/wp-content\/uploads\/2016\/11\/Mangart_via-Slovena-11.jpg\" data-orig-size=\"1920,1440\" data-comments-opened=\"1\" data-image-meta=\"{&quot;aperture&quot;:&quot;3.2&quot;,&quot;credit&quot;:&quot;&quot;,&quot;camera&quot;:&quot;COOLPIX S2900&quot;,&quot;caption&quot;:&quot;&quot;,&quot;created_timestamp&quot;:&quot;1472371254&quot;,&quot;copyright&quot;:&quot;&quot;,&quot;focal_length&quot;:&quot;4.6&quot;,&quot;iso&quot;:&quot;280&quot;,&quot;shutter_speed&quot;:&quot;0.004&quot;,&quot;title&quot;:&quot;&quot;,&quot;orientation&quot;:&quot;0&quot;,&quot;keywords&quot;:&quot;Array&quot;}\" data-image-title=\"Mangart_via Slovena-11\" data-image-description=\"\" data-medium-file=\"https:\/\/gorskaprzygoda.pl\/wp-content\/uploads\/2016\/11\/Mangart_via-Slovena-11-300x225.jpg\" data-large-file=\"https:\/\/gorskaprzygoda.pl\/wp-content\/uploads\/2016\/11\/Mangart_via-Slovena-11-1024x768.jpg\" width=\"770\" height=\"578\" src=\"https:\/\/gorskaprzygoda.pl\/wp-content\/uploads\/2016\/11\/Mangart_via-Slovena-11-1024x768.jpg\" class=\"attachment-large size-large\" alt=\"\" srcset=\"https:\/\/gorskaprzygoda.pl\/wp-content\/uploads\/2016\/11\/Mangart_via-Slovena-11-1024x768.jpg 1024w, https:\/\/gorskaprzygoda.pl\/wp-content\/uploads\/2016\/11\/Mangart_via-Slovena-11-300x225.jpg 300w, https:\/\/gorskaprzygoda.pl\/wp-content\/uploads\/2016\/11\/Mangart_via-Slovena-11-768x576.jpg 768w\" sizes=\"auto, (max-width: 770px) 100vw, 770px\" \/><\/a>\n\t\t\t<\/div><\/figure><figure class='gallery-item'>\n\t\t\t<div class='gallery-icon landscape'>\n\t\t\t\t<a href='https:\/\/gorskaprzygoda.pl\/wp-content\/uploads\/2016\/11\/Mangart_via-Slovena-14.jpg'><img loading=\"lazy\" decoding=\"async\" data-attachment-id=\"2869\" data-orig-file=\"https:\/\/gorskaprzygoda.pl\/wp-content\/uploads\/2016\/11\/Mangart_via-Slovena-14.jpg\" data-orig-size=\"1920,1440\" data-comments-opened=\"1\" data-image-meta=\"{&quot;aperture&quot;:&quot;3.2&quot;,&quot;credit&quot;:&quot;&quot;,&quot;camera&quot;:&quot;COOLPIX S2900&quot;,&quot;caption&quot;:&quot;&quot;,&quot;created_timestamp&quot;:&quot;1472372157&quot;,&quot;copyright&quot;:&quot;&quot;,&quot;focal_length&quot;:&quot;4.6&quot;,&quot;iso&quot;:&quot;80&quot;,&quot;shutter_speed&quot;:&quot;0.00625&quot;,&quot;title&quot;:&quot;&quot;,&quot;orientation&quot;:&quot;0&quot;,&quot;keywords&quot;:&quot;Array&quot;}\" data-image-title=\"Mangart_via Slovena-14\" data-image-description=\"\" data-medium-file=\"https:\/\/gorskaprzygoda.pl\/wp-content\/uploads\/2016\/11\/Mangart_via-Slovena-14-300x225.jpg\" data-large-file=\"https:\/\/gorskaprzygoda.pl\/wp-content\/uploads\/2016\/11\/Mangart_via-Slovena-14-1024x768.jpg\" width=\"770\" height=\"578\" src=\"https:\/\/gorskaprzygoda.pl\/wp-content\/uploads\/2016\/11\/Mangart_via-Slovena-14-1024x768.jpg\" class=\"attachment-large size-large\" alt=\"\" srcset=\"https:\/\/gorskaprzygoda.pl\/wp-content\/uploads\/2016\/11\/Mangart_via-Slovena-14-1024x768.jpg 1024w, https:\/\/gorskaprzygoda.pl\/wp-content\/uploads\/2016\/11\/Mangart_via-Slovena-14-300x225.jpg 300w, https:\/\/gorskaprzygoda.pl\/wp-content\/uploads\/2016\/11\/Mangart_via-Slovena-14-768x576.jpg 768w\" sizes=\"auto, (max-width: 770px) 100vw, 770px\" \/><\/a>\n\t\t\t<\/div><\/figure><figure class='gallery-item'>\n\t\t\t<div class='gallery-icon landscape'>\n\t\t\t\t<a href='https:\/\/gorskaprzygoda.pl\/wp-content\/uploads\/2016\/11\/Mangart_via-Slovena-15.jpg'><img loading=\"lazy\" decoding=\"async\" data-attachment-id=\"2870\" data-orig-file=\"https:\/\/gorskaprzygoda.pl\/wp-content\/uploads\/2016\/11\/Mangart_via-Slovena-15.jpg\" data-orig-size=\"1920,1440\" data-comments-opened=\"1\" data-image-meta=\"{&quot;aperture&quot;:&quot;3.2&quot;,&quot;credit&quot;:&quot;&quot;,&quot;camera&quot;:&quot;COOLPIX S2900&quot;,&quot;caption&quot;:&quot;&quot;,&quot;created_timestamp&quot;:&quot;1472372301&quot;,&quot;copyright&quot;:&quot;&quot;,&quot;focal_length&quot;:&quot;4.6&quot;,&quot;iso&quot;:&quot;80&quot;,&quot;shutter_speed&quot;:&quot;0.01&quot;,&quot;title&quot;:&quot;&quot;,&quot;orientation&quot;:&quot;0&quot;,&quot;keywords&quot;:&quot;Array&quot;}\" data-image-title=\"Mangart_via Slovena-15\" data-image-description=\"\" data-medium-file=\"https:\/\/gorskaprzygoda.pl\/wp-content\/uploads\/2016\/11\/Mangart_via-Slovena-15-300x225.jpg\" data-large-file=\"https:\/\/gorskaprzygoda.pl\/wp-content\/uploads\/2016\/11\/Mangart_via-Slovena-15-1024x768.jpg\" width=\"770\" height=\"578\" src=\"https:\/\/gorskaprzygoda.pl\/wp-content\/uploads\/2016\/11\/Mangart_via-Slovena-15-1024x768.jpg\" class=\"attachment-large size-large\" alt=\"\" srcset=\"https:\/\/gorskaprzygoda.pl\/wp-content\/uploads\/2016\/11\/Mangart_via-Slovena-15-1024x768.jpg 1024w, https:\/\/gorskaprzygoda.pl\/wp-content\/uploads\/2016\/11\/Mangart_via-Slovena-15-300x225.jpg 300w, https:\/\/gorskaprzygoda.pl\/wp-content\/uploads\/2016\/11\/Mangart_via-Slovena-15-768x576.jpg 768w\" sizes=\"auto, (max-width: 770px) 100vw, 770px\" \/><\/a>\n\t\t\t<\/div><\/figure><figure class='gallery-item'>\n\t\t\t<div class='gallery-icon landscape'>\n\t\t\t\t<a href='https:\/\/gorskaprzygoda.pl\/wp-content\/uploads\/2016\/11\/Mangart_via-Slovena-13.jpg'><img loading=\"lazy\" decoding=\"async\" data-attachment-id=\"2868\" data-orig-file=\"https:\/\/gorskaprzygoda.pl\/wp-content\/uploads\/2016\/11\/Mangart_via-Slovena-13.jpg\" data-orig-size=\"1920,1440\" data-comments-opened=\"1\" data-image-meta=\"{&quot;aperture&quot;:&quot;3.2&quot;,&quot;credit&quot;:&quot;&quot;,&quot;camera&quot;:&quot;COOLPIX S2900&quot;,&quot;caption&quot;:&quot;&quot;,&quot;created_timestamp&quot;:&quot;1472371807&quot;,&quot;copyright&quot;:&quot;&quot;,&quot;focal_length&quot;:&quot;4.6&quot;,&quot;iso&quot;:&quot;80&quot;,&quot;shutter_speed&quot;:&quot;0.005&quot;,&quot;title&quot;:&quot;&quot;,&quot;orientation&quot;:&quot;0&quot;,&quot;keywords&quot;:&quot;Array&quot;}\" data-image-title=\"Mangart_via Slovena-13\" data-image-description=\"\" data-medium-file=\"https:\/\/gorskaprzygoda.pl\/wp-content\/uploads\/2016\/11\/Mangart_via-Slovena-13-300x225.jpg\" data-large-file=\"https:\/\/gorskaprzygoda.pl\/wp-content\/uploads\/2016\/11\/Mangart_via-Slovena-13-1024x768.jpg\" width=\"770\" height=\"578\" src=\"https:\/\/gorskaprzygoda.pl\/wp-content\/uploads\/2016\/11\/Mangart_via-Slovena-13-1024x768.jpg\" class=\"attachment-large size-large\" alt=\"\" srcset=\"https:\/\/gorskaprzygoda.pl\/wp-content\/uploads\/2016\/11\/Mangart_via-Slovena-13-1024x768.jpg 1024w, https:\/\/gorskaprzygoda.pl\/wp-content\/uploads\/2016\/11\/Mangart_via-Slovena-13-300x225.jpg 300w, https:\/\/gorskaprzygoda.pl\/wp-content\/uploads\/2016\/11\/Mangart_via-Slovena-13-768x576.jpg 768w\" sizes=\"auto, (max-width: 770px) 100vw, 770px\" \/><\/a>\n\t\t\t<\/div><\/figure>\n\t\t<\/div>\n\n<p style=\"text-align: justify;\">Fajnie zn\u00f3w by\u0142o wpi\u0105\u0107 si\u0119 lon\u017c\u0105 do stalowej liny. Znajomy pocz\u0105tek pokonali\u015bmy szybko i sprawnie. Kolejne fragmenty drogi w letniej aurze r\u00f3wnie\u017c nie sprawi\u0142y nam \u017cadnego problemu. I pomy\u015ble\u0107, \u017ce w czasie pierwszego wyjazdu walczyli\u015bmy tutaj o ka\u017cdy metr\u2026 Na szcz\u0119\u015bcie tym razem wszystko dopisa\u0142o i mogli\u015bmy si\u0119 cieszy\u0107 z pokonywania kolejnych odcink\u00f3w ferraty. Sama droga poprzeplatana jest odcinkami ubezpieczonej ferraty oraz I-I+ wspinania bez asekuracji. W miar\u0119 zdobywania wysoko\u015bci na horyzoncie wy\u0142ania\u0142y si\u0119 przed nami coraz to lepsze widoki. Bez trudu wypatrzy\u0107 mo\u017cna by\u0142o <strong>Hochalmspitze<\/strong>, a tak\u017ce <a href=\"https:\/\/gorskaprzygoda.pl\/index.php\/2015\/07\/09\/wejscie-na-grossglockner\/\"><strong>Gro\u03b2glocknera<\/strong><\/a>. Nie wspomn\u0119 ju\u017c o najbli\u017cszym otoczeniu <strong>Mangarta<\/strong>. Widoczno\u015b\u0107 by\u0142a naprawd\u0119 bardzo dobra! Po nieco ponad 1h uda\u0142o nam si\u0119 stan\u0105\u0107 na wierzcho\u0142ku <strong>Mangarta<\/strong>, kt\u00f3ry wznosi si\u0119 na wysoko\u015b\u0107 <strong>2679 m<\/strong>. Widok rozpo\u015bcieraj\u0105cy si\u0119 dooko\u0142a zapiera\u0142 dech w piersiach. Jedynie obecne t\u0142umy, jak na <a href=\"https:\/\/gorskaprzygoda.pl\/index.php\/2017\/03\/05\/zimowe-wejscie-na-rysy\/\"><strong>Rysach<\/strong><\/a> w szczycie sezonu, burzy\u0142y harmoni\u0119 tego miejsca. Nauczka na przysz\u0142o\u015b\u0107. Trzeba by\u0142o jednak wyj\u015b\u0107 na wsch\u00f3d s\u0142o\u0144ca i od razu ruszy\u0107 do g\u00f3ry. Ela znalaz\u0142a kawa\u0142ek miejsca dla siebie i wykorzysta\u0142a moment kiedy ja pstryka\u0142em zdj\u0119cia na do\u0142adowanie si\u0119 s\u0142oneczn\u0105 energi\u0105. Dos\u0142ownie jak jaszczurka wy\u0142apuje ka\u017cdy promyk s\u0142o\u0144ca, by m\u00f3c funkcjonowa\u0107 \ud83d\ude42 Na szczycie posiedzieli\u015bmy d\u0142u\u017csz\u0105 chwil\u0119, wpisali\u015bmy si\u0119 do ksi\u0105\u017cki. Pr\u00f3bowali\u015bmy co\u015b zrymowa\u0107 jak Adrian w <a href=\"https:\/\/gorskaprzygoda.pl\/index.php\/category\/dolomity\/\"><strong>Dolomitach<\/strong><\/a>, ale \u015brednio nam to wysz\u0142o.<\/p>\n<div class=\"is-special cf gallery-1-2\" data-type=\"1-2\"><div data-carousel-extra='{\"blog_id\":1,\"permalink\":\"https:\\\/\\\/gorskaprzygoda.pl\\\/index.php\\\/2016\\\/11\\\/21\\\/wejscie-na-mangart-ferrata-via-slovena\\\/\"}' id='gallery-10' class='gallery galleryid-862 gallery-columns-2 gallery-size-large'><figure class='gallery-item'>\n\t\t\t<div class='gallery-icon landscape'>\n\t\t\t\t<a href='https:\/\/gorskaprzygoda.pl\/wp-content\/uploads\/2016\/11\/Mangart_via-Slovena-18.jpg'><img loading=\"lazy\" decoding=\"async\" data-attachment-id=\"2873\" data-orig-file=\"https:\/\/gorskaprzygoda.pl\/wp-content\/uploads\/2016\/11\/Mangart_via-Slovena-18.jpg\" data-orig-size=\"1920,1440\" data-comments-opened=\"1\" data-image-meta=\"{&quot;aperture&quot;:&quot;3.2&quot;,&quot;credit&quot;:&quot;&quot;,&quot;camera&quot;:&quot;COOLPIX S2900&quot;,&quot;caption&quot;:&quot;&quot;,&quot;created_timestamp&quot;:&quot;1472374828&quot;,&quot;copyright&quot;:&quot;&quot;,&quot;focal_length&quot;:&quot;4.6&quot;,&quot;iso&quot;:&quot;80&quot;,&quot;shutter_speed&quot;:&quot;0.0008&quot;,&quot;title&quot;:&quot;&quot;,&quot;orientation&quot;:&quot;0&quot;,&quot;keywords&quot;:&quot;Array&quot;}\" data-image-title=\"Mangart_via Slovena-18\" data-image-description=\"\" data-medium-file=\"https:\/\/gorskaprzygoda.pl\/wp-content\/uploads\/2016\/11\/Mangart_via-Slovena-18-300x225.jpg\" data-large-file=\"https:\/\/gorskaprzygoda.pl\/wp-content\/uploads\/2016\/11\/Mangart_via-Slovena-18-1024x768.jpg\" width=\"770\" height=\"578\" src=\"https:\/\/gorskaprzygoda.pl\/wp-content\/uploads\/2016\/11\/Mangart_via-Slovena-18-1024x768.jpg\" class=\"attachment-large size-large\" alt=\"\" aria-describedby=\"gallery-10-2873\" srcset=\"https:\/\/gorskaprzygoda.pl\/wp-content\/uploads\/2016\/11\/Mangart_via-Slovena-18-1024x768.jpg 1024w, https:\/\/gorskaprzygoda.pl\/wp-content\/uploads\/2016\/11\/Mangart_via-Slovena-18-300x225.jpg 300w, https:\/\/gorskaprzygoda.pl\/wp-content\/uploads\/2016\/11\/Mangart_via-Slovena-18-768x576.jpg 768w\" sizes=\"auto, (max-width: 770px) 100vw, 770px\" \/><\/a>\n\t\t\t<\/div>\n\t\t\t\t<figcaption class='wp-caption-text gallery-caption' id='gallery-10-2873'>\n\t\t\t\tRzut oka w ty\u0142 i\u2026\n\t\t\t\t<\/figcaption><\/figure><figure class='gallery-item'>\n\t\t\t<div class='gallery-icon landscape'>\n\t\t\t\t<a href='https:\/\/gorskaprzygoda.pl\/wp-content\/uploads\/2016\/11\/Mangart_via-Slovena-20.jpg'><img loading=\"lazy\" decoding=\"async\" data-attachment-id=\"2875\" data-orig-file=\"https:\/\/gorskaprzygoda.pl\/wp-content\/uploads\/2016\/11\/Mangart_via-Slovena-20.jpg\" data-orig-size=\"1920,1440\" data-comments-opened=\"1\" data-image-meta=\"{&quot;aperture&quot;:&quot;3.2&quot;,&quot;credit&quot;:&quot;&quot;,&quot;camera&quot;:&quot;COOLPIX S2900&quot;,&quot;caption&quot;:&quot;&quot;,&quot;created_timestamp&quot;:&quot;1472375405&quot;,&quot;copyright&quot;:&quot;&quot;,&quot;focal_length&quot;:&quot;4.6&quot;,&quot;iso&quot;:&quot;80&quot;,&quot;shutter_speed&quot;:&quot;0.000625&quot;,&quot;title&quot;:&quot;&quot;,&quot;orientation&quot;:&quot;0&quot;,&quot;keywords&quot;:&quot;Array&quot;}\" data-image-title=\"Mangart_via Slovena-20\" data-image-description=\"\" data-medium-file=\"https:\/\/gorskaprzygoda.pl\/wp-content\/uploads\/2016\/11\/Mangart_via-Slovena-20-300x225.jpg\" data-large-file=\"https:\/\/gorskaprzygoda.pl\/wp-content\/uploads\/2016\/11\/Mangart_via-Slovena-20-1024x768.jpg\" width=\"770\" height=\"578\" src=\"https:\/\/gorskaprzygoda.pl\/wp-content\/uploads\/2016\/11\/Mangart_via-Slovena-20-1024x768.jpg\" class=\"attachment-large size-large\" alt=\"\" srcset=\"https:\/\/gorskaprzygoda.pl\/wp-content\/uploads\/2016\/11\/Mangart_via-Slovena-20-1024x768.jpg 1024w, https:\/\/gorskaprzygoda.pl\/wp-content\/uploads\/2016\/11\/Mangart_via-Slovena-20-300x225.jpg 300w, https:\/\/gorskaprzygoda.pl\/wp-content\/uploads\/2016\/11\/Mangart_via-Slovena-20-768x576.jpg 768w\" sizes=\"auto, (max-width: 770px) 100vw, 770px\" \/><\/a>\n\t\t\t<\/div><\/figure><figure class='gallery-item'>\n\t\t\t<div class='gallery-icon landscape'>\n\t\t\t\t<a href='https:\/\/gorskaprzygoda.pl\/wp-content\/uploads\/2016\/11\/Mangart_via-Slovena-22.jpg'><img loading=\"lazy\" decoding=\"async\" data-attachment-id=\"2877\" data-orig-file=\"https:\/\/gorskaprzygoda.pl\/wp-content\/uploads\/2016\/11\/Mangart_via-Slovena-22.jpg\" data-orig-size=\"1920,1440\" data-comments-opened=\"1\" data-image-meta=\"{&quot;aperture&quot;:&quot;8&quot;,&quot;credit&quot;:&quot;&quot;,&quot;camera&quot;:&quot;COOLPIX S2900&quot;,&quot;caption&quot;:&quot;&quot;,&quot;created_timestamp&quot;:&quot;1472375674&quot;,&quot;copyright&quot;:&quot;&quot;,&quot;focal_length&quot;:&quot;4.6&quot;,&quot;iso&quot;:&quot;80&quot;,&quot;shutter_speed&quot;:&quot;0.0025&quot;,&quot;title&quot;:&quot;&quot;,&quot;orientation&quot;:&quot;0&quot;,&quot;keywords&quot;:&quot;Array&quot;}\" data-image-title=\"Mangart_via Slovena-22\" data-image-description=\"\" data-medium-file=\"https:\/\/gorskaprzygoda.pl\/wp-content\/uploads\/2016\/11\/Mangart_via-Slovena-22-300x225.jpg\" data-large-file=\"https:\/\/gorskaprzygoda.pl\/wp-content\/uploads\/2016\/11\/Mangart_via-Slovena-22-1024x768.jpg\" width=\"770\" height=\"578\" src=\"https:\/\/gorskaprzygoda.pl\/wp-content\/uploads\/2016\/11\/Mangart_via-Slovena-22-1024x768.jpg\" class=\"attachment-large size-large\" alt=\"\" aria-describedby=\"gallery-10-2877\" srcset=\"https:\/\/gorskaprzygoda.pl\/wp-content\/uploads\/2016\/11\/Mangart_via-Slovena-22-1024x768.jpg 1024w, https:\/\/gorskaprzygoda.pl\/wp-content\/uploads\/2016\/11\/Mangart_via-Slovena-22-300x225.jpg 300w, https:\/\/gorskaprzygoda.pl\/wp-content\/uploads\/2016\/11\/Mangart_via-Slovena-22-768x576.jpg 768w\" sizes=\"auto, (max-width: 770px) 100vw, 770px\" \/><\/a>\n\t\t\t<\/div>\n\t\t\t\t<figcaption class='wp-caption-text gallery-caption' id='gallery-10-2877'>\n\t\t\t\tKarawanki pod chmurzast\u0105 ko\u0142derk\u0105 \n\t\t\t\t<\/figcaption><\/figure><figure class='gallery-item'>\n\t\t\t<div class='gallery-icon portrait'>\n\t\t\t\t<a href='https:\/\/gorskaprzygoda.pl\/wp-content\/uploads\/2016\/11\/Mangart_via-Slovena-19.jpg'><img loading=\"lazy\" decoding=\"async\" data-attachment-id=\"2874\" data-orig-file=\"https:\/\/gorskaprzygoda.pl\/wp-content\/uploads\/2016\/11\/Mangart_via-Slovena-19.jpg\" data-orig-size=\"1069,1440\" data-comments-opened=\"1\" data-image-meta=\"{&quot;aperture&quot;:&quot;3.2&quot;,&quot;credit&quot;:&quot;&quot;,&quot;camera&quot;:&quot;COOLPIX S2900&quot;,&quot;caption&quot;:&quot;&quot;,&quot;created_timestamp&quot;:&quot;1472375170&quot;,&quot;copyright&quot;:&quot;&quot;,&quot;focal_length&quot;:&quot;4.6&quot;,&quot;iso&quot;:&quot;80&quot;,&quot;shutter_speed&quot;:&quot;0.000625&quot;,&quot;title&quot;:&quot;&quot;,&quot;orientation&quot;:&quot;0&quot;,&quot;keywords&quot;:&quot;Array&quot;}\" data-image-title=\"Mangart_via Slovena-19\" data-image-description=\"\" data-medium-file=\"https:\/\/gorskaprzygoda.pl\/wp-content\/uploads\/2016\/11\/Mangart_via-Slovena-19-223x300.jpg\" data-large-file=\"https:\/\/gorskaprzygoda.pl\/wp-content\/uploads\/2016\/11\/Mangart_via-Slovena-19-760x1024.jpg\" width=\"760\" height=\"1024\" src=\"https:\/\/gorskaprzygoda.pl\/wp-content\/uploads\/2016\/11\/Mangart_via-Slovena-19-760x1024.jpg\" class=\"attachment-large size-large\" alt=\"\" aria-describedby=\"gallery-10-2874\" srcset=\"https:\/\/gorskaprzygoda.pl\/wp-content\/uploads\/2016\/11\/Mangart_via-Slovena-19-760x1024.jpg 760w, https:\/\/gorskaprzygoda.pl\/wp-content\/uploads\/2016\/11\/Mangart_via-Slovena-19-223x300.jpg 223w, https:\/\/gorskaprzygoda.pl\/wp-content\/uploads\/2016\/11\/Mangart_via-Slovena-19-768x1035.jpg 768w, https:\/\/gorskaprzygoda.pl\/wp-content\/uploads\/2016\/11\/Mangart_via-Slovena-19.jpg 1069w\" sizes=\"auto, (max-width: 760px) 100vw, 760px\" \/><\/a>\n\t\t\t<\/div>\n\t\t\t\t<figcaption class='wp-caption-text gallery-caption' id='gallery-10-2874'>\n\t\t\t\tSzczyt \u2013 Mangart, 2679 m\n\t\t\t\t<\/figcaption><\/figure><figure class='gallery-item'>\n\t\t\t<div class='gallery-icon landscape'>\n\t\t\t\t<a href='https:\/\/gorskaprzygoda.pl\/wp-content\/uploads\/2016\/11\/Mangart_via-Slovena-16.jpg'><img loading=\"lazy\" decoding=\"async\" data-attachment-id=\"2871\" data-orig-file=\"https:\/\/gorskaprzygoda.pl\/wp-content\/uploads\/2016\/11\/Mangart_via-Slovena-16.jpg\" data-orig-size=\"1920,1440\" data-comments-opened=\"1\" data-image-meta=\"{&quot;aperture&quot;:&quot;6.5&quot;,&quot;credit&quot;:&quot;&quot;,&quot;camera&quot;:&quot;COOLPIX S2900&quot;,&quot;caption&quot;:&quot;&quot;,&quot;created_timestamp&quot;:&quot;1472372316&quot;,&quot;copyright&quot;:&quot;&quot;,&quot;focal_length&quot;:&quot;27.6&quot;,&quot;iso&quot;:&quot;80&quot;,&quot;shutter_speed&quot;:&quot;0.002&quot;,&quot;title&quot;:&quot;&quot;,&quot;orientation&quot;:&quot;0&quot;,&quot;keywords&quot;:&quot;Array&quot;}\" data-image-title=\"Mangart_via Slovena-16\" data-image-description=\"\" data-medium-file=\"https:\/\/gorskaprzygoda.pl\/wp-content\/uploads\/2016\/11\/Mangart_via-Slovena-16-300x225.jpg\" data-large-file=\"https:\/\/gorskaprzygoda.pl\/wp-content\/uploads\/2016\/11\/Mangart_via-Slovena-16-1024x768.jpg\" width=\"770\" height=\"578\" src=\"https:\/\/gorskaprzygoda.pl\/wp-content\/uploads\/2016\/11\/Mangart_via-Slovena-16-1024x768.jpg\" class=\"attachment-large size-large\" alt=\"\" aria-describedby=\"gallery-10-2871\" srcset=\"https:\/\/gorskaprzygoda.pl\/wp-content\/uploads\/2016\/11\/Mangart_via-Slovena-16-1024x768.jpg 1024w, https:\/\/gorskaprzygoda.pl\/wp-content\/uploads\/2016\/11\/Mangart_via-Slovena-16-300x225.jpg 300w, https:\/\/gorskaprzygoda.pl\/wp-content\/uploads\/2016\/11\/Mangart_via-Slovena-16-768x576.jpg 768w\" sizes=\"auto, (max-width: 770px) 100vw, 770px\" \/><\/a>\n\t\t\t<\/div>\n\t\t\t\t<figcaption class='wp-caption-text gallery-caption' id='gallery-10-2871'>\n\t\t\t\tNa horyzoncie g\u00f3ruje Hochalmspitze\n\t\t\t\t<\/figcaption><\/figure><figure class='gallery-item'>\n\t\t\t<div class='gallery-icon landscape'>\n\t\t\t\t<a href='https:\/\/gorskaprzygoda.pl\/wp-content\/uploads\/2016\/11\/Mangart_via-Slovena-21.jpg'><img loading=\"lazy\" decoding=\"async\" data-attachment-id=\"2876\" data-orig-file=\"https:\/\/gorskaprzygoda.pl\/wp-content\/uploads\/2016\/11\/Mangart_via-Slovena-21.jpg\" data-orig-size=\"1920,1440\" data-comments-opened=\"1\" data-image-meta=\"{&quot;aperture&quot;:&quot;8&quot;,&quot;credit&quot;:&quot;&quot;,&quot;camera&quot;:&quot;COOLPIX S2900&quot;,&quot;caption&quot;:&quot;&quot;,&quot;created_timestamp&quot;:&quot;1472375630&quot;,&quot;copyright&quot;:&quot;&quot;,&quot;focal_length&quot;:&quot;4.6&quot;,&quot;iso&quot;:&quot;80&quot;,&quot;shutter_speed&quot;:&quot;0.0025&quot;,&quot;title&quot;:&quot;&quot;,&quot;orientation&quot;:&quot;0&quot;,&quot;keywords&quot;:&quot;Array&quot;}\" data-image-title=\"Mangart_via Slovena-21\" data-image-description=\"\" data-medium-file=\"https:\/\/gorskaprzygoda.pl\/wp-content\/uploads\/2016\/11\/Mangart_via-Slovena-21-300x225.jpg\" data-large-file=\"https:\/\/gorskaprzygoda.pl\/wp-content\/uploads\/2016\/11\/Mangart_via-Slovena-21-1024x768.jpg\" width=\"770\" height=\"578\" src=\"https:\/\/gorskaprzygoda.pl\/wp-content\/uploads\/2016\/11\/Mangart_via-Slovena-21-1024x768.jpg\" class=\"attachment-large size-large\" alt=\"\" srcset=\"https:\/\/gorskaprzygoda.pl\/wp-content\/uploads\/2016\/11\/Mangart_via-Slovena-21-1024x768.jpg 1024w, https:\/\/gorskaprzygoda.pl\/wp-content\/uploads\/2016\/11\/Mangart_via-Slovena-21-300x225.jpg 300w, https:\/\/gorskaprzygoda.pl\/wp-content\/uploads\/2016\/11\/Mangart_via-Slovena-21-768x576.jpg 768w\" sizes=\"auto, (max-width: 770px) 100vw, 770px\" \/><\/a>\n\t\t\t<\/div><\/figure>\n\t\t<\/div>\n<\/div>\n<p style=\"text-align: justify;\">Wracali\u015bmy tzw. drog\u0105 normaln\u0105. Jest ona oczywista i wyra\u017ana: po pierwsze za spraw\u0105 dobrego oznakowania, po drugie ze wzgl\u0119du na pod\u0105\u017caj\u0105ce ni\u0105 tabuny ludzi. B\u0119d\u0105c wtedy na <strong>Mangarcie<\/strong> odnios\u0142em wra\u017cenie, \u017ce jest on dla miejscowych czym\u015b por\u00f3wnywalnym do naszego Kasprowego, z t\u0105 r\u00f3\u017cnic\u0105, \u017ce S\u0142owe\u0144cy nie maj\u0105 kolejki, a podej\u015bcie na <strong>Mangart<\/strong> jest trudniejsze \ud83d\ude42 Ledwo co ruszyli\u015bmy w d\u00f3\u0142, a zn\u00f3w zatrzymali\u015bmy si\u0119 na kr\u00f3tk\u0105 przerw\u0119. Tu\u017c nieopodal szlaku, znajdowa\u0142a si\u0119 schowana za ska\u0142ami trawiasta p\u00f3\u0142ka, z kt\u00f3rej rozpo\u015bciera\u0142 si\u0119 bajeczny widok na <strong>Jaloviec<\/strong>, <a href=\"https:\/\/gorskaprzygoda.pl\/index.php\/2015\/06\/25\/wejscie-na-triglav-najwyzszy-szczyt-slowenii\/\"><strong>Triglav<\/strong><\/a> i wszystko co znajduje si\u0119 na po\u0142udnie od <strong>Mangartu<\/strong> \ud83d\ude42 A\u017c \u017cal by\u0142o nie skorzysta\u0107 i tym razem w ciszy i spokoju cieszy\u0107 si\u0119 chwil\u0105 \ud83d\ude42 Ruszyli\u015bmy nasze ty\u0142ki dopiero wtedy, kiedy s\u0142o\u0144ce zacz\u0119\u0142o ju\u017c nas troch\u0119 przypieka\u0107. Pokonuj\u0105c szlak w d\u00f3\u0142 mijali\u015bmy po drodze ca\u0142y przekr\u00f3j s\u0142owe\u0144skiego (i nie tylko) spo\u0142ecze\u0144stwa, pocz\u0105wszy od dzieci, przez m\u0142odzie\u017c i doros\u0142ych, a ko\u0144cz\u0105c na ludziach w podesz\u0142ym ju\u017c wieku. Chyba nie zrozumiem fenomenu tej g\u00f3ry. Pewnie wynika to z \u0142atwej dost\u0119pno\u015bci szczytu, bo w sumie na praktycznie 2tys. mo\u017cna podjecha\u0107 samochodem. Schodzenie zesz\u0142o nam na ci\u0105g\u0142ych mijankach i przepuszczaniu kolejnych ch\u0119tnych zmierzaj\u0105cych na szczyt. W ko\u0144cu dotarli\u015bmy na Mangartskie Sedlo sk\u0105d po raz kolejny rozejrzeli\u015bmy si\u0119 po horyzont na otaczaj\u0105ce nas pi\u0119kne panoramy.<\/p>\n<div class=\"is-special cf gallery-1-2\" data-type=\"1-2\"><div data-carousel-extra='{\"blog_id\":1,\"permalink\":\"https:\\\/\\\/gorskaprzygoda.pl\\\/index.php\\\/2016\\\/11\\\/21\\\/wejscie-na-mangart-ferrata-via-slovena\\\/\"}' id='gallery-12' class='gallery galleryid-862 gallery-columns-2 gallery-size-large'><figure class='gallery-item'>\n\t\t\t<div class='gallery-icon landscape'>\n\t\t\t\t<a href='https:\/\/gorskaprzygoda.pl\/wp-content\/uploads\/2016\/11\/Mangart_via-Slovena-25.jpg'><img loading=\"lazy\" decoding=\"async\" data-attachment-id=\"2880\" data-orig-file=\"https:\/\/gorskaprzygoda.pl\/wp-content\/uploads\/2016\/11\/Mangart_via-Slovena-25.jpg\" data-orig-size=\"1920,1440\" data-comments-opened=\"1\" data-image-meta=\"{&quot;aperture&quot;:&quot;3.9&quot;,&quot;credit&quot;:&quot;&quot;,&quot;camera&quot;:&quot;COOLPIX S2900&quot;,&quot;caption&quot;:&quot;&quot;,&quot;created_timestamp&quot;:&quot;1472379359&quot;,&quot;copyright&quot;:&quot;&quot;,&quot;focal_length&quot;:&quot;6.7&quot;,&quot;iso&quot;:&quot;80&quot;,&quot;shutter_speed&quot;:&quot;0.002&quot;,&quot;title&quot;:&quot;&quot;,&quot;orientation&quot;:&quot;0&quot;,&quot;keywords&quot;:&quot;Array&quot;}\" data-image-title=\"Mangart_via Slovena-25\" data-image-description=\"\" data-medium-file=\"https:\/\/gorskaprzygoda.pl\/wp-content\/uploads\/2016\/11\/Mangart_via-Slovena-25-300x225.jpg\" data-large-file=\"https:\/\/gorskaprzygoda.pl\/wp-content\/uploads\/2016\/11\/Mangart_via-Slovena-25-1024x768.jpg\" width=\"770\" height=\"578\" src=\"https:\/\/gorskaprzygoda.pl\/wp-content\/uploads\/2016\/11\/Mangart_via-Slovena-25-1024x768.jpg\" class=\"attachment-large size-large\" alt=\"\" aria-describedby=\"gallery-12-2880\" srcset=\"https:\/\/gorskaprzygoda.pl\/wp-content\/uploads\/2016\/11\/Mangart_via-Slovena-25-1024x768.jpg 1024w, https:\/\/gorskaprzygoda.pl\/wp-content\/uploads\/2016\/11\/Mangart_via-Slovena-25-300x225.jpg 300w, https:\/\/gorskaprzygoda.pl\/wp-content\/uploads\/2016\/11\/Mangart_via-Slovena-25-768x576.jpg 768w\" sizes=\"auto, (max-width: 770px) 100vw, 770px\" \/><\/a>\n\t\t\t<\/div>\n\t\t\t\t<figcaption class='wp-caption-text gallery-caption' id='gallery-12-2880'>\n\t\t\t\tBajeczne Alpy Julijskie\n\t\t\t\t<\/figcaption><\/figure><figure class='gallery-item'>\n\t\t\t<div class='gallery-icon landscape'>\n\t\t\t\t<a href='https:\/\/gorskaprzygoda.pl\/wp-content\/uploads\/2016\/11\/Mangart_via-Slovena-24.jpg'><img loading=\"lazy\" decoding=\"async\" data-attachment-id=\"2879\" data-orig-file=\"https:\/\/gorskaprzygoda.pl\/wp-content\/uploads\/2016\/11\/Mangart_via-Slovena-24.jpg\" data-orig-size=\"1920,1440\" data-comments-opened=\"1\" data-image-meta=\"{&quot;aperture&quot;:&quot;8&quot;,&quot;credit&quot;:&quot;&quot;,&quot;camera&quot;:&quot;COOLPIX S2900&quot;,&quot;caption&quot;:&quot;&quot;,&quot;created_timestamp&quot;:&quot;1472377343&quot;,&quot;copyright&quot;:&quot;&quot;,&quot;focal_length&quot;:&quot;4.6&quot;,&quot;iso&quot;:&quot;80&quot;,&quot;shutter_speed&quot;:&quot;0.003125&quot;,&quot;title&quot;:&quot;&quot;,&quot;orientation&quot;:&quot;0&quot;,&quot;keywords&quot;:&quot;Array&quot;}\" data-image-title=\"Mangart_via Slovena-24\" data-image-description=\"\" data-medium-file=\"https:\/\/gorskaprzygoda.pl\/wp-content\/uploads\/2016\/11\/Mangart_via-Slovena-24-300x225.jpg\" data-large-file=\"https:\/\/gorskaprzygoda.pl\/wp-content\/uploads\/2016\/11\/Mangart_via-Slovena-24-1024x768.jpg\" width=\"770\" height=\"578\" src=\"https:\/\/gorskaprzygoda.pl\/wp-content\/uploads\/2016\/11\/Mangart_via-Slovena-24-1024x768.jpg\" class=\"attachment-large size-large\" alt=\"\" aria-describedby=\"gallery-12-2879\" srcset=\"https:\/\/gorskaprzygoda.pl\/wp-content\/uploads\/2016\/11\/Mangart_via-Slovena-24-1024x768.jpg 1024w, https:\/\/gorskaprzygoda.pl\/wp-content\/uploads\/2016\/11\/Mangart_via-Slovena-24-300x225.jpg 300w, https:\/\/gorskaprzygoda.pl\/wp-content\/uploads\/2016\/11\/Mangart_via-Slovena-24-768x576.jpg 768w\" sizes=\"auto, (max-width: 770px) 100vw, 770px\" \/><\/a>\n\t\t\t<\/div>\n\t\t\t\t<figcaption class='wp-caption-text gallery-caption' id='gallery-12-2879'>\n\t\t\t\tPocz\u0105tek zej\u015bcia\n\t\t\t\t<\/figcaption><\/figure><figure class='gallery-item'>\n\t\t\t<div class='gallery-icon landscape'>\n\t\t\t\t<a href='https:\/\/gorskaprzygoda.pl\/wp-content\/uploads\/2016\/11\/Mangart_via-Slovena-27.jpg'><img loading=\"lazy\" decoding=\"async\" data-attachment-id=\"2882\" data-orig-file=\"https:\/\/gorskaprzygoda.pl\/wp-content\/uploads\/2016\/11\/Mangart_via-Slovena-27.jpg\" data-orig-size=\"1920,1440\" data-comments-opened=\"1\" data-image-meta=\"{&quot;aperture&quot;:&quot;8&quot;,&quot;credit&quot;:&quot;&quot;,&quot;camera&quot;:&quot;COOLPIX S2900&quot;,&quot;caption&quot;:&quot;&quot;,&quot;created_timestamp&quot;:&quot;1472380060&quot;,&quot;copyright&quot;:&quot;&quot;,&quot;focal_length&quot;:&quot;4.6&quot;,&quot;iso&quot;:&quot;80&quot;,&quot;shutter_speed&quot;:&quot;0.002&quot;,&quot;title&quot;:&quot;&quot;,&quot;orientation&quot;:&quot;0&quot;,&quot;keywords&quot;:&quot;Array&quot;}\" data-image-title=\"Mangart_via Slovena-27\" data-image-description=\"\" data-medium-file=\"https:\/\/gorskaprzygoda.pl\/wp-content\/uploads\/2016\/11\/Mangart_via-Slovena-27-300x225.jpg\" data-large-file=\"https:\/\/gorskaprzygoda.pl\/wp-content\/uploads\/2016\/11\/Mangart_via-Slovena-27-1024x768.jpg\" width=\"770\" height=\"578\" src=\"https:\/\/gorskaprzygoda.pl\/wp-content\/uploads\/2016\/11\/Mangart_via-Slovena-27-1024x768.jpg\" class=\"attachment-large size-large\" alt=\"\" aria-describedby=\"gallery-12-2882\" srcset=\"https:\/\/gorskaprzygoda.pl\/wp-content\/uploads\/2016\/11\/Mangart_via-Slovena-27-1024x768.jpg 1024w, https:\/\/gorskaprzygoda.pl\/wp-content\/uploads\/2016\/11\/Mangart_via-Slovena-27-300x225.jpg 300w, https:\/\/gorskaprzygoda.pl\/wp-content\/uploads\/2016\/11\/Mangart_via-Slovena-27-768x576.jpg 768w\" sizes=\"auto, (max-width: 770px) 100vw, 770px\" \/><\/a>\n\t\t\t<\/div>\n\t\t\t\t<figcaption class='wp-caption-text gallery-caption' id='gallery-12-2882'>\n\t\t\t\tChwila luzu na zej\u015bciu, nie trzeba nikogo przepuszcza\u0107 \ud83d\ude42\n\t\t\t\t<\/figcaption><\/figure><figure class='gallery-item'>\n\t\t\t<div class='gallery-icon landscape'>\n\t\t\t\t<a href='https:\/\/gorskaprzygoda.pl\/wp-content\/uploads\/2016\/11\/Mangart_via-Slovena-26.jpg'><img loading=\"lazy\" decoding=\"async\" data-attachment-id=\"2881\" data-orig-file=\"https:\/\/gorskaprzygoda.pl\/wp-content\/uploads\/2016\/11\/Mangart_via-Slovena-26.jpg\" data-orig-size=\"1920,1440\" data-comments-opened=\"1\" data-image-meta=\"{&quot;aperture&quot;:&quot;3.2&quot;,&quot;credit&quot;:&quot;&quot;,&quot;camera&quot;:&quot;COOLPIX S2900&quot;,&quot;caption&quot;:&quot;&quot;,&quot;created_timestamp&quot;:&quot;1472379395&quot;,&quot;copyright&quot;:&quot;&quot;,&quot;focal_length&quot;:&quot;4.6&quot;,&quot;iso&quot;:&quot;80&quot;,&quot;shutter_speed&quot;:&quot;0.0008&quot;,&quot;title&quot;:&quot;&quot;,&quot;orientation&quot;:&quot;0&quot;,&quot;keywords&quot;:&quot;Array&quot;}\" data-image-title=\"Mangart_via Slovena-26\" data-image-description=\"\" data-medium-file=\"https:\/\/gorskaprzygoda.pl\/wp-content\/uploads\/2016\/11\/Mangart_via-Slovena-26-300x225.jpg\" data-large-file=\"https:\/\/gorskaprzygoda.pl\/wp-content\/uploads\/2016\/11\/Mangart_via-Slovena-26-1024x768.jpg\" width=\"770\" height=\"578\" src=\"https:\/\/gorskaprzygoda.pl\/wp-content\/uploads\/2016\/11\/Mangart_via-Slovena-26-1024x768.jpg\" class=\"attachment-large size-large\" alt=\"\" aria-describedby=\"gallery-12-2881\" srcset=\"https:\/\/gorskaprzygoda.pl\/wp-content\/uploads\/2016\/11\/Mangart_via-Slovena-26-1024x768.jpg 1024w, https:\/\/gorskaprzygoda.pl\/wp-content\/uploads\/2016\/11\/Mangart_via-Slovena-26-300x225.jpg 300w, https:\/\/gorskaprzygoda.pl\/wp-content\/uploads\/2016\/11\/Mangart_via-Slovena-26-768x576.jpg 768w\" sizes=\"auto, (max-width: 770px) 100vw, 770px\" \/><\/a>\n\t\t\t<\/div>\n\t\t\t\t<figcaption class='wp-caption-text gallery-caption' id='gallery-12-2881'>\n\t\t\t\tPo prawej stronie Jalovec \u2013 cel na przysz\u0142o\u015b\u0107\n\t\t\t\t<\/figcaption><\/figure><figure class='gallery-item'>\n\t\t\t<div class='gallery-icon landscape'>\n\t\t\t\t<a href='https:\/\/gorskaprzygoda.pl\/wp-content\/uploads\/2016\/11\/Mangart_via-Slovena-28.jpg'><img loading=\"lazy\" decoding=\"async\" data-attachment-id=\"2883\" data-orig-file=\"https:\/\/gorskaprzygoda.pl\/wp-content\/uploads\/2016\/11\/Mangart_via-Slovena-28.jpg\" data-orig-size=\"1920,1440\" data-comments-opened=\"1\" data-image-meta=\"{&quot;aperture&quot;:&quot;3.2&quot;,&quot;credit&quot;:&quot;&quot;,&quot;camera&quot;:&quot;COOLPIX S2900&quot;,&quot;caption&quot;:&quot;&quot;,&quot;created_timestamp&quot;:&quot;1472380321&quot;,&quot;copyright&quot;:&quot;&quot;,&quot;focal_length&quot;:&quot;4.6&quot;,&quot;iso&quot;:&quot;80&quot;,&quot;shutter_speed&quot;:&quot;0.000625&quot;,&quot;title&quot;:&quot;&quot;,&quot;orientation&quot;:&quot;0&quot;,&quot;keywords&quot;:&quot;Array&quot;}\" data-image-title=\"Mangart_via Slovena-28\" data-image-description=\"\" data-medium-file=\"https:\/\/gorskaprzygoda.pl\/wp-content\/uploads\/2016\/11\/Mangart_via-Slovena-28-300x225.jpg\" data-large-file=\"https:\/\/gorskaprzygoda.pl\/wp-content\/uploads\/2016\/11\/Mangart_via-Slovena-28-1024x768.jpg\" width=\"770\" height=\"578\" src=\"https:\/\/gorskaprzygoda.pl\/wp-content\/uploads\/2016\/11\/Mangart_via-Slovena-28-1024x768.jpg\" class=\"attachment-large size-large\" alt=\"\" aria-describedby=\"gallery-12-2883\" srcset=\"https:\/\/gorskaprzygoda.pl\/wp-content\/uploads\/2016\/11\/Mangart_via-Slovena-28-1024x768.jpg 1024w, https:\/\/gorskaprzygoda.pl\/wp-content\/uploads\/2016\/11\/Mangart_via-Slovena-28-300x225.jpg 300w, https:\/\/gorskaprzygoda.pl\/wp-content\/uploads\/2016\/11\/Mangart_via-Slovena-28-768x576.jpg 768w\" sizes=\"auto, (max-width: 770px) 100vw, 770px\" \/><\/a>\n\t\t\t<\/div>\n\t\t\t\t<figcaption class='wp-caption-text gallery-caption' id='gallery-12-2883'>\n\t\t\t\tNiestety p\u00f3\u017aniej ju\u017c by\u0142o tylko gorzej pod tym wzgl\u0119dem\n\t\t\t\t<\/figcaption><\/figure><figure class='gallery-item'>\n\t\t\t<div class='gallery-icon landscape'>\n\t\t\t\t<a href='https:\/\/gorskaprzygoda.pl\/wp-content\/uploads\/2016\/11\/Mangart_via-Slovena-30.jpg'><img loading=\"lazy\" decoding=\"async\" data-attachment-id=\"2885\" data-orig-file=\"https:\/\/gorskaprzygoda.pl\/wp-content\/uploads\/2016\/11\/Mangart_via-Slovena-30.jpg\" data-orig-size=\"1920,1440\" data-comments-opened=\"1\" data-image-meta=\"{&quot;aperture&quot;:&quot;3.2&quot;,&quot;credit&quot;:&quot;&quot;,&quot;camera&quot;:&quot;COOLPIX S2900&quot;,&quot;caption&quot;:&quot;&quot;,&quot;created_timestamp&quot;:&quot;1472382161&quot;,&quot;copyright&quot;:&quot;&quot;,&quot;focal_length&quot;:&quot;4.6&quot;,&quot;iso&quot;:&quot;80&quot;,&quot;shutter_speed&quot;:&quot;0.0008&quot;,&quot;title&quot;:&quot;&quot;,&quot;orientation&quot;:&quot;0&quot;,&quot;keywords&quot;:&quot;Array&quot;}\" data-image-title=\"Mangart_via Slovena-30\" data-image-description=\"\" data-medium-file=\"https:\/\/gorskaprzygoda.pl\/wp-content\/uploads\/2016\/11\/Mangart_via-Slovena-30-300x225.jpg\" data-large-file=\"https:\/\/gorskaprzygoda.pl\/wp-content\/uploads\/2016\/11\/Mangart_via-Slovena-30-1024x768.jpg\" width=\"770\" height=\"578\" src=\"https:\/\/gorskaprzygoda.pl\/wp-content\/uploads\/2016\/11\/Mangart_via-Slovena-30-1024x768.jpg\" class=\"attachment-large size-large\" alt=\"\" srcset=\"https:\/\/gorskaprzygoda.pl\/wp-content\/uploads\/2016\/11\/Mangart_via-Slovena-30-1024x768.jpg 1024w, https:\/\/gorskaprzygoda.pl\/wp-content\/uploads\/2016\/11\/Mangart_via-Slovena-30-300x225.jpg 300w, https:\/\/gorskaprzygoda.pl\/wp-content\/uploads\/2016\/11\/Mangart_via-Slovena-30-768x576.jpg 768w\" sizes=\"auto, (max-width: 770px) 100vw, 770px\" \/><\/a>\n\t\t\t<\/div><\/figure><figure class='gallery-item'>\n\t\t\t<div class='gallery-icon landscape'>\n\t\t\t\t<a href='https:\/\/gorskaprzygoda.pl\/wp-content\/uploads\/2016\/11\/Mangart_via-Slovena-29.jpg'><img loading=\"lazy\" decoding=\"async\" data-attachment-id=\"2884\" data-orig-file=\"https:\/\/gorskaprzygoda.pl\/wp-content\/uploads\/2016\/11\/Mangart_via-Slovena-29.jpg\" data-orig-size=\"1920,1440\" data-comments-opened=\"1\" data-image-meta=\"{&quot;aperture&quot;:&quot;3.2&quot;,&quot;credit&quot;:&quot;&quot;,&quot;camera&quot;:&quot;COOLPIX S2900&quot;,&quot;caption&quot;:&quot;&quot;,&quot;created_timestamp&quot;:&quot;1472380505&quot;,&quot;copyright&quot;:&quot;&quot;,&quot;focal_length&quot;:&quot;4.6&quot;,&quot;iso&quot;:&quot;80&quot;,&quot;shutter_speed&quot;:&quot;0.000625&quot;,&quot;title&quot;:&quot;&quot;,&quot;orientation&quot;:&quot;0&quot;,&quot;keywords&quot;:&quot;Array&quot;}\" data-image-title=\"Mangart_via Slovena-29\" data-image-description=\"\" data-medium-file=\"https:\/\/gorskaprzygoda.pl\/wp-content\/uploads\/2016\/11\/Mangart_via-Slovena-29-300x225.jpg\" data-large-file=\"https:\/\/gorskaprzygoda.pl\/wp-content\/uploads\/2016\/11\/Mangart_via-Slovena-29-1024x768.jpg\" width=\"770\" height=\"578\" src=\"https:\/\/gorskaprzygoda.pl\/wp-content\/uploads\/2016\/11\/Mangart_via-Slovena-29-1024x768.jpg\" class=\"attachment-large size-large\" alt=\"\" srcset=\"https:\/\/gorskaprzygoda.pl\/wp-content\/uploads\/2016\/11\/Mangart_via-Slovena-29-1024x768.jpg 1024w, https:\/\/gorskaprzygoda.pl\/wp-content\/uploads\/2016\/11\/Mangart_via-Slovena-29-300x225.jpg 300w, https:\/\/gorskaprzygoda.pl\/wp-content\/uploads\/2016\/11\/Mangart_via-Slovena-29-768x576.jpg 768w\" sizes=\"auto, (max-width: 770px) 100vw, 770px\" \/><\/a>\n\t\t\t<\/div><\/figure><figure class='gallery-item'>\n\t\t\t<div class='gallery-icon landscape'>\n\t\t\t\t<a href='https:\/\/gorskaprzygoda.pl\/wp-content\/uploads\/2016\/11\/Mangart_via-Slovena-31.jpg'><img loading=\"lazy\" decoding=\"async\" data-attachment-id=\"2886\" data-orig-file=\"https:\/\/gorskaprzygoda.pl\/wp-content\/uploads\/2016\/11\/Mangart_via-Slovena-31.jpg\" data-orig-size=\"1920,1440\" data-comments-opened=\"1\" data-image-meta=\"{&quot;aperture&quot;:&quot;8&quot;,&quot;credit&quot;:&quot;&quot;,&quot;camera&quot;:&quot;COOLPIX S2900&quot;,&quot;caption&quot;:&quot;&quot;,&quot;created_timestamp&quot;:&quot;1472382528&quot;,&quot;copyright&quot;:&quot;&quot;,&quot;focal_length&quot;:&quot;4.6&quot;,&quot;iso&quot;:&quot;80&quot;,&quot;shutter_speed&quot;:&quot;0.003125&quot;,&quot;title&quot;:&quot;&quot;,&quot;orientation&quot;:&quot;0&quot;,&quot;keywords&quot;:&quot;Array&quot;}\" data-image-title=\"Mangart_via Slovena-31\" data-image-description=\"\" data-medium-file=\"https:\/\/gorskaprzygoda.pl\/wp-content\/uploads\/2016\/11\/Mangart_via-Slovena-31-300x225.jpg\" data-large-file=\"https:\/\/gorskaprzygoda.pl\/wp-content\/uploads\/2016\/11\/Mangart_via-Slovena-31-1024x768.jpg\" width=\"770\" height=\"578\" src=\"https:\/\/gorskaprzygoda.pl\/wp-content\/uploads\/2016\/11\/Mangart_via-Slovena-31-1024x768.jpg\" class=\"attachment-large size-large\" alt=\"\" srcset=\"https:\/\/gorskaprzygoda.pl\/wp-content\/uploads\/2016\/11\/Mangart_via-Slovena-31-1024x768.jpg 1024w, https:\/\/gorskaprzygoda.pl\/wp-content\/uploads\/2016\/11\/Mangart_via-Slovena-31-300x225.jpg 300w, https:\/\/gorskaprzygoda.pl\/wp-content\/uploads\/2016\/11\/Mangart_via-Slovena-31-768x576.jpg 768w\" sizes=\"auto, (max-width: 770px) 100vw, 770px\" \/><\/a>\n\t\t\t<\/div><\/figure><figure class='gallery-item'>\n\t\t\t<div class='gallery-icon landscape'>\n\t\t\t\t<a href='https:\/\/gorskaprzygoda.pl\/wp-content\/uploads\/2016\/11\/Mangart_via-Slovena-32.jpg'><img loading=\"lazy\" decoding=\"async\" data-attachment-id=\"2887\" data-orig-file=\"https:\/\/gorskaprzygoda.pl\/wp-content\/uploads\/2016\/11\/Mangart_via-Slovena-32.jpg\" data-orig-size=\"1920,1440\" data-comments-opened=\"1\" data-image-meta=\"{&quot;aperture&quot;:&quot;3.2&quot;,&quot;credit&quot;:&quot;&quot;,&quot;camera&quot;:&quot;COOLPIX S2900&quot;,&quot;caption&quot;:&quot;&quot;,&quot;created_timestamp&quot;:&quot;1472382575&quot;,&quot;copyright&quot;:&quot;&quot;,&quot;focal_length&quot;:&quot;4.6&quot;,&quot;iso&quot;:&quot;80&quot;,&quot;shutter_speed&quot;:&quot;0.0015625&quot;,&quot;title&quot;:&quot;&quot;,&quot;orientation&quot;:&quot;0&quot;,&quot;keywords&quot;:&quot;Array&quot;}\" data-image-title=\"Mangart_via Slovena-32\" data-image-description=\"\" data-medium-file=\"https:\/\/gorskaprzygoda.pl\/wp-content\/uploads\/2016\/11\/Mangart_via-Slovena-32-300x225.jpg\" data-large-file=\"https:\/\/gorskaprzygoda.pl\/wp-content\/uploads\/2016\/11\/Mangart_via-Slovena-32-1024x768.jpg\" width=\"770\" height=\"578\" src=\"https:\/\/gorskaprzygoda.pl\/wp-content\/uploads\/2016\/11\/Mangart_via-Slovena-32-1024x768.jpg\" class=\"attachment-large size-large\" alt=\"\" aria-describedby=\"gallery-12-2887\" srcset=\"https:\/\/gorskaprzygoda.pl\/wp-content\/uploads\/2016\/11\/Mangart_via-Slovena-32-1024x768.jpg 1024w, https:\/\/gorskaprzygoda.pl\/wp-content\/uploads\/2016\/11\/Mangart_via-Slovena-32-300x225.jpg 300w, https:\/\/gorskaprzygoda.pl\/wp-content\/uploads\/2016\/11\/Mangart_via-Slovena-32-768x576.jpg 768w\" sizes=\"auto, (max-width: 770px) 100vw, 770px\" \/><\/a>\n\t\t\t<\/div>\n\t\t\t\t<figcaption class='wp-caption-text gallery-caption' id='gallery-12-2887'>\n\t\t\t\tTym wyra\u017anym zygzakowatym zaci\u0119ciem poprowadzona jest ferrata Slovena\n\t\t\t\t<\/figcaption><\/figure><figure class='gallery-item'>\n\t\t\t<div class='gallery-icon landscape'>\n\t\t\t\t<a href='https:\/\/gorskaprzygoda.pl\/wp-content\/uploads\/2016\/11\/Mangart_via-Slovena-33.jpg'><img loading=\"lazy\" decoding=\"async\" data-attachment-id=\"2888\" data-orig-file=\"https:\/\/gorskaprzygoda.pl\/wp-content\/uploads\/2016\/11\/Mangart_via-Slovena-33.jpg\" data-orig-size=\"1920,1440\" data-comments-opened=\"1\" data-image-meta=\"{&quot;aperture&quot;:&quot;2.6&quot;,&quot;credit&quot;:&quot;&quot;,&quot;camera&quot;:&quot;SM-G386F&quot;,&quot;caption&quot;:&quot;&quot;,&quot;created_timestamp&quot;:&quot;1472383069&quot;,&quot;copyright&quot;:&quot;&quot;,&quot;focal_length&quot;:&quot;3.31&quot;,&quot;iso&quot;:&quot;50&quot;,&quot;shutter_speed&quot;:&quot;0.00071428571428571&quot;,&quot;title&quot;:&quot;&quot;,&quot;orientation&quot;:&quot;0&quot;,&quot;keywords&quot;:&quot;Array&quot;}\" data-image-title=\"Mangart_via Slovena-33\" data-image-description=\"\" data-medium-file=\"https:\/\/gorskaprzygoda.pl\/wp-content\/uploads\/2016\/11\/Mangart_via-Slovena-33-300x225.jpg\" data-large-file=\"https:\/\/gorskaprzygoda.pl\/wp-content\/uploads\/2016\/11\/Mangart_via-Slovena-33-1024x768.jpg\" width=\"770\" height=\"578\" src=\"https:\/\/gorskaprzygoda.pl\/wp-content\/uploads\/2016\/11\/Mangart_via-Slovena-33-1024x768.jpg\" class=\"attachment-large size-large\" alt=\"\" aria-describedby=\"gallery-12-2888\" srcset=\"https:\/\/gorskaprzygoda.pl\/wp-content\/uploads\/2016\/11\/Mangart_via-Slovena-33-1024x768.jpg 1024w, https:\/\/gorskaprzygoda.pl\/wp-content\/uploads\/2016\/11\/Mangart_via-Slovena-33-300x225.jpg 300w, https:\/\/gorskaprzygoda.pl\/wp-content\/uploads\/2016\/11\/Mangart_via-Slovena-33-768x576.jpg 768w\" sizes=\"auto, (max-width: 770px) 100vw, 770px\" \/><\/a>\n\t\t\t<\/div>\n\t\t\t\t<figcaption class='wp-caption-text gallery-caption' id='gallery-12-2888'>\n\t\t\t\tTop model 2016 \ud83d\ude42\n\t\t\t\t<\/figcaption><\/figure>\n\t\t<\/div>\n<\/div>\n<p style=\"text-align: justify;\">Zdecydowanie warto by\u0142o wr\u00f3ci\u0107 pod <strong>Mangart<\/strong>. Rewan\u017c uda\u0142 si\u0119 w 100% pozostawiaj\u0105c w pami\u0119ci mn\u00f3stwo cudownych widok\u00f3w oraz prze\u017cy\u0107 \ud83d\ude42 Po spakowaniu wszystkich grat\u00f3w do samochodu udali\u015bmy si\u0119 w drog\u0119 na <strong>Chorwacj\u0119,<\/strong> nad morze do miejscowo\u015bci <strong>Premantura<\/strong> znajduj\u0105cej si\u0119 na p\u00f3\u0142wyspie <strong>Kamenjak<\/strong>. Ot taka ma\u0142a odmiana od g\u00f3rskiego klimatu \ud83d\ude42 W <strong>Alpy Julijskie<\/strong> wr\u00f3cili\u015bmy po paru dniach o czym b\u0119dzie w kolejnym wpisie \ud83d\ude42<\/p>\n<p style=\"text-align: justify;\">Relacja z poprzedniego wyjazdu na <strong>Mangart<\/strong>, gdzie uda\u0142o nam si\u0119 pokona\u0107 inn\u0105 ferrat\u0119 &#8211; <strong>Via Italiana<\/strong> znajduje si\u0119 &gt;&gt;<strong> <a title=\"Via Italiana i Via Slovena \u2013 w drodze na Mangart\" href=\"https:\/\/gorskaprzygoda.pl\/index.php\/2016\/07\/05\/mangart-ferrata-via-italiana\/\">tutaj<\/a> <\/strong>&lt;&lt;.<\/p>\n","protected":false},"excerpt":{"rendered":"<p>Nie s\u0105dzi\u0142em, \u017ce tak szybko uda nam si\u0119 wr\u00f3ci\u0107 pod Mangart. Po nieudanym czerwcowym wej\u015bciu postanowi\u0142em, \u017ce wr\u00f3c\u0119 tutaj jeszcze by wyr\u00f3wna\u0107 rachunki z t\u0105 g\u00f3r\u0105. Alpy Julijskie tak bardzo przypad\u0142y mi do gustu, \u017ce bez wahania chc\u0119 tam wraca\u0107. Tym razem uda\u0142o nam si\u0119 zmierzy\u0107 z Mangartem we wrze\u015bniu. Jakim\u015b cudem dostali\u015bmy jeszcze z <\/p>\n","protected":false},"author":1,"featured_media":2244,"comment_status":"open","ping_status":"open","sticky":false,"template":"","format":"standard","meta":{"jetpack_post_was_ever_published":false,"_jetpack_newsletter_access":"","_jetpack_dont_email_post_to_subs":false,"_jetpack_newsletter_tier_id":0,"_jetpack_memberships_contains_paywalled_content":false,"_jetpack_memberships_contains_paid_content":false,"footnotes":"","jetpack_publicize_message":"","jetpack_publicize_feature_enabled":true,"jetpack_social_post_already_shared":false,"jetpack_social_options":{"image_generator_settings":{"template":"highway","default_image_id":0,"font":"","enabled":false},"version":2}},"categories":[2,125],"tags":[11,12,42,57,63],"class_list":{"0":"post-862","1":"post","2":"type-post","3":"status-publish","4":"format-standard","5":"has-post-thumbnail","7":"category-alpy-julijskie","8":"category-slowenia","9":"tag-alpy","10":"tag-alpy-julijskie","11":"tag-mangart","12":"tag-slowenia","13":"tag-via-ferrata"},"yoast_head":"<!-- This site is optimized with the Yoast SEO plugin v27.5 - https:\/\/yoast.com\/product\/yoast-seo-wordpress\/ -->\n<title>Wej\u015bcie na Mangart, ferrata Via Slovena | Alpy Julijskie | G\u00f3rska przygoda<\/title>\n<meta name=\"robots\" content=\"index, follow, max-snippet:-1, max-image-preview:large, max-video-preview:-1\" \/>\n<link rel=\"canonical\" href=\"https:\/\/gorskaprzygoda.pl\/index.php\/2016\/11\/21\/wejscie-na-mangart-ferrata-via-slovena\/\" \/>\n<meta property=\"og:locale\" content=\"pl_PL\" \/>\n<meta property=\"og:type\" content=\"article\" \/>\n<meta property=\"og:title\" content=\"Wej\u015bcie na Mangart, ferrata Via Slovena | Alpy Julijskie | G\u00f3rska przygoda\" \/>\n<meta property=\"og:description\" content=\"Nie s\u0105dzi\u0142em, \u017ce tak szybko uda nam si\u0119 wr\u00f3ci\u0107 pod Mangart. Po nieudanym czerwcowym wej\u015bciu postanowi\u0142em, \u017ce wr\u00f3c\u0119 tutaj jeszcze by wyr\u00f3wna\u0107 rachunki z t\u0105 g\u00f3r\u0105. Alpy Julijskie tak bardzo przypad\u0142y mi do gustu, \u017ce bez wahania chc\u0119 tam wraca\u0107. Tym razem uda\u0142o nam si\u0119 zmierzy\u0107 z Mangartem we wrze\u015bniu. Jakim\u015b cudem dostali\u015bmy jeszcze z\" \/>\n<meta property=\"og:url\" content=\"https:\/\/gorskaprzygoda.pl\/index.php\/2016\/11\/21\/wejscie-na-mangart-ferrata-via-slovena\/\" \/>\n<meta property=\"og:site_name\" content=\"G\u00f3rska przygoda\" \/>\n<meta property=\"article:publisher\" content=\"https:\/\/www.facebook.com\/gorskaprzygoda\/\" \/>\n<meta property=\"article:author\" content=\"https:\/\/www.facebook.com\/gorskaprzygoda\/\" \/>\n<meta property=\"article:published_time\" content=\"2016-11-21T08:26:12+00:00\" \/>\n<meta property=\"article:modified_time\" content=\"2018-10-16T12:45:50+00:00\" \/>\n<meta property=\"og:image\" content=\"https:\/\/gorskaprzygoda.pl\/wp-content\/uploads\/2016\/11\/mangart-via-slovena.jpg\" \/>\n\t<meta property=\"og:image:width\" content=\"1920\" \/>\n\t<meta property=\"og:image:height\" content=\"1440\" \/>\n\t<meta property=\"og:image:type\" content=\"image\/jpeg\" \/>\n<meta name=\"author\" content=\"Tomek i Ela Wr\u00f3blewscy\" \/>\n<meta name=\"twitter:card\" content=\"summary_large_image\" \/>\n<meta name=\"twitter:label1\" content=\"Napisane przez\" \/>\n\t<meta name=\"twitter:data1\" content=\"Tomek i Ela Wr\u00f3blewscy\" \/>\n\t<meta name=\"twitter:label2\" content=\"Szacowany czas czytania\" \/>\n\t<meta name=\"twitter:data2\" content=\"8 minut\" \/>\n<script type=\"application\/ld+json\" class=\"yoast-schema-graph\">{\"@context\":\"https:\\\/\\\/schema.org\",\"@graph\":[{\"@type\":\"Article\",\"@id\":\"https:\\\/\\\/gorskaprzygoda.pl\\\/index.php\\\/2016\\\/11\\\/21\\\/wejscie-na-mangart-ferrata-via-slovena\\\/#article\",\"isPartOf\":{\"@id\":\"https:\\\/\\\/gorskaprzygoda.pl\\\/index.php\\\/2016\\\/11\\\/21\\\/wejscie-na-mangart-ferrata-via-slovena\\\/\"},\"author\":{\"name\":\"Tomek i Ela Wr\u00f3blewscy\",\"@id\":\"https:\\\/\\\/gorskaprzygoda.pl\\\/#\\\/schema\\\/person\\\/ab1152b79f3bb44e108f239508abc4d8\"},\"headline\":\"Wej\u015bcie na Mangart &#8211; ferrata via Slovena\",\"datePublished\":\"2016-11-21T08:26:12+00:00\",\"dateModified\":\"2018-10-16T12:45:50+00:00\",\"mainEntityOfPage\":{\"@id\":\"https:\\\/\\\/gorskaprzygoda.pl\\\/index.php\\\/2016\\\/11\\\/21\\\/wejscie-na-mangart-ferrata-via-slovena\\\/\"},\"wordCount\":1540,\"commentCount\":5,\"image\":{\"@id\":\"https:\\\/\\\/gorskaprzygoda.pl\\\/index.php\\\/2016\\\/11\\\/21\\\/wejscie-na-mangart-ferrata-via-slovena\\\/#primaryimage\"},\"thumbnailUrl\":\"https:\\\/\\\/gorskaprzygoda.pl\\\/wp-content\\\/uploads\\\/2016\\\/11\\\/mangart-via-slovena.jpg\",\"keywords\":[\"Alpy\",\"Alpy Julijskie\",\"Mangart\",\"S\u0142owenia\",\"via ferrata\"],\"articleSection\":[\"Alpy Julijskie\",\"S\u0142owenia\"],\"inLanguage\":\"pl-PL\",\"potentialAction\":[{\"@type\":\"CommentAction\",\"name\":\"Comment\",\"target\":[\"https:\\\/\\\/gorskaprzygoda.pl\\\/index.php\\\/2016\\\/11\\\/21\\\/wejscie-na-mangart-ferrata-via-slovena\\\/#respond\"]}]},{\"@type\":\"WebPage\",\"@id\":\"https:\\\/\\\/gorskaprzygoda.pl\\\/index.php\\\/2016\\\/11\\\/21\\\/wejscie-na-mangart-ferrata-via-slovena\\\/\",\"url\":\"https:\\\/\\\/gorskaprzygoda.pl\\\/index.php\\\/2016\\\/11\\\/21\\\/wejscie-na-mangart-ferrata-via-slovena\\\/\",\"name\":\"Wej\u015bcie na Mangart, ferrata Via Slovena | Alpy Julijskie | G\u00f3rska przygoda\",\"isPartOf\":{\"@id\":\"https:\\\/\\\/gorskaprzygoda.pl\\\/#website\"},\"primaryImageOfPage\":{\"@id\":\"https:\\\/\\\/gorskaprzygoda.pl\\\/index.php\\\/2016\\\/11\\\/21\\\/wejscie-na-mangart-ferrata-via-slovena\\\/#primaryimage\"},\"image\":{\"@id\":\"https:\\\/\\\/gorskaprzygoda.pl\\\/index.php\\\/2016\\\/11\\\/21\\\/wejscie-na-mangart-ferrata-via-slovena\\\/#primaryimage\"},\"thumbnailUrl\":\"https:\\\/\\\/gorskaprzygoda.pl\\\/wp-content\\\/uploads\\\/2016\\\/11\\\/mangart-via-slovena.jpg\",\"datePublished\":\"2016-11-21T08:26:12+00:00\",\"dateModified\":\"2018-10-16T12:45:50+00:00\",\"author\":{\"@id\":\"https:\\\/\\\/gorskaprzygoda.pl\\\/#\\\/schema\\\/person\\\/ab1152b79f3bb44e108f239508abc4d8\"},\"breadcrumb\":{\"@id\":\"https:\\\/\\\/gorskaprzygoda.pl\\\/index.php\\\/2016\\\/11\\\/21\\\/wejscie-na-mangart-ferrata-via-slovena\\\/#breadcrumb\"},\"inLanguage\":\"pl-PL\",\"potentialAction\":[{\"@type\":\"ReadAction\",\"target\":[\"https:\\\/\\\/gorskaprzygoda.pl\\\/index.php\\\/2016\\\/11\\\/21\\\/wejscie-na-mangart-ferrata-via-slovena\\\/\"]}]},{\"@type\":\"ImageObject\",\"inLanguage\":\"pl-PL\",\"@id\":\"https:\\\/\\\/gorskaprzygoda.pl\\\/index.php\\\/2016\\\/11\\\/21\\\/wejscie-na-mangart-ferrata-via-slovena\\\/#primaryimage\",\"url\":\"https:\\\/\\\/gorskaprzygoda.pl\\\/wp-content\\\/uploads\\\/2016\\\/11\\\/mangart-via-slovena.jpg\",\"contentUrl\":\"https:\\\/\\\/gorskaprzygoda.pl\\\/wp-content\\\/uploads\\\/2016\\\/11\\\/mangart-via-slovena.jpg\",\"width\":1920,\"height\":1440,\"caption\":\"Wej\u015bcie na Mangart ferrata via Slovena\"},{\"@type\":\"BreadcrumbList\",\"@id\":\"https:\\\/\\\/gorskaprzygoda.pl\\\/index.php\\\/2016\\\/11\\\/21\\\/wejscie-na-mangart-ferrata-via-slovena\\\/#breadcrumb\",\"itemListElement\":[{\"@type\":\"ListItem\",\"position\":1,\"name\":\"Strona g\u0142\u00f3wna\",\"item\":\"https:\\\/\\\/gorskaprzygoda.pl\\\/\"},{\"@type\":\"ListItem\",\"position\":2,\"name\":\"Wej\u015bcie na Mangart &#8211; ferrata via Slovena\"}]},{\"@type\":\"WebSite\",\"@id\":\"https:\\\/\\\/gorskaprzygoda.pl\\\/#website\",\"url\":\"https:\\\/\\\/gorskaprzygoda.pl\\\/\",\"name\":\"gorskaprzygoda.pl\",\"description\":\"w drodze na szczyt\",\"potentialAction\":[{\"@type\":\"SearchAction\",\"target\":{\"@type\":\"EntryPoint\",\"urlTemplate\":\"https:\\\/\\\/gorskaprzygoda.pl\\\/?s={search_term_string}\"},\"query-input\":{\"@type\":\"PropertyValueSpecification\",\"valueRequired\":true,\"valueName\":\"search_term_string\"}}],\"inLanguage\":\"pl-PL\"},{\"@type\":\"Person\",\"@id\":\"https:\\\/\\\/gorskaprzygoda.pl\\\/#\\\/schema\\\/person\\\/ab1152b79f3bb44e108f239508abc4d8\",\"name\":\"Tomek i Ela Wr\u00f3blewscy\",\"image\":{\"@type\":\"ImageObject\",\"inLanguage\":\"pl-PL\",\"@id\":\"https:\\\/\\\/secure.gravatar.com\\\/avatar\\\/c8b5c0e01dc987e9cba2639dd98d636b15fbae1a49f90bdb0d50574ca6509057?s=96&r=g\",\"url\":\"https:\\\/\\\/secure.gravatar.com\\\/avatar\\\/c8b5c0e01dc987e9cba2639dd98d636b15fbae1a49f90bdb0d50574ca6509057?s=96&r=g\",\"contentUrl\":\"https:\\\/\\\/secure.gravatar.com\\\/avatar\\\/c8b5c0e01dc987e9cba2639dd98d636b15fbae1a49f90bdb0d50574ca6509057?s=96&r=g\",\"caption\":\"Tomek i Ela Wr\u00f3blewscy\"},\"description\":\"Znajomi m\u00f3wi\u0105 o nas, \u017ce jeste\u015bmy najbardziej zbzikowanymi na punkcie g\u00f3r lud\u017ami jakich znaj\u0105. G\u00f3ry to miejsce, gdzie uciekamy, by prze\u017cy\u0107 kolejn\u0105 przygod\u0119, gdzie chcemy by\u0107 bli\u017cej przyrody i nas\u0142uchiwa\u0107 ciszy. No tak, ciekawe czy mo\u017cna us\u0142ysze\u0107 cisz\u0119? Ela ci\u0105gle pr\u00f3buje znale\u017a\u0107 odpowied\u017a na to nurtuj\u0105ce pytanie, a ja bez ko\u0144ca planuj\u0119 nasze kolejne wyprawy!\",\"sameAs\":[\"https:\\\/\\\/gorskaprzygoda.pl\\\/\",\"https:\\\/\\\/www.facebook.com\\\/gorskaprzygoda\\\/\",\"https:\\\/\\\/www.instagram.com\\\/gorskaprzygoda.pl\\\/\"]}]}<\/script>\n<!-- \/ Yoast SEO plugin. -->","yoast_head_json":{"title":"Wej\u015bcie na Mangart, ferrata Via Slovena | Alpy Julijskie | G\u00f3rska przygoda","robots":{"index":"index","follow":"follow","max-snippet":"max-snippet:-1","max-image-preview":"max-image-preview:large","max-video-preview":"max-video-preview:-1"},"canonical":"https:\/\/gorskaprzygoda.pl\/index.php\/2016\/11\/21\/wejscie-na-mangart-ferrata-via-slovena\/","og_locale":"pl_PL","og_type":"article","og_title":"Wej\u015bcie na Mangart, ferrata Via Slovena | Alpy Julijskie | G\u00f3rska przygoda","og_description":"Nie s\u0105dzi\u0142em, \u017ce tak szybko uda nam si\u0119 wr\u00f3ci\u0107 pod Mangart. Po nieudanym czerwcowym wej\u015bciu postanowi\u0142em, \u017ce wr\u00f3c\u0119 tutaj jeszcze by wyr\u00f3wna\u0107 rachunki z t\u0105 g\u00f3r\u0105. Alpy Julijskie tak bardzo przypad\u0142y mi do gustu, \u017ce bez wahania chc\u0119 tam wraca\u0107. Tym razem uda\u0142o nam si\u0119 zmierzy\u0107 z Mangartem we wrze\u015bniu. Jakim\u015b cudem dostali\u015bmy jeszcze z","og_url":"https:\/\/gorskaprzygoda.pl\/index.php\/2016\/11\/21\/wejscie-na-mangart-ferrata-via-slovena\/","og_site_name":"G\u00f3rska przygoda","article_publisher":"https:\/\/www.facebook.com\/gorskaprzygoda\/","article_author":"https:\/\/www.facebook.com\/gorskaprzygoda\/","article_published_time":"2016-11-21T08:26:12+00:00","article_modified_time":"2018-10-16T12:45:50+00:00","og_image":[{"width":1920,"height":1440,"url":"https:\/\/gorskaprzygoda.pl\/wp-content\/uploads\/2016\/11\/mangart-via-slovena.jpg","type":"image\/jpeg"}],"author":"Tomek i Ela Wr\u00f3blewscy","twitter_card":"summary_large_image","twitter_misc":{"Napisane przez":"Tomek i Ela Wr\u00f3blewscy","Szacowany czas czytania":"8 minut"},"schema":{"@context":"https:\/\/schema.org","@graph":[{"@type":"Article","@id":"https:\/\/gorskaprzygoda.pl\/index.php\/2016\/11\/21\/wejscie-na-mangart-ferrata-via-slovena\/#article","isPartOf":{"@id":"https:\/\/gorskaprzygoda.pl\/index.php\/2016\/11\/21\/wejscie-na-mangart-ferrata-via-slovena\/"},"author":{"name":"Tomek i Ela Wr\u00f3blewscy","@id":"https:\/\/gorskaprzygoda.pl\/#\/schema\/person\/ab1152b79f3bb44e108f239508abc4d8"},"headline":"Wej\u015bcie na Mangart &#8211; ferrata via Slovena","datePublished":"2016-11-21T08:26:12+00:00","dateModified":"2018-10-16T12:45:50+00:00","mainEntityOfPage":{"@id":"https:\/\/gorskaprzygoda.pl\/index.php\/2016\/11\/21\/wejscie-na-mangart-ferrata-via-slovena\/"},"wordCount":1540,"commentCount":5,"image":{"@id":"https:\/\/gorskaprzygoda.pl\/index.php\/2016\/11\/21\/wejscie-na-mangart-ferrata-via-slovena\/#primaryimage"},"thumbnailUrl":"https:\/\/gorskaprzygoda.pl\/wp-content\/uploads\/2016\/11\/mangart-via-slovena.jpg","keywords":["Alpy","Alpy Julijskie","Mangart","S\u0142owenia","via ferrata"],"articleSection":["Alpy Julijskie","S\u0142owenia"],"inLanguage":"pl-PL","potentialAction":[{"@type":"CommentAction","name":"Comment","target":["https:\/\/gorskaprzygoda.pl\/index.php\/2016\/11\/21\/wejscie-na-mangart-ferrata-via-slovena\/#respond"]}]},{"@type":"WebPage","@id":"https:\/\/gorskaprzygoda.pl\/index.php\/2016\/11\/21\/wejscie-na-mangart-ferrata-via-slovena\/","url":"https:\/\/gorskaprzygoda.pl\/index.php\/2016\/11\/21\/wejscie-na-mangart-ferrata-via-slovena\/","name":"Wej\u015bcie na Mangart, ferrata Via Slovena | Alpy Julijskie | G\u00f3rska przygoda","isPartOf":{"@id":"https:\/\/gorskaprzygoda.pl\/#website"},"primaryImageOfPage":{"@id":"https:\/\/gorskaprzygoda.pl\/index.php\/2016\/11\/21\/wejscie-na-mangart-ferrata-via-slovena\/#primaryimage"},"image":{"@id":"https:\/\/gorskaprzygoda.pl\/index.php\/2016\/11\/21\/wejscie-na-mangart-ferrata-via-slovena\/#primaryimage"},"thumbnailUrl":"https:\/\/gorskaprzygoda.pl\/wp-content\/uploads\/2016\/11\/mangart-via-slovena.jpg","datePublished":"2016-11-21T08:26:12+00:00","dateModified":"2018-10-16T12:45:50+00:00","author":{"@id":"https:\/\/gorskaprzygoda.pl\/#\/schema\/person\/ab1152b79f3bb44e108f239508abc4d8"},"breadcrumb":{"@id":"https:\/\/gorskaprzygoda.pl\/index.php\/2016\/11\/21\/wejscie-na-mangart-ferrata-via-slovena\/#breadcrumb"},"inLanguage":"pl-PL","potentialAction":[{"@type":"ReadAction","target":["https:\/\/gorskaprzygoda.pl\/index.php\/2016\/11\/21\/wejscie-na-mangart-ferrata-via-slovena\/"]}]},{"@type":"ImageObject","inLanguage":"pl-PL","@id":"https:\/\/gorskaprzygoda.pl\/index.php\/2016\/11\/21\/wejscie-na-mangart-ferrata-via-slovena\/#primaryimage","url":"https:\/\/gorskaprzygoda.pl\/wp-content\/uploads\/2016\/11\/mangart-via-slovena.jpg","contentUrl":"https:\/\/gorskaprzygoda.pl\/wp-content\/uploads\/2016\/11\/mangart-via-slovena.jpg","width":1920,"height":1440,"caption":"Wej\u015bcie na Mangart ferrata via Slovena"},{"@type":"BreadcrumbList","@id":"https:\/\/gorskaprzygoda.pl\/index.php\/2016\/11\/21\/wejscie-na-mangart-ferrata-via-slovena\/#breadcrumb","itemListElement":[{"@type":"ListItem","position":1,"name":"Strona g\u0142\u00f3wna","item":"https:\/\/gorskaprzygoda.pl\/"},{"@type":"ListItem","position":2,"name":"Wej\u015bcie na Mangart &#8211; ferrata via Slovena"}]},{"@type":"WebSite","@id":"https:\/\/gorskaprzygoda.pl\/#website","url":"https:\/\/gorskaprzygoda.pl\/","name":"gorskaprzygoda.pl","description":"w drodze na szczyt","potentialAction":[{"@type":"SearchAction","target":{"@type":"EntryPoint","urlTemplate":"https:\/\/gorskaprzygoda.pl\/?s={search_term_string}"},"query-input":{"@type":"PropertyValueSpecification","valueRequired":true,"valueName":"search_term_string"}}],"inLanguage":"pl-PL"},{"@type":"Person","@id":"https:\/\/gorskaprzygoda.pl\/#\/schema\/person\/ab1152b79f3bb44e108f239508abc4d8","name":"Tomek i Ela Wr\u00f3blewscy","image":{"@type":"ImageObject","inLanguage":"pl-PL","@id":"https:\/\/secure.gravatar.com\/avatar\/c8b5c0e01dc987e9cba2639dd98d636b15fbae1a49f90bdb0d50574ca6509057?s=96&r=g","url":"https:\/\/secure.gravatar.com\/avatar\/c8b5c0e01dc987e9cba2639dd98d636b15fbae1a49f90bdb0d50574ca6509057?s=96&r=g","contentUrl":"https:\/\/secure.gravatar.com\/avatar\/c8b5c0e01dc987e9cba2639dd98d636b15fbae1a49f90bdb0d50574ca6509057?s=96&r=g","caption":"Tomek i Ela Wr\u00f3blewscy"},"description":"Znajomi m\u00f3wi\u0105 o nas, \u017ce jeste\u015bmy najbardziej zbzikowanymi na punkcie g\u00f3r lud\u017ami jakich znaj\u0105. G\u00f3ry to miejsce, gdzie uciekamy, by prze\u017cy\u0107 kolejn\u0105 przygod\u0119, gdzie chcemy by\u0107 bli\u017cej przyrody i nas\u0142uchiwa\u0107 ciszy. No tak, ciekawe czy mo\u017cna us\u0142ysze\u0107 cisz\u0119? Ela ci\u0105gle pr\u00f3buje znale\u017a\u0107 odpowied\u017a na to nurtuj\u0105ce pytanie, a ja bez ko\u0144ca planuj\u0119 nasze kolejne wyprawy!","sameAs":["https:\/\/gorskaprzygoda.pl\/","https:\/\/www.facebook.com\/gorskaprzygoda\/","https:\/\/www.instagram.com\/gorskaprzygoda.pl\/"]}]}},"jetpack_publicize_connections":[],"jetpack_featured_media_url":"https:\/\/gorskaprzygoda.pl\/wp-content\/uploads\/2016\/11\/mangart-via-slovena.jpg","jetpack_sharing_enabled":true,"jetpack_shortlink":"https:\/\/wp.me\/pawaOI-dU","_links":{"self":[{"href":"https:\/\/gorskaprzygoda.pl\/index.php\/wp-json\/wp\/v2\/posts\/862","targetHints":{"allow":["GET"]}}],"collection":[{"href":"https:\/\/gorskaprzygoda.pl\/index.php\/wp-json\/wp\/v2\/posts"}],"about":[{"href":"https:\/\/gorskaprzygoda.pl\/index.php\/wp-json\/wp\/v2\/types\/post"}],"author":[{"embeddable":true,"href":"https:\/\/gorskaprzygoda.pl\/index.php\/wp-json\/wp\/v2\/users\/1"}],"replies":[{"embeddable":true,"href":"https:\/\/gorskaprzygoda.pl\/index.php\/wp-json\/wp\/v2\/comments?post=862"}],"version-history":[{"count":7,"href":"https:\/\/gorskaprzygoda.pl\/index.php\/wp-json\/wp\/v2\/posts\/862\/revisions"}],"predecessor-version":[{"id":4100,"href":"https:\/\/gorskaprzygoda.pl\/index.php\/wp-json\/wp\/v2\/posts\/862\/revisions\/4100"}],"wp:featuredmedia":[{"embeddable":true,"href":"https:\/\/gorskaprzygoda.pl\/index.php\/wp-json\/wp\/v2\/media\/2244"}],"wp:attachment":[{"href":"https:\/\/gorskaprzygoda.pl\/index.php\/wp-json\/wp\/v2\/media?parent=862"}],"wp:term":[{"taxonomy":"category","embeddable":true,"href":"https:\/\/gorskaprzygoda.pl\/index.php\/wp-json\/wp\/v2\/categories?post=862"},{"taxonomy":"post_tag","embeddable":true,"href":"https:\/\/gorskaprzygoda.pl\/index.php\/wp-json\/wp\/v2\/tags?post=862"}],"curies":[{"name":"wp","href":"https:\/\/api.w.org\/{rel}","templated":true}]}}