{"id":6574,"date":"2021-11-20T13:20:08","date_gmt":"2021-11-20T12:20:08","guid":{"rendered":"https:\/\/gorskaprzygoda.pl\/?p=6574"},"modified":"2022-05-14T22:02:51","modified_gmt":"2022-05-14T20:02:51","slug":"triglav-najwyzszy-szczyt-slowenii-i-alp-julijskich","status":"publish","type":"post","link":"https:\/\/gorskaprzygoda.pl\/index.php\/2021\/11\/20\/triglav-najwyzszy-szczyt-slowenii-i-alp-julijskich\/","title":{"rendered":"Triglav &#8211; najwy\u017cszy szczyt S\u0142owenii i Alp Julijskich"},"content":{"rendered":"\n<p><strong>Triglav <\/strong>to szczyt, kt\u00f3rego wi\u0119kszo\u015bci z Was zapewne przedstawia\u0107 nie trzeba. Nie mniej jednak wspomn\u0119, \u017ce wznosz\u0105c si\u0119 na wysoko\u015b\u0107 <strong>2864 <\/strong>m jest najwy\u017cszym szczytem <strong><a href=\"https:\/\/gorskaprzygoda.pl\/index.php\/category\/slowenia\/\">S\u0142owenii <\/a><\/strong>oraz ca\u0142ych <a href=\"https:\/\/gorskaprzygoda.pl\/index.php\/category\/alpy-julijskie\/\"><strong>Alp Julijskich<\/strong><\/a>. Dla mnie osobi\u015bcie jest to r\u00f3wnie\u017c szczyt, kt\u00f3ry darz\u0119 wielkim sentymentem, bo od niego rozpocz\u0119\u0142a si\u0119 moja alpejska przygoda. Z <strong>Triglavem <\/strong>wi\u0105\u017c\u0105 si\u0119 r\u00f3wnie\u017c pocz\u0105tki bloga wi\u0119c sami rozumiecie \ud83d\ude42<\/p>\n\n\n\n<h2 class=\"wp-block-heading\">Triglav przez Dolin\u0119 Kot<\/h2>\n\n\n\n<p>Centralne po\u0142o\u017cenie <strong>Triglava <\/strong>sprawia, \u017ce na jego wierzcho\u0142ek wiedzie wiele dr\u00f3g maj\u0105cych sw\u00f3j pocz\u0105tek w okalaj\u0105cych go dolinach. Z racji swojego statusu &#8222;najwy\u017cszego&#8221; jest on r\u00f3wnie\u017c jednym z najcz\u0119\u015bciej odwiedzanych szczyt\u00f3w. Zdecydowana wi\u0119kszo\u015b\u0107 os\u00f3b, kt\u00f3ra podejmuje pr\u00f3b\u0119 zdobycia <strong>Triglava <\/strong>rusza z Doliny Vrata. R\u00f3wnie\u017c i ja startowa\u0142em z tej doliny w czasie swojej pierwszej wizyty w <a href=\"https:\/\/gorskaprzygoda.pl\/index.php\/category\/alpy-julijskie\/\"><strong>Alpach Julijskich<\/strong><\/a>, o kt\u00f3rej mo\u017cecie przeczyta\u0107 > <strong><a href=\"https:\/\/gorskaprzygoda.pl\/index.php\/2015\/06\/25\/wejscie-na-triglav-najwyzszy-szczyt-slowenii\/\">TUTAJ <\/a><\/strong>&lt;. Tym razem na szczyt wyruszyli\u015bmy jednak z s\u0105siedniej doliny, mianowicie z Doliny Kot. Za wyborem tej trasy przemawia\u0142o przede wszystkim to, \u017ce jest ona du\u017co mniej ucz\u0119szczana co zw\u0142aszcza w sezonie da\u0142o si\u0119 wyra\u017anie odczu\u0107. Poza tym lubimy poznawa\u0107 nowe warianty \ud83d\ude09<\/p>\n\n\n\n<p>Po dotarciu w g\u0142\u0105b Doliny Kot wyruszyli\u015bmy na szlak w kierunku schroniska Valentina Stani\u010da. Po kr\u00f3tkim, p\u0142askim odcinku dnem doliny rozpocz\u0119\u0142o si\u0119 mozolne pi\u0119cie w g\u00f3r\u0119. Mozolne, bo tego dnia czeka\u0142o na nas prawie 2000 m przewy\u017cszenia! Na szlaku mogli\u015bmy si\u0119 cieszy\u0107 wzgl\u0119dnym spokojem i nielicznym towarzystwem sympatycznych S\u0142owe\u0144c\u00f3w. Po wyj\u015bciu ponad pasmo kosodrzewiny za naszymi plecami ujrzeli\u015bmy ci\u0105gn\u0105c\u0105 si\u0119 dolin\u0119 oraz g\u00f3ruj\u0105ce na horyzoncie Karawanki, w kt\u00f3rych byli\u015bmy dzie\u0144 wcze\u015bniej. Przed sob\u0105 natomiast mieli\u015bmy surowe, wapienne \u015bciany wypi\u0119trzone wysoko ponad nasze g\u0142owy. Lubi\u0119 ten klimat <a href=\"https:\/\/gorskaprzygoda.pl\/index.php\/category\/alpy-julijskie\/\"><strong>Alp Julijskich<\/strong><\/a>. G\u0142\u0119bokie i zielone doliny kontrastuj\u0105ce z wynios\u0142ymi, poszarpanymi i surowymi szczytami.<\/p>\n\n\n\n<p>Dotarcie pod Dom Valentina Stani\u010da zaj\u0119\u0142o nam ok. 3,5 h. Po kr\u00f3tkiej przerwie i uzupe\u0142nieniu kalorii skierowali\u015bmy si\u0119 w stron\u0119 schroniska Triglavski Dom na Kredarici. Przetrawersowanie piarg\u00f3w zalegaj\u0105cych na zboczach szczyt\u00f3w R\u017e i Kredarica oraz dotarcie pod wspomniane schronisko zaj\u0119\u0142o nam kolejn\u0105 1 h. Ko\u0144cowy odcinek tego podej\u015bcia ubezpieczony by\u0142 stalow\u0105 lin\u0105 oraz klamrami, ale nie trzeba by\u0142o w tym miejscu zak\u0142ada\u0107 via ferratowego sprz\u0119tu. Schronisko Triglavski Dom po\u0142o\u017cone jest na wysoko\u015bci prawie 2500 m i znajduje si\u0119 w miejscu krzy\u017cowania si\u0119 kilku szlak\u00f3w przez co stanowi g\u0142\u00f3wny punkt wyj\u015bcia na Triglav. Spod jego mur\u00f3w do pokonania zosta\u0142o nam jeszcze ok. 370 m przewy\u017cszenia.<\/p>\n\n\n\n<div class=\"wp-block-image\"><figure class=\"aligncenter size-full\"><img loading=\"lazy\" decoding=\"async\" width=\"1920\" height=\"1080\" src=\"https:\/\/gorskaprzygoda.pl\/wp-content\/uploads\/2021\/11\/Triglav-3.jpg\" alt=\"\" class=\"wp-image-6575\" srcset=\"https:\/\/gorskaprzygoda.pl\/wp-content\/uploads\/2021\/11\/Triglav-3.jpg 1920w, https:\/\/gorskaprzygoda.pl\/wp-content\/uploads\/2021\/11\/Triglav-3-300x169.jpg 300w, https:\/\/gorskaprzygoda.pl\/wp-content\/uploads\/2021\/11\/Triglav-3-1024x576.jpg 1024w, https:\/\/gorskaprzygoda.pl\/wp-content\/uploads\/2021\/11\/Triglav-3-1536x864.jpg 1536w\" sizes=\"auto, (max-width: 1920px) 100vw, 1920px\" \/><figcaption>Dolina Kot oraz Karawanki<\/figcaption><\/figure><\/div>\n\n\n\n<div class=\"wp-block-image\"><figure class=\"aligncenter size-full\"><img loading=\"lazy\" decoding=\"async\" width=\"1920\" height=\"1080\" src=\"https:\/\/gorskaprzygoda.pl\/wp-content\/uploads\/2021\/11\/Triglav-7.jpg\" alt=\"\" class=\"wp-image-6576\" srcset=\"https:\/\/gorskaprzygoda.pl\/wp-content\/uploads\/2021\/11\/Triglav-7.jpg 1920w, https:\/\/gorskaprzygoda.pl\/wp-content\/uploads\/2021\/11\/Triglav-7-300x169.jpg 300w, https:\/\/gorskaprzygoda.pl\/wp-content\/uploads\/2021\/11\/Triglav-7-1024x576.jpg 1024w, https:\/\/gorskaprzygoda.pl\/wp-content\/uploads\/2021\/11\/Triglav-7-1536x864.jpg 1536w\" sizes=\"auto, (max-width: 1920px) 100vw, 1920px\" \/><\/figure><\/div>\n\n\n\n<div class=\"wp-block-image\"><figure class=\"aligncenter size-full\"><img loading=\"lazy\" decoding=\"async\" width=\"1920\" height=\"1080\" src=\"https:\/\/gorskaprzygoda.pl\/wp-content\/uploads\/2021\/11\/Triglav-10.jpg\" alt=\"\" class=\"wp-image-6577\" srcset=\"https:\/\/gorskaprzygoda.pl\/wp-content\/uploads\/2021\/11\/Triglav-10.jpg 1920w, https:\/\/gorskaprzygoda.pl\/wp-content\/uploads\/2021\/11\/Triglav-10-300x169.jpg 300w, https:\/\/gorskaprzygoda.pl\/wp-content\/uploads\/2021\/11\/Triglav-10-1024x576.jpg 1024w, https:\/\/gorskaprzygoda.pl\/wp-content\/uploads\/2021\/11\/Triglav-10-1536x864.jpg 1536w\" sizes=\"auto, (max-width: 1920px) 100vw, 1920px\" \/><\/figure><\/div>\n\n\n\n<div class=\"wp-block-image\"><figure class=\"aligncenter size-full\"><img loading=\"lazy\" decoding=\"async\" width=\"1920\" height=\"1080\" src=\"https:\/\/gorskaprzygoda.pl\/wp-content\/uploads\/2021\/11\/Triglav-11.jpg\" alt=\"\" class=\"wp-image-6586\" srcset=\"https:\/\/gorskaprzygoda.pl\/wp-content\/uploads\/2021\/11\/Triglav-11.jpg 1920w, https:\/\/gorskaprzygoda.pl\/wp-content\/uploads\/2021\/11\/Triglav-11-300x169.jpg 300w, https:\/\/gorskaprzygoda.pl\/wp-content\/uploads\/2021\/11\/Triglav-11-1024x576.jpg 1024w, https:\/\/gorskaprzygoda.pl\/wp-content\/uploads\/2021\/11\/Triglav-11-1536x864.jpg 1536w\" sizes=\"auto, (max-width: 1920px) 100vw, 1920px\" \/><figcaption>Dom Valentina Stani\u010da <\/figcaption><\/figure><\/div>\n\n\n\n<div class=\"wp-block-image\"><figure class=\"aligncenter size-full\"><img loading=\"lazy\" decoding=\"async\" width=\"1920\" height=\"1080\" src=\"https:\/\/gorskaprzygoda.pl\/wp-content\/uploads\/2021\/11\/Triglav-12.jpg\" alt=\"\" class=\"wp-image-6588\" srcset=\"https:\/\/gorskaprzygoda.pl\/wp-content\/uploads\/2021\/11\/Triglav-12.jpg 1920w, https:\/\/gorskaprzygoda.pl\/wp-content\/uploads\/2021\/11\/Triglav-12-300x169.jpg 300w, https:\/\/gorskaprzygoda.pl\/wp-content\/uploads\/2021\/11\/Triglav-12-1024x576.jpg 1024w, https:\/\/gorskaprzygoda.pl\/wp-content\/uploads\/2021\/11\/Triglav-12-1536x864.jpg 1536w\" sizes=\"auto, (max-width: 1920px) 100vw, 1920px\" \/><figcaption>Triglav widziany spod schroniska Valentina Stani\u010da <\/figcaption><\/figure><\/div>\n\n\n\n<div class=\"wp-block-image\"><figure class=\"aligncenter size-full\"><img loading=\"lazy\" decoding=\"async\" width=\"1920\" height=\"1080\" src=\"https:\/\/gorskaprzygoda.pl\/wp-content\/uploads\/2021\/11\/Triglav-17.jpg\" alt=\"\" class=\"wp-image-6590\" srcset=\"https:\/\/gorskaprzygoda.pl\/wp-content\/uploads\/2021\/11\/Triglav-17.jpg 1920w, https:\/\/gorskaprzygoda.pl\/wp-content\/uploads\/2021\/11\/Triglav-17-300x169.jpg 300w, https:\/\/gorskaprzygoda.pl\/wp-content\/uploads\/2021\/11\/Triglav-17-1024x576.jpg 1024w, https:\/\/gorskaprzygoda.pl\/wp-content\/uploads\/2021\/11\/Triglav-17-1536x864.jpg 1536w\" sizes=\"auto, (max-width: 1920px) 100vw, 1920px\" \/><figcaption>Julijski krajobraz. W \u015brodku kadru <a href=\"https:\/\/gorskaprzygoda.pl\/index.php\/2021\/08\/04\/skrlatica-wejscie-na-szczyt\/\"><strong>Skrlatica <\/strong><\/a>&#8211; kr\u00f3lowa Alp Julijskich<\/figcaption><\/figure><\/div>\n\n\n\n<div class=\"wp-block-image\"><figure class=\"aligncenter size-full\"><img loading=\"lazy\" decoding=\"async\" width=\"1920\" height=\"1080\" src=\"https:\/\/gorskaprzygoda.pl\/wp-content\/uploads\/2021\/11\/Triglav-20.jpg\" alt=\"\" class=\"wp-image-6591\" srcset=\"https:\/\/gorskaprzygoda.pl\/wp-content\/uploads\/2021\/11\/Triglav-20.jpg 1920w, https:\/\/gorskaprzygoda.pl\/wp-content\/uploads\/2021\/11\/Triglav-20-300x169.jpg 300w, https:\/\/gorskaprzygoda.pl\/wp-content\/uploads\/2021\/11\/Triglav-20-1024x576.jpg 1024w, https:\/\/gorskaprzygoda.pl\/wp-content\/uploads\/2021\/11\/Triglav-20-1536x864.jpg 1536w\" sizes=\"auto, (max-width: 1920px) 100vw, 1920px\" \/><\/figure><\/div>\n\n\n\n<div class=\"wp-block-image\"><figure class=\"aligncenter size-full\"><img loading=\"lazy\" decoding=\"async\" width=\"1920\" height=\"1080\" src=\"https:\/\/gorskaprzygoda.pl\/wp-content\/uploads\/2021\/11\/Triglav-22.jpg\" alt=\"\" class=\"wp-image-6592\" srcset=\"https:\/\/gorskaprzygoda.pl\/wp-content\/uploads\/2021\/11\/Triglav-22.jpg 1920w, https:\/\/gorskaprzygoda.pl\/wp-content\/uploads\/2021\/11\/Triglav-22-300x169.jpg 300w, https:\/\/gorskaprzygoda.pl\/wp-content\/uploads\/2021\/11\/Triglav-22-1024x576.jpg 1024w, https:\/\/gorskaprzygoda.pl\/wp-content\/uploads\/2021\/11\/Triglav-22-1536x864.jpg 1536w\" sizes=\"auto, (max-width: 1920px) 100vw, 1920px\" \/><figcaption> Dom Valentina Stani\u010da widziany gdzie\u015b z okolicy Kredaricy<\/figcaption><\/figure><\/div>\n\n\n\n<h2 class=\"wp-block-heading\">Na grani<\/h2>\n\n\n\n<p>Droga na wierzcho\u0142ek <strong>Triglava <\/strong>spod schroniska Triglavski Dom wiedzie przez Ma\u0142y Triglav, na kt\u00f3rym spotyka si\u0119 ona ze szlakiem prowadz\u0105cym od Domu Planika. Nietrudno si\u0119 zatem domy\u015bli\u0107, \u017ce od tego miejsca w drodze na top towarzyszy\u0142 nam wzmo\u017cony ruch. Zgodnie z przewidywaniami w trudniejszych i w\u0119\u017cszych partiach na grani tworzy\u0142y si\u0119 spore zatory i kolejki, kt\u00f3re znacznie wyd\u0142u\u017cy\u0142y czas wej\u015bcia. Niemniej jednak czas sp\u0119dzony w oczekiwaniu na swoj\u0105 kolej spo\u017cytkowali\u015bmy na podziwianiu widok\u00f3w, kt\u00f3rych tego dnia absolutnie nie brakowa\u0142o. Pogoda tego dnia dopisa\u0142a idealnie i pozwoli\u0142a cieszy\u0107 si\u0119 bardzo obszern\u0105 panoram\u0105. Widoczno\u015b\u0107 by\u0142a tak dobra, \u017ce na horyzoncie mogli\u015bmy dostrzec nawet wybrze\u017ce Adriatyku.<\/p>\n\n\n\n<p>Co do kwestii technicznych i trudno\u015bci w drodze na szczyt <strong>Triglava<\/strong>. Praktycznie ca\u0142y odcinek drogi spod schroniska Triglavski Dom jest ubezpieczony stalow\u0105 lin\u0105, a trudniejsze miejsca wyposa\u017cone s\u0105 w klamry i inne u\u0142atwienia. Trudno\u015bci w skali ferratowej oscyluj\u0105 w graniach <strong>A \u2013 A\/B<\/strong>, a wi\u0119c jest stosunkowo \u0142atwo. Problemem w szczycie sezonu s\u0105 wspomniane ju\u017c wcze\u015bniej zatory i konieczno\u015b\u0107 mijania si\u0119 z osobami id\u0105cymi w przeciwnym kierunku. W drodze na wierzcho\u0142ek towarzyszy nam r\u00f3wnie\u017c znaczna ekspozycja, bo wi\u0119kszo\u015b\u0107 szlaku poprowadzona jest stricte po grani. Ponadto julijski wapie\u0144 jest bardzo kruchy wi\u0119c istnieje du\u017ce ryzyko, \u017ce kto\u015b zrzuci nam co\u015b na g\u0142ow\u0119. Dlatego pomimo niewielkich trudno\u015bci technicznych nale\u017cy korzysta\u0107 z via-ferratowego ABC, czyli lon\u017cy, uprz\u0119\u017cy i kasku.<\/p>\n\n\n\n<div class=\"wp-block-image\"><figure class=\"aligncenter size-full\"><img loading=\"lazy\" decoding=\"async\" width=\"1920\" height=\"1080\" src=\"https:\/\/gorskaprzygoda.pl\/wp-content\/uploads\/2021\/11\/Triglav-24.jpg\" alt=\"\" class=\"wp-image-6587\" srcset=\"https:\/\/gorskaprzygoda.pl\/wp-content\/uploads\/2021\/11\/Triglav-24.jpg 1920w, https:\/\/gorskaprzygoda.pl\/wp-content\/uploads\/2021\/11\/Triglav-24-300x169.jpg 300w, https:\/\/gorskaprzygoda.pl\/wp-content\/uploads\/2021\/11\/Triglav-24-1024x576.jpg 1024w, https:\/\/gorskaprzygoda.pl\/wp-content\/uploads\/2021\/11\/Triglav-24-1536x864.jpg 1536w\" sizes=\"auto, (max-width: 1920px) 100vw, 1920px\" \/><figcaption>Schronisko Triglavski Dom na Kredarici<\/figcaption><\/figure><\/div>\n\n\n\n<div class=\"wp-block-image\"><figure class=\"aligncenter size-full\"><img loading=\"lazy\" decoding=\"async\" width=\"1920\" height=\"1080\" src=\"https:\/\/gorskaprzygoda.pl\/wp-content\/uploads\/2021\/11\/Triglav-25.jpg\" alt=\"\" class=\"wp-image-6593\" srcset=\"https:\/\/gorskaprzygoda.pl\/wp-content\/uploads\/2021\/11\/Triglav-25.jpg 1920w, https:\/\/gorskaprzygoda.pl\/wp-content\/uploads\/2021\/11\/Triglav-25-300x169.jpg 300w, https:\/\/gorskaprzygoda.pl\/wp-content\/uploads\/2021\/11\/Triglav-25-1024x576.jpg 1024w, https:\/\/gorskaprzygoda.pl\/wp-content\/uploads\/2021\/11\/Triglav-25-1536x864.jpg 1536w\" sizes=\"auto, (max-width: 1920px) 100vw, 1920px\" \/><figcaption>Ma\u0142y Triglav (po lewej) i Triglav (po prawej)<\/figcaption><\/figure><\/div>\n\n\n\n<div class=\"wp-block-image\"><figure class=\"aligncenter size-full\"><img loading=\"lazy\" decoding=\"async\" width=\"1920\" height=\"1080\" src=\"https:\/\/gorskaprzygoda.pl\/wp-content\/uploads\/2021\/11\/Triglav-27.jpg\" alt=\"\" class=\"wp-image-6596\" srcset=\"https:\/\/gorskaprzygoda.pl\/wp-content\/uploads\/2021\/11\/Triglav-27.jpg 1920w, https:\/\/gorskaprzygoda.pl\/wp-content\/uploads\/2021\/11\/Triglav-27-300x169.jpg 300w, https:\/\/gorskaprzygoda.pl\/wp-content\/uploads\/2021\/11\/Triglav-27-1024x576.jpg 1024w, https:\/\/gorskaprzygoda.pl\/wp-content\/uploads\/2021\/11\/Triglav-27-1536x864.jpg 1536w\" sizes=\"auto, (max-width: 1920px) 100vw, 1920px\" \/><\/figure><\/div>\n\n\n\n<div class=\"wp-block-image\"><figure class=\"aligncenter size-full\"><img loading=\"lazy\" decoding=\"async\" width=\"1920\" height=\"1080\" src=\"https:\/\/gorskaprzygoda.pl\/wp-content\/uploads\/2021\/11\/Triglav-28.jpg\" alt=\"\" class=\"wp-image-6597\" srcset=\"https:\/\/gorskaprzygoda.pl\/wp-content\/uploads\/2021\/11\/Triglav-28.jpg 1920w, https:\/\/gorskaprzygoda.pl\/wp-content\/uploads\/2021\/11\/Triglav-28-300x169.jpg 300w, https:\/\/gorskaprzygoda.pl\/wp-content\/uploads\/2021\/11\/Triglav-28-1024x576.jpg 1024w, https:\/\/gorskaprzygoda.pl\/wp-content\/uploads\/2021\/11\/Triglav-28-1536x864.jpg 1536w\" sizes=\"auto, (max-width: 1920px) 100vw, 1920px\" \/><\/figure><\/div>\n\n\n\n<div class=\"wp-block-image\"><figure class=\"aligncenter size-full\"><img loading=\"lazy\" decoding=\"async\" width=\"1920\" height=\"1080\" src=\"https:\/\/gorskaprzygoda.pl\/wp-content\/uploads\/2021\/11\/Triglav-29.jpg\" alt=\"\" class=\"wp-image-6598\" srcset=\"https:\/\/gorskaprzygoda.pl\/wp-content\/uploads\/2021\/11\/Triglav-29.jpg 1920w, https:\/\/gorskaprzygoda.pl\/wp-content\/uploads\/2021\/11\/Triglav-29-300x169.jpg 300w, https:\/\/gorskaprzygoda.pl\/wp-content\/uploads\/2021\/11\/Triglav-29-1024x576.jpg 1024w, https:\/\/gorskaprzygoda.pl\/wp-content\/uploads\/2021\/11\/Triglav-29-1536x864.jpg 1536w\" sizes=\"auto, (max-width: 1920px) 100vw, 1920px\" \/><\/figure><\/div>\n\n\n\n<div class=\"wp-block-image\"><figure class=\"aligncenter size-full\"><img loading=\"lazy\" decoding=\"async\" width=\"1920\" height=\"1080\" src=\"https:\/\/gorskaprzygoda.pl\/wp-content\/uploads\/2021\/11\/Triglav-30.jpg\" alt=\"\" class=\"wp-image-6599\" srcset=\"https:\/\/gorskaprzygoda.pl\/wp-content\/uploads\/2021\/11\/Triglav-30.jpg 1920w, https:\/\/gorskaprzygoda.pl\/wp-content\/uploads\/2021\/11\/Triglav-30-300x169.jpg 300w, https:\/\/gorskaprzygoda.pl\/wp-content\/uploads\/2021\/11\/Triglav-30-1024x576.jpg 1024w, https:\/\/gorskaprzygoda.pl\/wp-content\/uploads\/2021\/11\/Triglav-30-1536x864.jpg 1536w\" sizes=\"auto, (max-width: 1920px) 100vw, 1920px\" \/><\/figure><\/div>\n\n\n\n<div class=\"wp-block-image\"><figure class=\"aligncenter size-full\"><img loading=\"lazy\" decoding=\"async\" width=\"1920\" height=\"1080\" src=\"https:\/\/gorskaprzygoda.pl\/wp-content\/uploads\/2021\/11\/Triglav-31.jpg\" alt=\"\" class=\"wp-image-6600\" srcset=\"https:\/\/gorskaprzygoda.pl\/wp-content\/uploads\/2021\/11\/Triglav-31.jpg 1920w, https:\/\/gorskaprzygoda.pl\/wp-content\/uploads\/2021\/11\/Triglav-31-300x169.jpg 300w, https:\/\/gorskaprzygoda.pl\/wp-content\/uploads\/2021\/11\/Triglav-31-1024x576.jpg 1024w, https:\/\/gorskaprzygoda.pl\/wp-content\/uploads\/2021\/11\/Triglav-31-1536x864.jpg 1536w\" sizes=\"auto, (max-width: 1920px) 100vw, 1920px\" \/><\/figure><\/div>\n\n\n\n<div class=\"wp-block-image\"><figure class=\"aligncenter size-full\"><img loading=\"lazy\" decoding=\"async\" width=\"1920\" height=\"1080\" src=\"https:\/\/gorskaprzygoda.pl\/wp-content\/uploads\/2021\/11\/Triglav-32.jpg\" alt=\"\" class=\"wp-image-6601\" srcset=\"https:\/\/gorskaprzygoda.pl\/wp-content\/uploads\/2021\/11\/Triglav-32.jpg 1920w, https:\/\/gorskaprzygoda.pl\/wp-content\/uploads\/2021\/11\/Triglav-32-300x169.jpg 300w, https:\/\/gorskaprzygoda.pl\/wp-content\/uploads\/2021\/11\/Triglav-32-1024x576.jpg 1024w, https:\/\/gorskaprzygoda.pl\/wp-content\/uploads\/2021\/11\/Triglav-32-1536x864.jpg 1536w\" sizes=\"auto, (max-width: 1920px) 100vw, 1920px\" \/><\/figure><\/div>\n\n\n\n<div class=\"wp-block-image\"><figure class=\"aligncenter size-full\"><img loading=\"lazy\" decoding=\"async\" width=\"1920\" height=\"1080\" src=\"https:\/\/gorskaprzygoda.pl\/wp-content\/uploads\/2021\/11\/Triglav-33.jpg\" alt=\"\" class=\"wp-image-6602\" srcset=\"https:\/\/gorskaprzygoda.pl\/wp-content\/uploads\/2021\/11\/Triglav-33.jpg 1920w, https:\/\/gorskaprzygoda.pl\/wp-content\/uploads\/2021\/11\/Triglav-33-300x169.jpg 300w, https:\/\/gorskaprzygoda.pl\/wp-content\/uploads\/2021\/11\/Triglav-33-1024x576.jpg 1024w, https:\/\/gorskaprzygoda.pl\/wp-content\/uploads\/2021\/11\/Triglav-33-1536x864.jpg 1536w\" sizes=\"auto, (max-width: 1920px) 100vw, 1920px\" \/><\/figure><\/div>\n\n\n\n<h2 class=\"wp-block-heading\">Triglav po raz drugi<\/h2>\n\n\n\n<p>Wej\u015bcie na <strong>Triglav <\/strong>spod Triglavskiego Domu zaj\u0119\u0142o nam 1 h 40 min. To o 40 min wi\u0119cej ni\u017c czas podany na drogowskazie. Wszystko przez znaczn\u0105 ilo\u015b\u0107 os\u00f3b na szlaku i tworz\u0105ce si\u0119 kolejki. Na szcz\u0119\u015bcie widoki ze szczytu nadrobi\u0142y t\u0119 niedogodno\u015b\u0107 i zapiera\u0142y dech w piersi. Jak ju\u017c wspomina\u0142em pogoda spisa\u0142a si\u0119 na medal i mo\u017cna by\u0142o dosta\u0107 oczopl\u0105su od podziwiania rozpo\u015bcieraj\u0105cej si\u0119 panoramy i niezliczonej ilo\u015bci szczyt\u00f3w. <a href=\"https:\/\/gorskaprzygoda.pl\/index.php\/2021\/08\/04\/skrlatica-wejscie-na-szczyt\/\"><strong>Skrlatica<\/strong><\/a>, <strong>Razor<\/strong>, <strong>Stenar<\/strong>, <strong>Jalovec<\/strong> czy <a href=\"https:\/\/gorskaprzygoda.pl\/index.php\/2017\/01\/24\/wejscie-na-prisojnik\/\"><strong>Prisojnik<\/strong><\/a> znajdowa\u0142y si\u0119 na wyci\u0105gni\u0119cie r\u0119ki. My\u015bl\u0119, \u017ce zdj\u0119cia m\u00f3wi\u0105 same za siebie \ud83d\ude42 Wchodz\u0105c na szczyt uda\u0142o mi si\u0119 go zdoby\u0107 po raz drugi. Ela z kolei stan\u0119\u0142a na wierzcho\u0142ku <strong>Triglava <\/strong>po raz pierwszy, tym samym dorzucaj\u0105c kolejn\u0105 pere\u0142k\u0119 do swojej kolekcji w <a href=\"https:\/\/gorskaprzygoda.pl\/index.php\/category\/korona-europy\/\"><strong>Koronie Europy<\/strong><\/a> \ud83d\ude42<\/p>\n\n\n\n<div class=\"wp-block-image\"><figure class=\"aligncenter size-full\"><img loading=\"lazy\" decoding=\"async\" width=\"1920\" height=\"1080\" src=\"https:\/\/gorskaprzygoda.pl\/wp-content\/uploads\/2021\/11\/Triglav-37.jpg\" alt=\"\" class=\"wp-image-6603\" srcset=\"https:\/\/gorskaprzygoda.pl\/wp-content\/uploads\/2021\/11\/Triglav-37.jpg 1920w, https:\/\/gorskaprzygoda.pl\/wp-content\/uploads\/2021\/11\/Triglav-37-300x169.jpg 300w, https:\/\/gorskaprzygoda.pl\/wp-content\/uploads\/2021\/11\/Triglav-37-1024x576.jpg 1024w, https:\/\/gorskaprzygoda.pl\/wp-content\/uploads\/2021\/11\/Triglav-37-1536x864.jpg 1536w\" sizes=\"auto, (max-width: 1920px) 100vw, 1920px\" \/><\/figure><\/div>\n\n\n\n<div class=\"wp-block-image\"><figure class=\"aligncenter size-full\"><img loading=\"lazy\" decoding=\"async\" width=\"1920\" height=\"1080\" src=\"https:\/\/gorskaprzygoda.pl\/wp-content\/uploads\/2021\/11\/Triglav-35.jpg\" alt=\"\" class=\"wp-image-6604\" srcset=\"https:\/\/gorskaprzygoda.pl\/wp-content\/uploads\/2021\/11\/Triglav-35.jpg 1920w, https:\/\/gorskaprzygoda.pl\/wp-content\/uploads\/2021\/11\/Triglav-35-300x169.jpg 300w, https:\/\/gorskaprzygoda.pl\/wp-content\/uploads\/2021\/11\/Triglav-35-1024x576.jpg 1024w, https:\/\/gorskaprzygoda.pl\/wp-content\/uploads\/2021\/11\/Triglav-35-1536x864.jpg 1536w\" sizes=\"auto, (max-width: 1920px) 100vw, 1920px\" \/><\/figure><\/div>\n\n\n\n<div class=\"wp-block-image is-style-default\"><figure class=\"aligncenter size-full\"><img loading=\"lazy\" decoding=\"async\" width=\"1920\" height=\"1080\" src=\"https:\/\/gorskaprzygoda.pl\/wp-content\/uploads\/2021\/11\/Triglav-36.jpg\" alt=\"\" class=\"wp-image-6605\" srcset=\"https:\/\/gorskaprzygoda.pl\/wp-content\/uploads\/2021\/11\/Triglav-36.jpg 1920w, https:\/\/gorskaprzygoda.pl\/wp-content\/uploads\/2021\/11\/Triglav-36-300x169.jpg 300w, https:\/\/gorskaprzygoda.pl\/wp-content\/uploads\/2021\/11\/Triglav-36-1024x576.jpg 1024w, https:\/\/gorskaprzygoda.pl\/wp-content\/uploads\/2021\/11\/Triglav-36-1536x864.jpg 1536w\" sizes=\"auto, (max-width: 1920px) 100vw, 1920px\" \/><\/figure><\/div>\n\n\n\n<div class=\"wp-block-image\"><figure class=\"aligncenter size-full\"><img loading=\"lazy\" decoding=\"async\" width=\"1920\" height=\"1080\" src=\"https:\/\/gorskaprzygoda.pl\/wp-content\/uploads\/2021\/11\/Triglav-40.jpg\" alt=\"\" class=\"wp-image-6606\" srcset=\"https:\/\/gorskaprzygoda.pl\/wp-content\/uploads\/2021\/11\/Triglav-40.jpg 1920w, https:\/\/gorskaprzygoda.pl\/wp-content\/uploads\/2021\/11\/Triglav-40-300x169.jpg 300w, https:\/\/gorskaprzygoda.pl\/wp-content\/uploads\/2021\/11\/Triglav-40-1024x576.jpg 1024w, https:\/\/gorskaprzygoda.pl\/wp-content\/uploads\/2021\/11\/Triglav-40-1536x864.jpg 1536w\" sizes=\"auto, (max-width: 1920px) 100vw, 1920px\" \/><\/figure><\/div>\n\n\n\n<h2 class=\"wp-block-heading\">Powr\u00f3t<\/h2>\n\n\n\n<p>Po kr\u00f3tkim odpoczynku i szybkiej sesji zdj\u0119ciowej pod <strong>Alzajev Stolp <\/strong>wyruszyli\u015bmy w drog\u0119 powrotn\u0105. Nasz plan zak\u0142ada\u0142 bowiem wej\u015bcie na <strong>Triglav <\/strong>i zej\u015bcie w ci\u0105gu jednego dnia wi\u0119c nie mieli\u015bmy za wiele czasu na relaks. Poza tym na szlaku w dalszym ci\u0105gu panowa\u0142 spory ruch i r\u00f3wnie\u017c podczas zej\u015bcia musieli\u015bmy odsta\u0107 swoje w oczekiwaniu na mo\u017cliwo\u015b\u0107 przej\u015bcia newralgicznych miejsc. Tak naprawd\u0119 troch\u0119 lu\u017aniej zrobi\u0142o si\u0119 dopiero po dotarciu w okolice Ma\u0142ego Triglava i odbiciu w kierunku schroniska przy Kredarici. Dalsza droga w kierunku schroniska Valentina Stani\u010da przebieg\u0142a ju\u017c ca\u0142kiem spokojnie bowiem wi\u0119kszo\u015b\u0107 ludzi skierowa\u0142a si\u0119 w kierunku Doliny Vrata.<\/p>\n\n\n\n<p>Schodz\u0105c w dalszym ci\u0105gu delektowali\u015bmy si\u0119 widokami. Pomimo, \u017ce w <a href=\"https:\/\/gorskaprzygoda.pl\/index.php\/category\/alpy-julijskie\/\"><strong>Alpach Julijskich<\/strong><\/a> by\u0142em wielokrotnie nieustannie robi\u0105 one na mnie wielkie wra\u017cenie. Za ka\u017cdym razem odkrywam miejsca i szczyty, kt\u00f3re dopisuj\u0119 do listy, aby odhaczy\u0107 je w czasie kolejnego wyjazdu. Ten surowy, nieco ksi\u0119\u017cycowy krajobraz polodowcowych p\u00f3l i piarg\u00f3w z wyrastaj\u0105cymi \u015bcianami i wierzcho\u0142kami ma w sobie co\u015b magicznego.<\/p>\n\n\n\n<p>Wej\u015bcie i zej\u015bcie na Triglav zaj\u0119\u0142o nam ostatecznie blisko 13 h, w czasie kt\u00f3rych pokonali\u015bmy prawie 2000 m przewy\u017cszenia oraz dystans nieca\u0142ych 22 km.<\/p>\n\n\n\n<div class=\"wp-block-image\"><figure class=\"aligncenter size-full\"><img loading=\"lazy\" decoding=\"async\" width=\"1920\" height=\"1080\" src=\"https:\/\/gorskaprzygoda.pl\/wp-content\/uploads\/2021\/11\/Triglav-43.jpg\" alt=\"\" class=\"wp-image-6607\" srcset=\"https:\/\/gorskaprzygoda.pl\/wp-content\/uploads\/2021\/11\/Triglav-43.jpg 1920w, https:\/\/gorskaprzygoda.pl\/wp-content\/uploads\/2021\/11\/Triglav-43-300x169.jpg 300w, https:\/\/gorskaprzygoda.pl\/wp-content\/uploads\/2021\/11\/Triglav-43-1024x576.jpg 1024w, https:\/\/gorskaprzygoda.pl\/wp-content\/uploads\/2021\/11\/Triglav-43-1536x864.jpg 1536w\" sizes=\"auto, (max-width: 1920px) 100vw, 1920px\" \/><\/figure><\/div>\n\n\n\n<div class=\"wp-block-image\"><figure class=\"aligncenter size-full\"><img loading=\"lazy\" decoding=\"async\" width=\"1920\" height=\"1080\" src=\"https:\/\/gorskaprzygoda.pl\/wp-content\/uploads\/2021\/11\/Triglav-44.jpg\" alt=\"\" class=\"wp-image-6608\" srcset=\"https:\/\/gorskaprzygoda.pl\/wp-content\/uploads\/2021\/11\/Triglav-44.jpg 1920w, https:\/\/gorskaprzygoda.pl\/wp-content\/uploads\/2021\/11\/Triglav-44-300x169.jpg 300w, https:\/\/gorskaprzygoda.pl\/wp-content\/uploads\/2021\/11\/Triglav-44-1024x576.jpg 1024w, https:\/\/gorskaprzygoda.pl\/wp-content\/uploads\/2021\/11\/Triglav-44-1536x864.jpg 1536w\" sizes=\"auto, (max-width: 1920px) 100vw, 1920px\" \/><\/figure><\/div>\n\n\n\n<div class=\"wp-block-image\"><figure class=\"aligncenter size-full\"><img loading=\"lazy\" decoding=\"async\" width=\"1920\" height=\"1080\" src=\"https:\/\/gorskaprzygoda.pl\/wp-content\/uploads\/2021\/11\/Triglav-45.jpg\" alt=\"\" class=\"wp-image-6609\" srcset=\"https:\/\/gorskaprzygoda.pl\/wp-content\/uploads\/2021\/11\/Triglav-45.jpg 1920w, https:\/\/gorskaprzygoda.pl\/wp-content\/uploads\/2021\/11\/Triglav-45-300x169.jpg 300w, https:\/\/gorskaprzygoda.pl\/wp-content\/uploads\/2021\/11\/Triglav-45-1024x576.jpg 1024w, https:\/\/gorskaprzygoda.pl\/wp-content\/uploads\/2021\/11\/Triglav-45-1536x864.jpg 1536w\" sizes=\"auto, (max-width: 1920px) 100vw, 1920px\" \/><\/figure><\/div>\n\n\n\n<div class=\"wp-block-image\"><figure class=\"aligncenter size-full\"><img loading=\"lazy\" decoding=\"async\" width=\"1920\" height=\"1080\" src=\"https:\/\/gorskaprzygoda.pl\/wp-content\/uploads\/2021\/11\/Triglav-47.jpg\" alt=\"\" class=\"wp-image-6610\" srcset=\"https:\/\/gorskaprzygoda.pl\/wp-content\/uploads\/2021\/11\/Triglav-47.jpg 1920w, https:\/\/gorskaprzygoda.pl\/wp-content\/uploads\/2021\/11\/Triglav-47-300x169.jpg 300w, https:\/\/gorskaprzygoda.pl\/wp-content\/uploads\/2021\/11\/Triglav-47-1024x576.jpg 1024w, https:\/\/gorskaprzygoda.pl\/wp-content\/uploads\/2021\/11\/Triglav-47-1536x864.jpg 1536w\" sizes=\"auto, (max-width: 1920px) 100vw, 1920px\" \/><\/figure><\/div>\n\n\n\n<div class=\"wp-block-image\"><figure class=\"aligncenter size-full\"><img loading=\"lazy\" decoding=\"async\" width=\"1920\" height=\"1080\" src=\"https:\/\/gorskaprzygoda.pl\/wp-content\/uploads\/2021\/11\/Triglav-50.jpg\" alt=\"\" class=\"wp-image-6612\" srcset=\"https:\/\/gorskaprzygoda.pl\/wp-content\/uploads\/2021\/11\/Triglav-50.jpg 1920w, https:\/\/gorskaprzygoda.pl\/wp-content\/uploads\/2021\/11\/Triglav-50-300x169.jpg 300w, https:\/\/gorskaprzygoda.pl\/wp-content\/uploads\/2021\/11\/Triglav-50-1024x576.jpg 1024w, https:\/\/gorskaprzygoda.pl\/wp-content\/uploads\/2021\/11\/Triglav-50-1536x864.jpg 1536w\" sizes=\"auto, (max-width: 1920px) 100vw, 1920px\" \/><\/figure><\/div>\n\n\n\n<div class=\"wp-block-image\"><figure class=\"aligncenter size-full\"><img loading=\"lazy\" decoding=\"async\" width=\"1920\" height=\"1080\" src=\"https:\/\/gorskaprzygoda.pl\/wp-content\/uploads\/2021\/11\/Triglav-51.jpg\" alt=\"\" class=\"wp-image-6613\" srcset=\"https:\/\/gorskaprzygoda.pl\/wp-content\/uploads\/2021\/11\/Triglav-51.jpg 1920w, https:\/\/gorskaprzygoda.pl\/wp-content\/uploads\/2021\/11\/Triglav-51-300x169.jpg 300w, https:\/\/gorskaprzygoda.pl\/wp-content\/uploads\/2021\/11\/Triglav-51-1024x576.jpg 1024w, https:\/\/gorskaprzygoda.pl\/wp-content\/uploads\/2021\/11\/Triglav-51-1536x864.jpg 1536w\" sizes=\"auto, (max-width: 1920px) 100vw, 1920px\" \/><\/figure><\/div>\n\n\n\n<div class=\"wp-block-image\"><figure class=\"aligncenter size-full\"><img loading=\"lazy\" decoding=\"async\" width=\"1920\" height=\"1080\" src=\"https:\/\/gorskaprzygoda.pl\/wp-content\/uploads\/2021\/11\/Triglav-52.jpg\" alt=\"\" class=\"wp-image-6614\" srcset=\"https:\/\/gorskaprzygoda.pl\/wp-content\/uploads\/2021\/11\/Triglav-52.jpg 1920w, https:\/\/gorskaprzygoda.pl\/wp-content\/uploads\/2021\/11\/Triglav-52-300x169.jpg 300w, https:\/\/gorskaprzygoda.pl\/wp-content\/uploads\/2021\/11\/Triglav-52-1024x576.jpg 1024w, https:\/\/gorskaprzygoda.pl\/wp-content\/uploads\/2021\/11\/Triglav-52-1536x864.jpg 1536w\" sizes=\"auto, (max-width: 1920px) 100vw, 1920px\" \/><\/figure><\/div>\n\n\n\n<div class=\"wp-block-image\"><figure class=\"aligncenter size-full\"><img loading=\"lazy\" decoding=\"async\" width=\"1920\" height=\"1080\" src=\"https:\/\/gorskaprzygoda.pl\/wp-content\/uploads\/2021\/11\/Triglav-54.jpg\" alt=\"\" class=\"wp-image-6615\" srcset=\"https:\/\/gorskaprzygoda.pl\/wp-content\/uploads\/2021\/11\/Triglav-54.jpg 1920w, https:\/\/gorskaprzygoda.pl\/wp-content\/uploads\/2021\/11\/Triglav-54-300x169.jpg 300w, https:\/\/gorskaprzygoda.pl\/wp-content\/uploads\/2021\/11\/Triglav-54-1024x576.jpg 1024w, https:\/\/gorskaprzygoda.pl\/wp-content\/uploads\/2021\/11\/Triglav-54-1536x864.jpg 1536w\" sizes=\"auto, (max-width: 1920px) 100vw, 1920px\" \/><\/figure><\/div>\n\n\n\n<div class=\"wp-block-image\"><figure class=\"aligncenter size-full\"><img loading=\"lazy\" decoding=\"async\" width=\"1920\" height=\"1080\" src=\"https:\/\/gorskaprzygoda.pl\/wp-content\/uploads\/2021\/11\/Triglav-55.jpg\" alt=\"\" class=\"wp-image-6616\" srcset=\"https:\/\/gorskaprzygoda.pl\/wp-content\/uploads\/2021\/11\/Triglav-55.jpg 1920w, https:\/\/gorskaprzygoda.pl\/wp-content\/uploads\/2021\/11\/Triglav-55-300x169.jpg 300w, https:\/\/gorskaprzygoda.pl\/wp-content\/uploads\/2021\/11\/Triglav-55-1024x576.jpg 1024w, https:\/\/gorskaprzygoda.pl\/wp-content\/uploads\/2021\/11\/Triglav-55-1536x864.jpg 1536w\" sizes=\"auto, (max-width: 1920px) 100vw, 1920px\" \/><\/figure><\/div>\n\n\n\n<div class=\"wp-block-image\"><figure class=\"aligncenter size-full\"><img loading=\"lazy\" decoding=\"async\" width=\"1920\" height=\"1080\" src=\"https:\/\/gorskaprzygoda.pl\/wp-content\/uploads\/2021\/11\/Triglav-58.jpg\" alt=\"\" class=\"wp-image-6617\" srcset=\"https:\/\/gorskaprzygoda.pl\/wp-content\/uploads\/2021\/11\/Triglav-58.jpg 1920w, https:\/\/gorskaprzygoda.pl\/wp-content\/uploads\/2021\/11\/Triglav-58-300x169.jpg 300w, https:\/\/gorskaprzygoda.pl\/wp-content\/uploads\/2021\/11\/Triglav-58-1024x576.jpg 1024w, https:\/\/gorskaprzygoda.pl\/wp-content\/uploads\/2021\/11\/Triglav-58-1536x864.jpg 1536w\" sizes=\"auto, (max-width: 1920px) 100vw, 1920px\" \/><\/figure><\/div>\n\n\n\n<h2 class=\"wp-block-heading\">Mapa z zaznaczonym szlakiem na Triglav z Doliny Kot<\/h2>\n\n\n\n<iframe loading=\"lazy\" style=\"border:none\" src=\"https:\/\/en.frame.mapy.cz\/s\/luguzoredu\" width=\"1200\" height=\"500\" frameborder=\"0\"><\/iframe>\n\n\n\n<h2 class=\"wp-block-heading\">Je\u015bli macie ochot\u0119 poczyta\u0107 jak wygl\u0105da\u0142o moje pierwsze wej\u015bcie na Triglav w nieco zimowej scenerii to zapraszam do archiwalnej relacji \ud83d\ude09<\/h2>\n\n\n\n<center><figure class=\"wp-block-embed aligncenter is-type-wp-embed is-provider-gorska-przygoda wp-block-embed-gorska-przygoda\"><div class=\"wp-block-embed__wrapper\">\n<blockquote class=\"wp-embedded-content\" data-secret=\"NcSWaRCFSn\"><a href=\"https:\/\/gorskaprzygoda.pl\/index.php\/2015\/06\/25\/wejscie-na-triglav-najwyzszy-szczyt-slowenii\/\">Najwy\u017csza g\u00f3ra S\u0142owenii &#8211; Triglav<\/a><\/blockquote><iframe loading=\"lazy\" class=\"wp-embedded-content\" sandbox=\"allow-scripts\" security=\"restricted\" style=\"position: absolute; clip: rect(1px, 1px, 1px, 1px);\" title=\"&#8222;Najwy\u017csza g\u00f3ra S\u0142owenii &#8211; Triglav&#8221; &#8212; G\u00f3rska przygoda\" src=\"https:\/\/gorskaprzygoda.pl\/index.php\/2015\/06\/25\/wejscie-na-triglav-najwyzszy-szczyt-slowenii\/embed\/#?secret=NcSWaRCFSn\" data-secret=\"NcSWaRCFSn\" width=\"600\" height=\"338\" frameborder=\"0\" marginwidth=\"0\" marginheight=\"0\" scrolling=\"no\"><\/iframe>\n<\/div><\/figure><\/center>\n","protected":false},"excerpt":{"rendered":"<p>Triglav to szczyt, kt\u00f3rego wi\u0119kszo\u015bci z Was zapewne przedstawia\u0107 nie trzeba. Nie mniej jednak wspomn\u0119, \u017ce wznosz\u0105c si\u0119 na wysoko\u015b\u0107 2864 m jest najwy\u017cszym szczytem S\u0142owenii oraz ca\u0142ych Alp Julijskich. Dla mnie osobi\u015bcie jest to r\u00f3wnie\u017c szczyt, kt\u00f3ry darz\u0119 wielkim sentymentem, bo od niego rozpocz\u0119\u0142a si\u0119 moja alpejska przygoda. Z Triglavem wi\u0105\u017c\u0105 si\u0119 r\u00f3wnie\u017c pocz\u0105tki <\/p>\n","protected":false},"author":1,"featured_media":6606,"comment_status":"open","ping_status":"closed","sticky":false,"template":"","format":"standard","meta":{"jetpack_post_was_ever_published":false,"_jetpack_newsletter_access":"","_jetpack_dont_email_post_to_subs":false,"_jetpack_newsletter_tier_id":0,"_jetpack_memberships_contains_paywalled_content":false,"_jetpack_memberships_contains_paid_content":false,"footnotes":"","jetpack_publicize_message":"","jetpack_publicize_feature_enabled":true,"jetpack_social_post_already_shared":true,"jetpack_social_options":{"image_generator_settings":{"template":"highway","default_image_id":0,"font":"","enabled":false},"version":2}},"categories":[2,7,125],"tags":[36,57,61,63],"class_list":{"0":"post-6574","1":"post","2":"type-post","3":"status-publish","4":"format-standard","5":"has-post-thumbnail","7":"category-alpy-julijskie","8":"category-korona-europy","9":"category-slowenia","10":"tag-korona-europy","11":"tag-slowenia","12":"tag-trekking","13":"tag-via-ferrata"},"yoast_head":"<!-- This site is optimized with the Yoast SEO plugin v27.5 - https:\/\/yoast.com\/product\/yoast-seo-wordpress\/ -->\n<title>Triglav - najwy\u017cszy szczyt S\u0142owenii i Alp Julijskich - G\u00f3rska przygoda<\/title>\n<meta name=\"description\" content=\"Triglav - najwy\u017cszy szczyt S\u0142owenii i Alp Julijskich. We wpisie znajdziecie informacje jak go zdoby\u0107 z Doliny Kot.\" \/>\n<meta name=\"robots\" content=\"index, follow, max-snippet:-1, max-image-preview:large, max-video-preview:-1\" \/>\n<link rel=\"canonical\" href=\"https:\/\/gorskaprzygoda.pl\/index.php\/2021\/11\/20\/triglav-najwyzszy-szczyt-slowenii-i-alp-julijskich\/\" \/>\n<meta property=\"og:locale\" content=\"pl_PL\" \/>\n<meta property=\"og:type\" content=\"article\" \/>\n<meta property=\"og:title\" content=\"Triglav - najwy\u017cszy szczyt S\u0142owenii i Alp Julijskich - G\u00f3rska przygoda\" \/>\n<meta property=\"og:description\" content=\"Triglav - najwy\u017cszy szczyt S\u0142owenii i Alp Julijskich. We wpisie znajdziecie informacje jak go zdoby\u0107 z Doliny Kot.\" \/>\n<meta property=\"og:url\" content=\"https:\/\/gorskaprzygoda.pl\/index.php\/2021\/11\/20\/triglav-najwyzszy-szczyt-slowenii-i-alp-julijskich\/\" \/>\n<meta property=\"og:site_name\" content=\"G\u00f3rska przygoda\" \/>\n<meta property=\"article:publisher\" content=\"https:\/\/www.facebook.com\/gorskaprzygoda\/\" \/>\n<meta property=\"article:author\" content=\"https:\/\/www.facebook.com\/gorskaprzygoda\/\" \/>\n<meta property=\"article:published_time\" content=\"2021-11-20T12:20:08+00:00\" \/>\n<meta property=\"article:modified_time\" content=\"2022-05-14T20:02:51+00:00\" \/>\n<meta property=\"og:image\" content=\"https:\/\/gorskaprzygoda.pl\/wp-content\/uploads\/2021\/11\/Triglav-40.jpg\" \/>\n\t<meta property=\"og:image:width\" content=\"1920\" \/>\n\t<meta property=\"og:image:height\" content=\"1080\" \/>\n\t<meta property=\"og:image:type\" content=\"image\/jpeg\" \/>\n<meta name=\"author\" content=\"Tomek i Ela Wr\u00f3blewscy\" \/>\n<meta name=\"twitter:card\" content=\"summary_large_image\" \/>\n<meta name=\"twitter:label1\" content=\"Napisane przez\" \/>\n\t<meta name=\"twitter:data1\" content=\"Tomek i Ela Wr\u00f3blewscy\" \/>\n\t<meta name=\"twitter:label2\" content=\"Szacowany czas czytania\" \/>\n\t<meta name=\"twitter:data2\" content=\"11 minut\" \/>\n<script type=\"application\/ld+json\" class=\"yoast-schema-graph\">{\"@context\":\"https:\\\/\\\/schema.org\",\"@graph\":[{\"@type\":\"Article\",\"@id\":\"https:\\\/\\\/gorskaprzygoda.pl\\\/index.php\\\/2021\\\/11\\\/20\\\/triglav-najwyzszy-szczyt-slowenii-i-alp-julijskich\\\/#article\",\"isPartOf\":{\"@id\":\"https:\\\/\\\/gorskaprzygoda.pl\\\/index.php\\\/2021\\\/11\\\/20\\\/triglav-najwyzszy-szczyt-slowenii-i-alp-julijskich\\\/\"},\"author\":{\"name\":\"Tomek i Ela Wr\u00f3blewscy\",\"@id\":\"https:\\\/\\\/gorskaprzygoda.pl\\\/#\\\/schema\\\/person\\\/ab1152b79f3bb44e108f239508abc4d8\"},\"headline\":\"Triglav &#8211; najwy\u017cszy szczyt S\u0142owenii i Alp Julijskich\",\"datePublished\":\"2021-11-20T12:20:08+00:00\",\"dateModified\":\"2022-05-14T20:02:51+00:00\",\"mainEntityOfPage\":{\"@id\":\"https:\\\/\\\/gorskaprzygoda.pl\\\/index.php\\\/2021\\\/11\\\/20\\\/triglav-najwyzszy-szczyt-slowenii-i-alp-julijskich\\\/\"},\"wordCount\":1193,\"commentCount\":4,\"image\":{\"@id\":\"https:\\\/\\\/gorskaprzygoda.pl\\\/index.php\\\/2021\\\/11\\\/20\\\/triglav-najwyzszy-szczyt-slowenii-i-alp-julijskich\\\/#primaryimage\"},\"thumbnailUrl\":\"https:\\\/\\\/gorskaprzygoda.pl\\\/wp-content\\\/uploads\\\/2021\\\/11\\\/Triglav-40.jpg\",\"keywords\":[\"Korona Europy\",\"S\u0142owenia\",\"trekking\",\"via ferrata\"],\"articleSection\":[\"Alpy Julijskie\",\"Korona Europy\",\"S\u0142owenia\"],\"inLanguage\":\"pl-PL\",\"potentialAction\":[{\"@type\":\"CommentAction\",\"name\":\"Comment\",\"target\":[\"https:\\\/\\\/gorskaprzygoda.pl\\\/index.php\\\/2021\\\/11\\\/20\\\/triglav-najwyzszy-szczyt-slowenii-i-alp-julijskich\\\/#respond\"]}]},{\"@type\":\"WebPage\",\"@id\":\"https:\\\/\\\/gorskaprzygoda.pl\\\/index.php\\\/2021\\\/11\\\/20\\\/triglav-najwyzszy-szczyt-slowenii-i-alp-julijskich\\\/\",\"url\":\"https:\\\/\\\/gorskaprzygoda.pl\\\/index.php\\\/2021\\\/11\\\/20\\\/triglav-najwyzszy-szczyt-slowenii-i-alp-julijskich\\\/\",\"name\":\"Triglav - najwy\u017cszy szczyt S\u0142owenii i Alp Julijskich - G\u00f3rska przygoda\",\"isPartOf\":{\"@id\":\"https:\\\/\\\/gorskaprzygoda.pl\\\/#website\"},\"primaryImageOfPage\":{\"@id\":\"https:\\\/\\\/gorskaprzygoda.pl\\\/index.php\\\/2021\\\/11\\\/20\\\/triglav-najwyzszy-szczyt-slowenii-i-alp-julijskich\\\/#primaryimage\"},\"image\":{\"@id\":\"https:\\\/\\\/gorskaprzygoda.pl\\\/index.php\\\/2021\\\/11\\\/20\\\/triglav-najwyzszy-szczyt-slowenii-i-alp-julijskich\\\/#primaryimage\"},\"thumbnailUrl\":\"https:\\\/\\\/gorskaprzygoda.pl\\\/wp-content\\\/uploads\\\/2021\\\/11\\\/Triglav-40.jpg\",\"datePublished\":\"2021-11-20T12:20:08+00:00\",\"dateModified\":\"2022-05-14T20:02:51+00:00\",\"author\":{\"@id\":\"https:\\\/\\\/gorskaprzygoda.pl\\\/#\\\/schema\\\/person\\\/ab1152b79f3bb44e108f239508abc4d8\"},\"description\":\"Triglav - najwy\u017cszy szczyt S\u0142owenii i Alp Julijskich. We wpisie znajdziecie informacje jak go zdoby\u0107 z Doliny Kot.\",\"breadcrumb\":{\"@id\":\"https:\\\/\\\/gorskaprzygoda.pl\\\/index.php\\\/2021\\\/11\\\/20\\\/triglav-najwyzszy-szczyt-slowenii-i-alp-julijskich\\\/#breadcrumb\"},\"inLanguage\":\"pl-PL\",\"potentialAction\":[{\"@type\":\"ReadAction\",\"target\":[\"https:\\\/\\\/gorskaprzygoda.pl\\\/index.php\\\/2021\\\/11\\\/20\\\/triglav-najwyzszy-szczyt-slowenii-i-alp-julijskich\\\/\"]}]},{\"@type\":\"ImageObject\",\"inLanguage\":\"pl-PL\",\"@id\":\"https:\\\/\\\/gorskaprzygoda.pl\\\/index.php\\\/2021\\\/11\\\/20\\\/triglav-najwyzszy-szczyt-slowenii-i-alp-julijskich\\\/#primaryimage\",\"url\":\"https:\\\/\\\/gorskaprzygoda.pl\\\/wp-content\\\/uploads\\\/2021\\\/11\\\/Triglav-40.jpg\",\"contentUrl\":\"https:\\\/\\\/gorskaprzygoda.pl\\\/wp-content\\\/uploads\\\/2021\\\/11\\\/Triglav-40.jpg\",\"width\":1920,\"height\":1080},{\"@type\":\"BreadcrumbList\",\"@id\":\"https:\\\/\\\/gorskaprzygoda.pl\\\/index.php\\\/2021\\\/11\\\/20\\\/triglav-najwyzszy-szczyt-slowenii-i-alp-julijskich\\\/#breadcrumb\",\"itemListElement\":[{\"@type\":\"ListItem\",\"position\":1,\"name\":\"Strona g\u0142\u00f3wna\",\"item\":\"https:\\\/\\\/gorskaprzygoda.pl\\\/\"},{\"@type\":\"ListItem\",\"position\":2,\"name\":\"Triglav &#8211; najwy\u017cszy szczyt S\u0142owenii i Alp Julijskich\"}]},{\"@type\":\"WebSite\",\"@id\":\"https:\\\/\\\/gorskaprzygoda.pl\\\/#website\",\"url\":\"https:\\\/\\\/gorskaprzygoda.pl\\\/\",\"name\":\"gorskaprzygoda.pl\",\"description\":\"w drodze na szczyt\",\"potentialAction\":[{\"@type\":\"SearchAction\",\"target\":{\"@type\":\"EntryPoint\",\"urlTemplate\":\"https:\\\/\\\/gorskaprzygoda.pl\\\/?s={search_term_string}\"},\"query-input\":{\"@type\":\"PropertyValueSpecification\",\"valueRequired\":true,\"valueName\":\"search_term_string\"}}],\"inLanguage\":\"pl-PL\"},{\"@type\":\"Person\",\"@id\":\"https:\\\/\\\/gorskaprzygoda.pl\\\/#\\\/schema\\\/person\\\/ab1152b79f3bb44e108f239508abc4d8\",\"name\":\"Tomek i Ela Wr\u00f3blewscy\",\"image\":{\"@type\":\"ImageObject\",\"inLanguage\":\"pl-PL\",\"@id\":\"https:\\\/\\\/secure.gravatar.com\\\/avatar\\\/c8b5c0e01dc987e9cba2639dd98d636b15fbae1a49f90bdb0d50574ca6509057?s=96&r=g\",\"url\":\"https:\\\/\\\/secure.gravatar.com\\\/avatar\\\/c8b5c0e01dc987e9cba2639dd98d636b15fbae1a49f90bdb0d50574ca6509057?s=96&r=g\",\"contentUrl\":\"https:\\\/\\\/secure.gravatar.com\\\/avatar\\\/c8b5c0e01dc987e9cba2639dd98d636b15fbae1a49f90bdb0d50574ca6509057?s=96&r=g\",\"caption\":\"Tomek i Ela Wr\u00f3blewscy\"},\"description\":\"Znajomi m\u00f3wi\u0105 o nas, \u017ce jeste\u015bmy najbardziej zbzikowanymi na punkcie g\u00f3r lud\u017ami jakich znaj\u0105. G\u00f3ry to miejsce, gdzie uciekamy, by prze\u017cy\u0107 kolejn\u0105 przygod\u0119, gdzie chcemy by\u0107 bli\u017cej przyrody i nas\u0142uchiwa\u0107 ciszy. No tak, ciekawe czy mo\u017cna us\u0142ysze\u0107 cisz\u0119? Ela ci\u0105gle pr\u00f3buje znale\u017a\u0107 odpowied\u017a na to nurtuj\u0105ce pytanie, a ja bez ko\u0144ca planuj\u0119 nasze kolejne wyprawy!\",\"sameAs\":[\"https:\\\/\\\/gorskaprzygoda.pl\\\/\",\"https:\\\/\\\/www.facebook.com\\\/gorskaprzygoda\\\/\",\"https:\\\/\\\/www.instagram.com\\\/gorskaprzygoda.pl\\\/\"]}]}<\/script>\n<!-- \/ Yoast SEO plugin. -->","yoast_head_json":{"title":"Triglav - najwy\u017cszy szczyt S\u0142owenii i Alp Julijskich - G\u00f3rska przygoda","description":"Triglav - najwy\u017cszy szczyt S\u0142owenii i Alp Julijskich. We wpisie znajdziecie informacje jak go zdoby\u0107 z Doliny Kot.","robots":{"index":"index","follow":"follow","max-snippet":"max-snippet:-1","max-image-preview":"max-image-preview:large","max-video-preview":"max-video-preview:-1"},"canonical":"https:\/\/gorskaprzygoda.pl\/index.php\/2021\/11\/20\/triglav-najwyzszy-szczyt-slowenii-i-alp-julijskich\/","og_locale":"pl_PL","og_type":"article","og_title":"Triglav - najwy\u017cszy szczyt S\u0142owenii i Alp Julijskich - G\u00f3rska przygoda","og_description":"Triglav - najwy\u017cszy szczyt S\u0142owenii i Alp Julijskich. We wpisie znajdziecie informacje jak go zdoby\u0107 z Doliny Kot.","og_url":"https:\/\/gorskaprzygoda.pl\/index.php\/2021\/11\/20\/triglav-najwyzszy-szczyt-slowenii-i-alp-julijskich\/","og_site_name":"G\u00f3rska przygoda","article_publisher":"https:\/\/www.facebook.com\/gorskaprzygoda\/","article_author":"https:\/\/www.facebook.com\/gorskaprzygoda\/","article_published_time":"2021-11-20T12:20:08+00:00","article_modified_time":"2022-05-14T20:02:51+00:00","og_image":[{"width":1920,"height":1080,"url":"https:\/\/gorskaprzygoda.pl\/wp-content\/uploads\/2021\/11\/Triglav-40.jpg","type":"image\/jpeg"}],"author":"Tomek i Ela Wr\u00f3blewscy","twitter_card":"summary_large_image","twitter_misc":{"Napisane przez":"Tomek i Ela Wr\u00f3blewscy","Szacowany czas czytania":"11 minut"},"schema":{"@context":"https:\/\/schema.org","@graph":[{"@type":"Article","@id":"https:\/\/gorskaprzygoda.pl\/index.php\/2021\/11\/20\/triglav-najwyzszy-szczyt-slowenii-i-alp-julijskich\/#article","isPartOf":{"@id":"https:\/\/gorskaprzygoda.pl\/index.php\/2021\/11\/20\/triglav-najwyzszy-szczyt-slowenii-i-alp-julijskich\/"},"author":{"name":"Tomek i Ela Wr\u00f3blewscy","@id":"https:\/\/gorskaprzygoda.pl\/#\/schema\/person\/ab1152b79f3bb44e108f239508abc4d8"},"headline":"Triglav &#8211; najwy\u017cszy szczyt S\u0142owenii i Alp Julijskich","datePublished":"2021-11-20T12:20:08+00:00","dateModified":"2022-05-14T20:02:51+00:00","mainEntityOfPage":{"@id":"https:\/\/gorskaprzygoda.pl\/index.php\/2021\/11\/20\/triglav-najwyzszy-szczyt-slowenii-i-alp-julijskich\/"},"wordCount":1193,"commentCount":4,"image":{"@id":"https:\/\/gorskaprzygoda.pl\/index.php\/2021\/11\/20\/triglav-najwyzszy-szczyt-slowenii-i-alp-julijskich\/#primaryimage"},"thumbnailUrl":"https:\/\/gorskaprzygoda.pl\/wp-content\/uploads\/2021\/11\/Triglav-40.jpg","keywords":["Korona Europy","S\u0142owenia","trekking","via ferrata"],"articleSection":["Alpy Julijskie","Korona Europy","S\u0142owenia"],"inLanguage":"pl-PL","potentialAction":[{"@type":"CommentAction","name":"Comment","target":["https:\/\/gorskaprzygoda.pl\/index.php\/2021\/11\/20\/triglav-najwyzszy-szczyt-slowenii-i-alp-julijskich\/#respond"]}]},{"@type":"WebPage","@id":"https:\/\/gorskaprzygoda.pl\/index.php\/2021\/11\/20\/triglav-najwyzszy-szczyt-slowenii-i-alp-julijskich\/","url":"https:\/\/gorskaprzygoda.pl\/index.php\/2021\/11\/20\/triglav-najwyzszy-szczyt-slowenii-i-alp-julijskich\/","name":"Triglav - najwy\u017cszy szczyt S\u0142owenii i Alp Julijskich - G\u00f3rska przygoda","isPartOf":{"@id":"https:\/\/gorskaprzygoda.pl\/#website"},"primaryImageOfPage":{"@id":"https:\/\/gorskaprzygoda.pl\/index.php\/2021\/11\/20\/triglav-najwyzszy-szczyt-slowenii-i-alp-julijskich\/#primaryimage"},"image":{"@id":"https:\/\/gorskaprzygoda.pl\/index.php\/2021\/11\/20\/triglav-najwyzszy-szczyt-slowenii-i-alp-julijskich\/#primaryimage"},"thumbnailUrl":"https:\/\/gorskaprzygoda.pl\/wp-content\/uploads\/2021\/11\/Triglav-40.jpg","datePublished":"2021-11-20T12:20:08+00:00","dateModified":"2022-05-14T20:02:51+00:00","author":{"@id":"https:\/\/gorskaprzygoda.pl\/#\/schema\/person\/ab1152b79f3bb44e108f239508abc4d8"},"description":"Triglav - najwy\u017cszy szczyt S\u0142owenii i Alp Julijskich. We wpisie znajdziecie informacje jak go zdoby\u0107 z Doliny Kot.","breadcrumb":{"@id":"https:\/\/gorskaprzygoda.pl\/index.php\/2021\/11\/20\/triglav-najwyzszy-szczyt-slowenii-i-alp-julijskich\/#breadcrumb"},"inLanguage":"pl-PL","potentialAction":[{"@type":"ReadAction","target":["https:\/\/gorskaprzygoda.pl\/index.php\/2021\/11\/20\/triglav-najwyzszy-szczyt-slowenii-i-alp-julijskich\/"]}]},{"@type":"ImageObject","inLanguage":"pl-PL","@id":"https:\/\/gorskaprzygoda.pl\/index.php\/2021\/11\/20\/triglav-najwyzszy-szczyt-slowenii-i-alp-julijskich\/#primaryimage","url":"https:\/\/gorskaprzygoda.pl\/wp-content\/uploads\/2021\/11\/Triglav-40.jpg","contentUrl":"https:\/\/gorskaprzygoda.pl\/wp-content\/uploads\/2021\/11\/Triglav-40.jpg","width":1920,"height":1080},{"@type":"BreadcrumbList","@id":"https:\/\/gorskaprzygoda.pl\/index.php\/2021\/11\/20\/triglav-najwyzszy-szczyt-slowenii-i-alp-julijskich\/#breadcrumb","itemListElement":[{"@type":"ListItem","position":1,"name":"Strona g\u0142\u00f3wna","item":"https:\/\/gorskaprzygoda.pl\/"},{"@type":"ListItem","position":2,"name":"Triglav &#8211; najwy\u017cszy szczyt S\u0142owenii i Alp Julijskich"}]},{"@type":"WebSite","@id":"https:\/\/gorskaprzygoda.pl\/#website","url":"https:\/\/gorskaprzygoda.pl\/","name":"gorskaprzygoda.pl","description":"w drodze na szczyt","potentialAction":[{"@type":"SearchAction","target":{"@type":"EntryPoint","urlTemplate":"https:\/\/gorskaprzygoda.pl\/?s={search_term_string}"},"query-input":{"@type":"PropertyValueSpecification","valueRequired":true,"valueName":"search_term_string"}}],"inLanguage":"pl-PL"},{"@type":"Person","@id":"https:\/\/gorskaprzygoda.pl\/#\/schema\/person\/ab1152b79f3bb44e108f239508abc4d8","name":"Tomek i Ela Wr\u00f3blewscy","image":{"@type":"ImageObject","inLanguage":"pl-PL","@id":"https:\/\/secure.gravatar.com\/avatar\/c8b5c0e01dc987e9cba2639dd98d636b15fbae1a49f90bdb0d50574ca6509057?s=96&r=g","url":"https:\/\/secure.gravatar.com\/avatar\/c8b5c0e01dc987e9cba2639dd98d636b15fbae1a49f90bdb0d50574ca6509057?s=96&r=g","contentUrl":"https:\/\/secure.gravatar.com\/avatar\/c8b5c0e01dc987e9cba2639dd98d636b15fbae1a49f90bdb0d50574ca6509057?s=96&r=g","caption":"Tomek i Ela Wr\u00f3blewscy"},"description":"Znajomi m\u00f3wi\u0105 o nas, \u017ce jeste\u015bmy najbardziej zbzikowanymi na punkcie g\u00f3r lud\u017ami jakich znaj\u0105. G\u00f3ry to miejsce, gdzie uciekamy, by prze\u017cy\u0107 kolejn\u0105 przygod\u0119, gdzie chcemy by\u0107 bli\u017cej przyrody i nas\u0142uchiwa\u0107 ciszy. No tak, ciekawe czy mo\u017cna us\u0142ysze\u0107 cisz\u0119? Ela ci\u0105gle pr\u00f3buje znale\u017a\u0107 odpowied\u017a na to nurtuj\u0105ce pytanie, a ja bez ko\u0144ca planuj\u0119 nasze kolejne wyprawy!","sameAs":["https:\/\/gorskaprzygoda.pl\/","https:\/\/www.facebook.com\/gorskaprzygoda\/","https:\/\/www.instagram.com\/gorskaprzygoda.pl\/"]}]}},"jetpack_publicize_connections":[],"jetpack_featured_media_url":"https:\/\/gorskaprzygoda.pl\/wp-content\/uploads\/2021\/11\/Triglav-40.jpg","jetpack_sharing_enabled":true,"jetpack_shortlink":"https:\/\/wp.me\/pawaOI-1I2","_links":{"self":[{"href":"https:\/\/gorskaprzygoda.pl\/index.php\/wp-json\/wp\/v2\/posts\/6574","targetHints":{"allow":["GET"]}}],"collection":[{"href":"https:\/\/gorskaprzygoda.pl\/index.php\/wp-json\/wp\/v2\/posts"}],"about":[{"href":"https:\/\/gorskaprzygoda.pl\/index.php\/wp-json\/wp\/v2\/types\/post"}],"author":[{"embeddable":true,"href":"https:\/\/gorskaprzygoda.pl\/index.php\/wp-json\/wp\/v2\/users\/1"}],"replies":[{"embeddable":true,"href":"https:\/\/gorskaprzygoda.pl\/index.php\/wp-json\/wp\/v2\/comments?post=6574"}],"version-history":[{"count":18,"href":"https:\/\/gorskaprzygoda.pl\/index.php\/wp-json\/wp\/v2\/posts\/6574\/revisions"}],"predecessor-version":[{"id":6623,"href":"https:\/\/gorskaprzygoda.pl\/index.php\/wp-json\/wp\/v2\/posts\/6574\/revisions\/6623"}],"wp:featuredmedia":[{"embeddable":true,"href":"https:\/\/gorskaprzygoda.pl\/index.php\/wp-json\/wp\/v2\/media\/6606"}],"wp:attachment":[{"href":"https:\/\/gorskaprzygoda.pl\/index.php\/wp-json\/wp\/v2\/media?parent=6574"}],"wp:term":[{"taxonomy":"category","embeddable":true,"href":"https:\/\/gorskaprzygoda.pl\/index.php\/wp-json\/wp\/v2\/categories?post=6574"},{"taxonomy":"post_tag","embeddable":true,"href":"https:\/\/gorskaprzygoda.pl\/index.php\/wp-json\/wp\/v2\/tags?post=6574"}],"curies":[{"name":"wp","href":"https:\/\/api.w.org\/{rel}","templated":true}]}}