{"id":646,"date":"2016-06-01T19:07:56","date_gmt":"2016-06-01T17:07:56","guid":{"rendered":"http:\/\/gorskaprzygoda.blog.pl\/?p=646"},"modified":"2022-09-30T21:15:49","modified_gmt":"2022-09-30T19:15:49","slug":"nizne-tatry-chabenec-utulnia-durkova","status":"publish","type":"post","link":"https:\/\/gorskaprzygoda.pl\/index.php\/2016\/06\/01\/nizne-tatry-chabenec-utulnia-durkova\/","title":{"rendered":"Ni\u017cne Tatry &#8211; Chabenec i utulnia Durkova"},"content":{"rendered":"<p style=\"text-align: justify;\">Po powrocie z naszego ostatniego maj\u00f3wkowego w\u0119drowania po <a href=\"https:\/\/gorskaprzygoda.pl\/index.php\/2016\/05\/05\/gorce-pogodowy-zawrot-glowy\/\"><strong>Gorcach<\/strong><\/a>, <a href=\"https:\/\/gorskaprzygoda.pl\/index.php\/2016\/05\/09\/magiczne-pieniny-trzy-korony-i-przelom-dunajca\/\"><strong>Pieninach<\/strong> <\/a>i <a href=\"https:\/\/gorskaprzygoda.pl\/index.php\/2016\/05\/13\/odkrywamy-malowniczy-beskid-sadecki-radziejowa-jaworzyna-krynicka\/\"><strong>Beskidzie S\u0105deckim<\/strong><\/a> zacz\u0105\u0142em si\u0119 zastanawia\u0107, gdzie by si\u0119 tu wybra\u0107 nast\u0119pnym razem. Po g\u0142owie ca\u0142y czas chodzi\u0142y mi <strong><a href=\"https:\/\/gorskaprzygoda.pl\/index.php\/category\/tatry\/\">Tatry<\/a><\/strong>. Od dawna mam ju\u017c gotowych kilka scenariusz\u00f3w wyjazd\u00f3w, ale za ka\u017cdym razem, kt\u00f3ry\u015b element uk\u0142adanki nie pasuje i odk\u0142adam je na przysz\u0142o\u015b\u0107. Tym razem by\u0142o podobnie, bo spore ilo\u015bci zalegaj\u0105cego \u015bniegu skutecznie uniemo\u017cliwi\u0142y mi wsp\u00f3lny wyjazd z El\u0105. Trzeba by\u0142o kombinowa\u0107 dalej. No i w ko\u0144cu wymy\u015bli\u0142em. Wyb\u00f3r pad\u0142 na <strong>Ni\u017cne Tatry<\/strong>. Z racji tego, \u017ce mieli\u015bmy tylko trzy dni na wyjazd, zgodnie stwierdzili\u015bmy, \u017ce b\u0119dzie to idealny rekonesans przed przej\u015bciem ca\u0142ej grani <strong>Ni\u017cnych Tatr<\/strong> w przysz\u0142o\u015bci.<br \/>\nGrani\u00f3wka <strong>Ni\u017cnych Tatr<\/strong> liczy ok. 90 km i oznaczona jest znakami koloru czerwonego. Pokrywa si\u0119 ona z najd\u0142u\u017cszym na <strong>S\u0142owacji<\/strong> pieszym szlakiem, mianowicie <strong>Szlakiem Bohater\u00f3w S\u0142owackiego Powstania Narodowego<\/strong> (s\u0142ow. <strong>Cesta hrdinov SNP<\/strong>). Szlak ten przebiega przez miejsca, w kt\u00f3rych toczono boje z okupantem niemieckim w czasie <strong>S\u0142owackiego Powstania Narodowego<\/strong> w latach 1944-1945. Wi\u0119kszo\u015b\u0107 os\u00f3b podejmuj\u0105cych si\u0119 przej\u015bcia ca\u0142ej grani rozpoczyna swoj\u0105 w\u0119dr\u00f3wk\u0119 w miejscowo\u015bci <strong>Telgrat<\/strong>, by przej\u015b\u0107 nast\u0119pnie przez <strong>Kralov\u0105 Hole<\/strong>, <strong>Andrejcov\u0105<\/strong>, <strong>Vielk\u0105 Vapienic\u0119<\/strong>, <strong>Ram\u017ee<\/strong>, <strong>\u010certovice<\/strong>, <strong>Chat\u0119 M.R. \u0160tefanika<\/strong>, <strong>Chopok<\/strong>, <strong>Chabenec<\/strong>, <strong>\u00datul\u0148ie \u010eurkov\u00e1<\/strong>, <strong>Ve\u013ek\u00e1 Chochu\u013ee<\/strong>, a zako\u0144czy\u0107 j\u0105 w miejscowo\u015bci <strong>Donovaly<\/strong>.<br \/>\nPierwotnie chcieli\u015bmy przej\u015b\u0107 cz\u0119\u015bci grani w kierunku odwrotnym lecz z powodu braku czasu oraz powalonych drzew i niedost\u0119pno\u015bci niekt\u00f3rych szlak\u00f3w musieli\u015bmy zmodyfikowa\u0107 nasze wst\u0119pne za\u0142o\u017cenia. Ostatecznie pocz\u0105tek i koniec naszego wypadu znajdowa\u0142 si\u0119 w bardzo znanej i cz\u0119sto odwiedzanej <strong>dolinie Demianowskiej<\/strong>. Dolina ta jest znana ze znajduj\u0105cego si\u0119 tam systemu jaski\u0144, z kt\u00f3rych najbardziej popularne i udost\u0119pnione zwiedzaj\u0105cym to <strong>Jaskinia Wolno\u015bci<\/strong> (s\u0142ow. Sloboty) oraz <strong>Jaskinia Lodowa<\/strong>. Mi\u0142o\u015bnicy bia\u0142ego szale\u0144stwa natomiast znaj\u0105 to miejsce za spraw\u0105 najwi\u0119kszego na S\u0142owacji o\u015brodka narciarskiego <strong>Jasna-Chopok<\/strong>.<\/p>\n<p style=\"text-align: justify;\">Po kilku godzinach jazdy doje\u017cd\u017camy na miejsce i zostawiamy samoch\u00f3d na parkingu pod <strong>Demianowsk\u0105 Jaskini\u0105 Wolno\u015bci<\/strong>. Ruszamy na szlak koloru \u017c\u00f3\u0142tego. Wchodzimy w w\u0105sk\u0105 dolink\u0119, kt\u00f3rej dnem p\u0142ynie g\u00f3rski potok. Przej\u015bcie zaledwie kilkunastu, kilkudziesi\u0119ciu metr\u00f3w pozwala nam znale\u017a\u0107 si\u0119 w zupe\u0142nie innym \u015bwiecie. Szum samochod\u00f3w p\u0119dz\u0105cych szos\u0105 w g\u00f3r\u0119 <strong>doliny Demianowskiej<\/strong> ust\u0119puje szumowi g\u00f3rskiego potoku. Poch\u0142ania nas dzika i bujna ziele\u0144 starego lasu, a towarzyszy temu melodyjny \u015bpiew ptak\u00f3w. Na dow\u00f3d tego, \u017ce wkraczamy w kr\u00f3lestwo fauny i flory napotykamy po drodze salamandry plamiste, w sumie trzy osobniki. Nigdy wcze\u015bniej nie uda\u0142o mi si\u0119 jej spotka\u0107 w naturalnym \u015brodowisku, a tu prosz\u0119, na dzie\u0144 dobry taka sytuacja. Dodam tylko, \u017ce ca\u0142y obszar <strong>Ni\u017cnych Tatr<\/strong> obejmuje <strong>Park Narodowy Ni\u017cne Tatry<\/strong> (<strong>NAPANT<\/strong>), najwi\u0119kszy s\u0142owacki park narodowy.<\/p>\n<div class=\"is-special cf gallery-1-2\" data-type=\"1-2\"><div data-carousel-extra='{\"blog_id\":1,\"permalink\":\"https:\\\/\\\/gorskaprzygoda.pl\\\/index.php\\\/2016\\\/06\\\/01\\\/nizne-tatry-chabenec-utulnia-durkova\\\/\"}' id='gallery-2' class='gallery galleryid-646 gallery-columns-3 gallery-size-large'><figure class='gallery-item'>\n\t\t\t<div class='gallery-icon landscape'>\n\t\t\t\t<a href='https:\/\/gorskaprzygoda.pl\/wp-content\/uploads\/2016\/06\/Ni\u017cne-Tatry-Chabenec-4.jpg'><img loading=\"lazy\" decoding=\"async\" data-attachment-id=\"3392\" data-orig-file=\"https:\/\/gorskaprzygoda.pl\/wp-content\/uploads\/2016\/06\/Ni\u017cne-Tatry-Chabenec-4.jpg\" data-orig-size=\"1920,1440\" data-comments-opened=\"1\" data-image-meta=\"{&quot;aperture&quot;:&quot;5.5&quot;,&quot;credit&quot;:&quot;&quot;,&quot;camera&quot;:&quot;COOLPIX S2900&quot;,&quot;caption&quot;:&quot;&quot;,&quot;created_timestamp&quot;:&quot;1464252108&quot;,&quot;copyright&quot;:&quot;&quot;,&quot;focal_length&quot;:&quot;17.6&quot;,&quot;iso&quot;:&quot;400&quot;,&quot;shutter_speed&quot;:&quot;0.008&quot;,&quot;title&quot;:&quot;&quot;,&quot;orientation&quot;:&quot;0&quot;,&quot;keywords&quot;:&quot;Array&quot;}\" data-image-title=\"Ni\u017cne Tatry Chabenec-4\" data-image-description=\"\" data-medium-file=\"https:\/\/gorskaprzygoda.pl\/wp-content\/uploads\/2016\/06\/Ni\u017cne-Tatry-Chabenec-4-300x225.jpg\" data-large-file=\"https:\/\/gorskaprzygoda.pl\/wp-content\/uploads\/2016\/06\/Ni\u017cne-Tatry-Chabenec-4-1024x768.jpg\" width=\"770\" height=\"578\" src=\"https:\/\/gorskaprzygoda.pl\/wp-content\/uploads\/2016\/06\/Ni\u017cne-Tatry-Chabenec-4-1024x768.jpg\" class=\"attachment-large size-large\" alt=\"\" aria-describedby=\"gallery-2-3392\" srcset=\"https:\/\/gorskaprzygoda.pl\/wp-content\/uploads\/2016\/06\/Ni\u017cne-Tatry-Chabenec-4-1024x768.jpg 1024w, https:\/\/gorskaprzygoda.pl\/wp-content\/uploads\/2016\/06\/Ni\u017cne-Tatry-Chabenec-4-300x225.jpg 300w, https:\/\/gorskaprzygoda.pl\/wp-content\/uploads\/2016\/06\/Ni\u017cne-Tatry-Chabenec-4-768x576.jpg 768w\" sizes=\"auto, (max-width: 770px) 100vw, 770px\" \/><\/a>\n\t\t\t<\/div>\n\t\t\t\t<figcaption class='wp-caption-text gallery-caption' id='gallery-2-3392'>\n\t\t\t\tSalamandra plamista \u2013 my\u015bla\u0142a, \u017ce si\u0119 przede mn\u0105 ukryje \ud83d\ude42\n\t\t\t\t<\/figcaption><\/figure><figure class='gallery-item'>\n\t\t\t<div class='gallery-icon landscape'>\n\t\t\t\t<a href='https:\/\/gorskaprzygoda.pl\/wp-content\/uploads\/2016\/06\/Ni\u017cne-Tatry-Chabenec-2.jpg'><img loading=\"lazy\" decoding=\"async\" data-attachment-id=\"3391\" data-orig-file=\"https:\/\/gorskaprzygoda.pl\/wp-content\/uploads\/2016\/06\/Ni\u017cne-Tatry-Chabenec-2.jpg\" data-orig-size=\"1920,1440\" data-comments-opened=\"1\" data-image-meta=\"{&quot;aperture&quot;:&quot;3.2&quot;,&quot;credit&quot;:&quot;&quot;,&quot;camera&quot;:&quot;COOLPIX S2900&quot;,&quot;caption&quot;:&quot;&quot;,&quot;created_timestamp&quot;:&quot;1464250820&quot;,&quot;copyright&quot;:&quot;&quot;,&quot;focal_length&quot;:&quot;4.6&quot;,&quot;iso&quot;:&quot;800&quot;,&quot;shutter_speed&quot;:&quot;0.004&quot;,&quot;title&quot;:&quot;&quot;,&quot;orientation&quot;:&quot;0&quot;,&quot;keywords&quot;:&quot;Array&quot;}\" data-image-title=\"Ni\u017cne Tatry Chabenec-2\" data-image-description=\"\" data-medium-file=\"https:\/\/gorskaprzygoda.pl\/wp-content\/uploads\/2016\/06\/Ni\u017cne-Tatry-Chabenec-2-300x225.jpg\" data-large-file=\"https:\/\/gorskaprzygoda.pl\/wp-content\/uploads\/2016\/06\/Ni\u017cne-Tatry-Chabenec-2-1024x768.jpg\" width=\"770\" height=\"578\" src=\"https:\/\/gorskaprzygoda.pl\/wp-content\/uploads\/2016\/06\/Ni\u017cne-Tatry-Chabenec-2-1024x768.jpg\" class=\"attachment-large size-large\" alt=\"\" srcset=\"https:\/\/gorskaprzygoda.pl\/wp-content\/uploads\/2016\/06\/Ni\u017cne-Tatry-Chabenec-2-1024x768.jpg 1024w, https:\/\/gorskaprzygoda.pl\/wp-content\/uploads\/2016\/06\/Ni\u017cne-Tatry-Chabenec-2-300x225.jpg 300w, https:\/\/gorskaprzygoda.pl\/wp-content\/uploads\/2016\/06\/Ni\u017cne-Tatry-Chabenec-2-768x576.jpg 768w\" sizes=\"auto, (max-width: 770px) 100vw, 770px\" \/><\/a>\n\t\t\t<\/div><\/figure><figure class='gallery-item'>\n\t\t\t<div class='gallery-icon landscape'>\n\t\t\t\t<a href='https:\/\/gorskaprzygoda.pl\/wp-content\/uploads\/2016\/06\/Ni\u017cne-Tatry-Chabenec-5.jpg'><img loading=\"lazy\" decoding=\"async\" data-attachment-id=\"3393\" data-orig-file=\"https:\/\/gorskaprzygoda.pl\/wp-content\/uploads\/2016\/06\/Ni\u017cne-Tatry-Chabenec-5.jpg\" data-orig-size=\"1920,1440\" data-comments-opened=\"1\" data-image-meta=\"{&quot;aperture&quot;:&quot;8&quot;,&quot;credit&quot;:&quot;&quot;,&quot;camera&quot;:&quot;COOLPIX S2900&quot;,&quot;caption&quot;:&quot;&quot;,&quot;created_timestamp&quot;:&quot;1464254355&quot;,&quot;copyright&quot;:&quot;&quot;,&quot;focal_length&quot;:&quot;4.6&quot;,&quot;iso&quot;:&quot;80&quot;,&quot;shutter_speed&quot;:&quot;0.0025&quot;,&quot;title&quot;:&quot;&quot;,&quot;orientation&quot;:&quot;0&quot;,&quot;keywords&quot;:&quot;Array&quot;}\" data-image-title=\"Ni\u017cne Tatry Chabenec-5\" data-image-description=\"\" data-medium-file=\"https:\/\/gorskaprzygoda.pl\/wp-content\/uploads\/2016\/06\/Ni\u017cne-Tatry-Chabenec-5-300x225.jpg\" data-large-file=\"https:\/\/gorskaprzygoda.pl\/wp-content\/uploads\/2016\/06\/Ni\u017cne-Tatry-Chabenec-5-1024x768.jpg\" width=\"770\" height=\"578\" src=\"https:\/\/gorskaprzygoda.pl\/wp-content\/uploads\/2016\/06\/Ni\u017cne-Tatry-Chabenec-5-1024x768.jpg\" class=\"attachment-large size-large\" alt=\"\" aria-describedby=\"gallery-2-3393\" srcset=\"https:\/\/gorskaprzygoda.pl\/wp-content\/uploads\/2016\/06\/Ni\u017cne-Tatry-Chabenec-5-1024x768.jpg 1024w, https:\/\/gorskaprzygoda.pl\/wp-content\/uploads\/2016\/06\/Ni\u017cne-Tatry-Chabenec-5-300x225.jpg 300w, https:\/\/gorskaprzygoda.pl\/wp-content\/uploads\/2016\/06\/Ni\u017cne-Tatry-Chabenec-5-768x576.jpg 768w\" sizes=\"auto, (max-width: 770px) 100vw, 770px\" \/><\/a>\n\t\t\t<\/div>\n\t\t\t\t<figcaption class='wp-caption-text gallery-caption' id='gallery-2-3393'>\n\t\t\t\tNi\u017cne Tatry\n\t\t\t\t<\/figcaption><\/figure>\n\t\t<\/div>\n<\/div>\n<p style=\"text-align: justify;\">Wchodzimy w g\u0142\u0105b doliny. Szum potoku cichnie, w jego miejsce na pierwszy plan wysuwa si\u0119 ptasi trel. W powietrzu czu\u0107 zapach wilgotnej od porannej rosy \u015bci\u00f3\u0142ki. W \u017cadnych s\u0142owach nie potrafi\u0119 odda\u0107 tego miejsca i klimatu. Mieli\u015bmy ca\u0142\u0105 t\u0105 przestrze\u0144 tylko dla siebie. Jedyn\u0105 rzecz\u0105, kt\u00f3ra zak\u0142\u00f3ca ten idealny stan rzeczy jest m\u00f3j ci\u0119\u017cki oddech wywo\u0142any podchodzeniem strom\u0105 \u015bcie\u017ck\u0105 w g\u00f3r\u0119. Po pewnym czasie szlak \u0142agodnieje i zn\u00f3w w spokoju mo\u017cemy kontemplowa\u0107 przyrod\u0119.<\/p>\n<div data-carousel-extra='{\"blog_id\":1,\"permalink\":\"https:\\\/\\\/gorskaprzygoda.pl\\\/index.php\\\/2016\\\/06\\\/01\\\/nizne-tatry-chabenec-utulnia-durkova\\\/\"}' id='gallery-4' class='gallery galleryid-646 gallery-columns-2 gallery-size-large'><figure class='gallery-item'>\n\t\t\t<div class='gallery-icon landscape'>\n\t\t\t\t<a href='https:\/\/gorskaprzygoda.pl\/wp-content\/uploads\/2016\/06\/Ni\u017cne-Tatry-Chabenec-8.jpg'><img loading=\"lazy\" decoding=\"async\" data-attachment-id=\"3395\" data-orig-file=\"https:\/\/gorskaprzygoda.pl\/wp-content\/uploads\/2016\/06\/Ni\u017cne-Tatry-Chabenec-8.jpg\" data-orig-size=\"1920,1440\" data-comments-opened=\"1\" data-image-meta=\"{&quot;aperture&quot;:&quot;3.2&quot;,&quot;credit&quot;:&quot;&quot;,&quot;camera&quot;:&quot;COOLPIX S2900&quot;,&quot;caption&quot;:&quot;&quot;,&quot;created_timestamp&quot;:&quot;1464258495&quot;,&quot;copyright&quot;:&quot;&quot;,&quot;focal_length&quot;:&quot;4.6&quot;,&quot;iso&quot;:&quot;80&quot;,&quot;shutter_speed&quot;:&quot;0.0008&quot;,&quot;title&quot;:&quot;&quot;,&quot;orientation&quot;:&quot;0&quot;,&quot;keywords&quot;:&quot;Array&quot;}\" data-image-title=\"Ni\u017cne Tatry Chabenec-8\" data-image-description=\"\" data-medium-file=\"https:\/\/gorskaprzygoda.pl\/wp-content\/uploads\/2016\/06\/Ni\u017cne-Tatry-Chabenec-8-300x225.jpg\" data-large-file=\"https:\/\/gorskaprzygoda.pl\/wp-content\/uploads\/2016\/06\/Ni\u017cne-Tatry-Chabenec-8-1024x768.jpg\" width=\"770\" height=\"578\" src=\"https:\/\/gorskaprzygoda.pl\/wp-content\/uploads\/2016\/06\/Ni\u017cne-Tatry-Chabenec-8-1024x768.jpg\" class=\"attachment-large size-large\" alt=\"\" srcset=\"https:\/\/gorskaprzygoda.pl\/wp-content\/uploads\/2016\/06\/Ni\u017cne-Tatry-Chabenec-8-1024x768.jpg 1024w, https:\/\/gorskaprzygoda.pl\/wp-content\/uploads\/2016\/06\/Ni\u017cne-Tatry-Chabenec-8-300x225.jpg 300w, https:\/\/gorskaprzygoda.pl\/wp-content\/uploads\/2016\/06\/Ni\u017cne-Tatry-Chabenec-8-768x576.jpg 768w\" sizes=\"auto, (max-width: 770px) 100vw, 770px\" \/><\/a>\n\t\t\t<\/div><\/figure><figure class='gallery-item'>\n\t\t\t<div class='gallery-icon landscape'>\n\t\t\t\t<a href='https:\/\/gorskaprzygoda.pl\/wp-content\/uploads\/2016\/06\/Ni\u017cne-Tatry-Chabenec-6.jpg'><img loading=\"lazy\" decoding=\"async\" data-attachment-id=\"3394\" data-orig-file=\"https:\/\/gorskaprzygoda.pl\/wp-content\/uploads\/2016\/06\/Ni\u017cne-Tatry-Chabenec-6.jpg\" data-orig-size=\"1920,1440\" data-comments-opened=\"1\" data-image-meta=\"{&quot;aperture&quot;:&quot;3.2&quot;,&quot;credit&quot;:&quot;&quot;,&quot;camera&quot;:&quot;COOLPIX S2900&quot;,&quot;caption&quot;:&quot;&quot;,&quot;created_timestamp&quot;:&quot;1464256559&quot;,&quot;copyright&quot;:&quot;&quot;,&quot;focal_length&quot;:&quot;4.6&quot;,&quot;iso&quot;:&quot;80&quot;,&quot;shutter_speed&quot;:&quot;0.001&quot;,&quot;title&quot;:&quot;&quot;,&quot;orientation&quot;:&quot;0&quot;,&quot;keywords&quot;:&quot;Array&quot;}\" data-image-title=\"Ni\u017cne Tatry Chabenec-6\" data-image-description=\"\" data-medium-file=\"https:\/\/gorskaprzygoda.pl\/wp-content\/uploads\/2016\/06\/Ni\u017cne-Tatry-Chabenec-6-300x225.jpg\" data-large-file=\"https:\/\/gorskaprzygoda.pl\/wp-content\/uploads\/2016\/06\/Ni\u017cne-Tatry-Chabenec-6-1024x768.jpg\" width=\"770\" height=\"578\" src=\"https:\/\/gorskaprzygoda.pl\/wp-content\/uploads\/2016\/06\/Ni\u017cne-Tatry-Chabenec-6-1024x768.jpg\" class=\"attachment-large size-large\" alt=\"\" srcset=\"https:\/\/gorskaprzygoda.pl\/wp-content\/uploads\/2016\/06\/Ni\u017cne-Tatry-Chabenec-6-1024x768.jpg 1024w, https:\/\/gorskaprzygoda.pl\/wp-content\/uploads\/2016\/06\/Ni\u017cne-Tatry-Chabenec-6-300x225.jpg 300w, https:\/\/gorskaprzygoda.pl\/wp-content\/uploads\/2016\/06\/Ni\u017cne-Tatry-Chabenec-6-768x576.jpg 768w\" sizes=\"auto, (max-width: 770px) 100vw, 770px\" \/><\/a>\n\t\t\t<\/div><\/figure>\n\t\t<\/div>\n\n<p style=\"text-align: justify;\">W ko\u0144cu docieramy na <strong>prze\u0142\u0119cz pod Sin\u0105<\/strong>, gdzie skr\u0119camy w lewo, w kierunku szczytu o nazwie <strong>B\u00f3r<\/strong>. Szlak przebiega teraz bardzo w\u0105sk\u0105 \u015bcie\u017ck\u0105 lasem regla g\u00f3rnego w\u015br\u00f3d skar\u0142owacia\u0142ych \u015bwierk\u00f3w, mch\u00f3w oraz krzewinek bor\u00f3wki. Powoli przekraczamy kolejn\u0105 granic\u0119 i wchodzimy w pi\u0119tro kosodrzewiny. Od tego momentu podej\u015bcie robi si\u0119 coraz bardziej strome. Wchodzimy na skalisty miejscami grzbiet ramienia g\u00f3rskiego. Szybko i sprawnie pokonujemy kolejne metry zar\u00f3wno w poziomie jak i w pionie. Przez ca\u0142y czas towarzysz\u0105 nam cudowne widoki na pozosta\u0142\u0105 cz\u0119\u015b\u0107 <strong>Ni\u017cnych Tatr<\/strong>. Co prawda <strong>Chopok<\/strong> i <strong>Derese<\/strong> ton\u0105 w chmurach, ale i tak wygl\u0105da to bajecznie.<\/p>\n<div data-carousel-extra='{\"blog_id\":1,\"permalink\":\"https:\\\/\\\/gorskaprzygoda.pl\\\/index.php\\\/2016\\\/06\\\/01\\\/nizne-tatry-chabenec-utulnia-durkova\\\/\"}' id='gallery-6' class='gallery galleryid-646 gallery-columns-2 gallery-size-large'><figure class='gallery-item'>\n\t\t\t<div class='gallery-icon landscape'>\n\t\t\t\t<a href='https:\/\/gorskaprzygoda.pl\/wp-content\/uploads\/2016\/06\/Ni\u017cne-Tatry-Chabenec-10.jpg'><img loading=\"lazy\" decoding=\"async\" data-attachment-id=\"3396\" data-orig-file=\"https:\/\/gorskaprzygoda.pl\/wp-content\/uploads\/2016\/06\/Ni\u017cne-Tatry-Chabenec-10.jpg\" data-orig-size=\"1920,1440\" data-comments-opened=\"1\" data-image-meta=\"{&quot;aperture&quot;:&quot;3.4&quot;,&quot;credit&quot;:&quot;&quot;,&quot;camera&quot;:&quot;COOLPIX S2900&quot;,&quot;caption&quot;:&quot;&quot;,&quot;created_timestamp&quot;:&quot;1464260220&quot;,&quot;copyright&quot;:&quot;&quot;,&quot;focal_length&quot;:&quot;5.1&quot;,&quot;iso&quot;:&quot;80&quot;,&quot;shutter_speed&quot;:&quot;0.0005&quot;,&quot;title&quot;:&quot;&quot;,&quot;orientation&quot;:&quot;0&quot;,&quot;keywords&quot;:&quot;Array&quot;}\" data-image-title=\"Ni\u017cne Tatry Chabenec-10\" data-image-description=\"\" data-medium-file=\"https:\/\/gorskaprzygoda.pl\/wp-content\/uploads\/2016\/06\/Ni\u017cne-Tatry-Chabenec-10-300x225.jpg\" data-large-file=\"https:\/\/gorskaprzygoda.pl\/wp-content\/uploads\/2016\/06\/Ni\u017cne-Tatry-Chabenec-10-1024x768.jpg\" width=\"770\" height=\"578\" src=\"https:\/\/gorskaprzygoda.pl\/wp-content\/uploads\/2016\/06\/Ni\u017cne-Tatry-Chabenec-10-1024x768.jpg\" class=\"attachment-large size-large\" alt=\"\" srcset=\"https:\/\/gorskaprzygoda.pl\/wp-content\/uploads\/2016\/06\/Ni\u017cne-Tatry-Chabenec-10-1024x768.jpg 1024w, https:\/\/gorskaprzygoda.pl\/wp-content\/uploads\/2016\/06\/Ni\u017cne-Tatry-Chabenec-10-300x225.jpg 300w, https:\/\/gorskaprzygoda.pl\/wp-content\/uploads\/2016\/06\/Ni\u017cne-Tatry-Chabenec-10-768x576.jpg 768w\" sizes=\"auto, (max-width: 770px) 100vw, 770px\" \/><\/a>\n\t\t\t<\/div><\/figure><figure class='gallery-item'>\n\t\t\t<div class='gallery-icon landscape'>\n\t\t\t\t<a href='https:\/\/gorskaprzygoda.pl\/wp-content\/uploads\/2016\/06\/Ni\u017cne-Tatry-Chabenec-11.jpg'><img loading=\"lazy\" decoding=\"async\" data-attachment-id=\"3397\" data-orig-file=\"https:\/\/gorskaprzygoda.pl\/wp-content\/uploads\/2016\/06\/Ni\u017cne-Tatry-Chabenec-11.jpg\" data-orig-size=\"1920,1440\" data-comments-opened=\"1\" data-image-meta=\"{&quot;aperture&quot;:&quot;8.5&quot;,&quot;credit&quot;:&quot;&quot;,&quot;camera&quot;:&quot;COOLPIX S2900&quot;,&quot;caption&quot;:&quot;&quot;,&quot;created_timestamp&quot;:&quot;1464260686&quot;,&quot;copyright&quot;:&quot;&quot;,&quot;focal_length&quot;:&quot;5.1&quot;,&quot;iso&quot;:&quot;80&quot;,&quot;shutter_speed&quot;:&quot;0.003125&quot;,&quot;title&quot;:&quot;&quot;,&quot;orientation&quot;:&quot;0&quot;,&quot;keywords&quot;:&quot;Array&quot;}\" data-image-title=\"Ni\u017cne Tatry Chabenec-11\" data-image-description=\"\" data-medium-file=\"https:\/\/gorskaprzygoda.pl\/wp-content\/uploads\/2016\/06\/Ni\u017cne-Tatry-Chabenec-11-300x225.jpg\" data-large-file=\"https:\/\/gorskaprzygoda.pl\/wp-content\/uploads\/2016\/06\/Ni\u017cne-Tatry-Chabenec-11-1024x768.jpg\" width=\"770\" height=\"578\" src=\"https:\/\/gorskaprzygoda.pl\/wp-content\/uploads\/2016\/06\/Ni\u017cne-Tatry-Chabenec-11-1024x768.jpg\" class=\"attachment-large size-large\" alt=\"\" srcset=\"https:\/\/gorskaprzygoda.pl\/wp-content\/uploads\/2016\/06\/Ni\u017cne-Tatry-Chabenec-11-1024x768.jpg 1024w, https:\/\/gorskaprzygoda.pl\/wp-content\/uploads\/2016\/06\/Ni\u017cne-Tatry-Chabenec-11-300x225.jpg 300w, https:\/\/gorskaprzygoda.pl\/wp-content\/uploads\/2016\/06\/Ni\u017cne-Tatry-Chabenec-11-768x576.jpg 768w\" sizes=\"auto, (max-width: 770px) 100vw, 770px\" \/><\/a>\n\t\t\t<\/div><\/figure>\n\t\t<\/div>\n\n<p style=\"text-align: justify;\">Docieramy na <strong>B\u00f3r<\/strong>, kt\u00f3rego wysoko\u015b\u0107 to<strong> 1888 m<\/strong> n.p.m. Zalegaj\u0105ce po stronie <strong>doliny Krzyskiej<\/strong> chmury pr\u00f3buj\u0105 przedosta\u0107 si\u0119 na stron\u0119 <strong>doliny Demianowskiej<\/strong>. Rozpoczyna si\u0119 walka niewidzialnych si\u0142 natury. Robimy sobie kr\u00f3tk\u0105 przerw\u0119 i podziwiamy to wspania\u0142e widowisko. Po paru minutach idziemy dalej w kierunku szczytu o nazwie <strong>Polana<\/strong>,<strong> 1890 m<\/strong> n.p.m., kt\u00f3ry jest jednocze\u015bnie najdalej wysuni\u0119tym na p\u00f3\u0142noc punktem na g\u0142\u00f3wnej grani <strong>Ni\u017cnych Tatr<\/strong>.<\/p>\n<div data-carousel-extra='{\"blog_id\":1,\"permalink\":\"https:\\\/\\\/gorskaprzygoda.pl\\\/index.php\\\/2016\\\/06\\\/01\\\/nizne-tatry-chabenec-utulnia-durkova\\\/\"}' id='gallery-8' class='gallery galleryid-646 gallery-columns-2 gallery-size-large'><figure class='gallery-item'>\n\t\t\t<div class='gallery-icon landscape'>\n\t\t\t\t<a href='https:\/\/gorskaprzygoda.pl\/wp-content\/uploads\/2016\/06\/Ni\u017cne-Tatry-Chabenec-14.jpg'><img loading=\"lazy\" decoding=\"async\" data-attachment-id=\"3402\" data-orig-file=\"https:\/\/gorskaprzygoda.pl\/wp-content\/uploads\/2016\/06\/Ni\u017cne-Tatry-Chabenec-14.jpg\" data-orig-size=\"1920,1440\" data-comments-opened=\"1\" data-image-meta=\"{&quot;aperture&quot;:&quot;8&quot;,&quot;credit&quot;:&quot;&quot;,&quot;camera&quot;:&quot;COOLPIX S2900&quot;,&quot;caption&quot;:&quot;&quot;,&quot;created_timestamp&quot;:&quot;1464262226&quot;,&quot;copyright&quot;:&quot;&quot;,&quot;focal_length&quot;:&quot;4.6&quot;,&quot;iso&quot;:&quot;80&quot;,&quot;shutter_speed&quot;:&quot;0.002&quot;,&quot;title&quot;:&quot;&quot;,&quot;orientation&quot;:&quot;0&quot;,&quot;keywords&quot;:&quot;Array&quot;}\" data-image-title=\"Ni\u017cne Tatry Chabenec-14\" data-image-description=\"\" data-medium-file=\"https:\/\/gorskaprzygoda.pl\/wp-content\/uploads\/2016\/06\/Ni\u017cne-Tatry-Chabenec-14-300x225.jpg\" data-large-file=\"https:\/\/gorskaprzygoda.pl\/wp-content\/uploads\/2016\/06\/Ni\u017cne-Tatry-Chabenec-14-1024x768.jpg\" width=\"770\" height=\"578\" src=\"https:\/\/gorskaprzygoda.pl\/wp-content\/uploads\/2016\/06\/Ni\u017cne-Tatry-Chabenec-14-1024x768.jpg\" class=\"attachment-large size-large\" alt=\"\" srcset=\"https:\/\/gorskaprzygoda.pl\/wp-content\/uploads\/2016\/06\/Ni\u017cne-Tatry-Chabenec-14-1024x768.jpg 1024w, https:\/\/gorskaprzygoda.pl\/wp-content\/uploads\/2016\/06\/Ni\u017cne-Tatry-Chabenec-14-300x225.jpg 300w, https:\/\/gorskaprzygoda.pl\/wp-content\/uploads\/2016\/06\/Ni\u017cne-Tatry-Chabenec-14-768x576.jpg 768w\" sizes=\"auto, (max-width: 770px) 100vw, 770px\" \/><\/a>\n\t\t\t<\/div><\/figure><figure class='gallery-item'>\n\t\t\t<div class='gallery-icon landscape'>\n\t\t\t\t<a href='https:\/\/gorskaprzygoda.pl\/wp-content\/uploads\/2016\/06\/Ni\u017cne-Tatry-Chabenec-16.jpg'><img loading=\"lazy\" decoding=\"async\" data-attachment-id=\"3403\" data-orig-file=\"https:\/\/gorskaprzygoda.pl\/wp-content\/uploads\/2016\/06\/Ni\u017cne-Tatry-Chabenec-16.jpg\" data-orig-size=\"1920,1440\" data-comments-opened=\"1\" data-image-meta=\"{&quot;aperture&quot;:&quot;3.2&quot;,&quot;credit&quot;:&quot;&quot;,&quot;camera&quot;:&quot;COOLPIX S2900&quot;,&quot;caption&quot;:&quot;&quot;,&quot;created_timestamp&quot;:&quot;1464264610&quot;,&quot;copyright&quot;:&quot;&quot;,&quot;focal_length&quot;:&quot;4.6&quot;,&quot;iso&quot;:&quot;80&quot;,&quot;shutter_speed&quot;:&quot;0.00125&quot;,&quot;title&quot;:&quot;&quot;,&quot;orientation&quot;:&quot;0&quot;,&quot;keywords&quot;:&quot;Array&quot;}\" data-image-title=\"Ni\u017cne Tatry Chabenec-16\" data-image-description=\"\" data-medium-file=\"https:\/\/gorskaprzygoda.pl\/wp-content\/uploads\/2016\/06\/Ni\u017cne-Tatry-Chabenec-16-300x225.jpg\" data-large-file=\"https:\/\/gorskaprzygoda.pl\/wp-content\/uploads\/2016\/06\/Ni\u017cne-Tatry-Chabenec-16-1024x768.jpg\" width=\"770\" height=\"578\" src=\"https:\/\/gorskaprzygoda.pl\/wp-content\/uploads\/2016\/06\/Ni\u017cne-Tatry-Chabenec-16-1024x768.jpg\" class=\"attachment-large size-large\" alt=\"\" srcset=\"https:\/\/gorskaprzygoda.pl\/wp-content\/uploads\/2016\/06\/Ni\u017cne-Tatry-Chabenec-16-1024x768.jpg 1024w, https:\/\/gorskaprzygoda.pl\/wp-content\/uploads\/2016\/06\/Ni\u017cne-Tatry-Chabenec-16-300x225.jpg 300w, https:\/\/gorskaprzygoda.pl\/wp-content\/uploads\/2016\/06\/Ni\u017cne-Tatry-Chabenec-16-768x576.jpg 768w\" sizes=\"auto, (max-width: 770px) 100vw, 770px\" \/><\/a>\n\t\t\t<\/div><\/figure><figure class='gallery-item'>\n\t\t\t<div class='gallery-icon landscape'>\n\t\t\t\t<a href='https:\/\/gorskaprzygoda.pl\/wp-content\/uploads\/2016\/06\/Ni\u017cne-Tatry-Chabenec-17.jpg'><img loading=\"lazy\" decoding=\"async\" data-attachment-id=\"3398\" data-orig-file=\"https:\/\/gorskaprzygoda.pl\/wp-content\/uploads\/2016\/06\/Ni\u017cne-Tatry-Chabenec-17.jpg\" data-orig-size=\"1920,1440\" data-comments-opened=\"1\" data-image-meta=\"{&quot;aperture&quot;:&quot;3.2&quot;,&quot;credit&quot;:&quot;&quot;,&quot;camera&quot;:&quot;COOLPIX S2900&quot;,&quot;caption&quot;:&quot;&quot;,&quot;created_timestamp&quot;:&quot;1464264787&quot;,&quot;copyright&quot;:&quot;&quot;,&quot;focal_length&quot;:&quot;4.6&quot;,&quot;iso&quot;:&quot;80&quot;,&quot;shutter_speed&quot;:&quot;0.0015625&quot;,&quot;title&quot;:&quot;&quot;,&quot;orientation&quot;:&quot;0&quot;,&quot;keywords&quot;:&quot;Array&quot;}\" data-image-title=\"Ni\u017cne Tatry Chabenec-17\" data-image-description=\"\" data-medium-file=\"https:\/\/gorskaprzygoda.pl\/wp-content\/uploads\/2016\/06\/Ni\u017cne-Tatry-Chabenec-17-300x225.jpg\" data-large-file=\"https:\/\/gorskaprzygoda.pl\/wp-content\/uploads\/2016\/06\/Ni\u017cne-Tatry-Chabenec-17-1024x768.jpg\" width=\"770\" height=\"578\" src=\"https:\/\/gorskaprzygoda.pl\/wp-content\/uploads\/2016\/06\/Ni\u017cne-Tatry-Chabenec-17-1024x768.jpg\" class=\"attachment-large size-large\" alt=\"\" srcset=\"https:\/\/gorskaprzygoda.pl\/wp-content\/uploads\/2016\/06\/Ni\u017cne-Tatry-Chabenec-17-1024x768.jpg 1024w, https:\/\/gorskaprzygoda.pl\/wp-content\/uploads\/2016\/06\/Ni\u017cne-Tatry-Chabenec-17-300x225.jpg 300w, https:\/\/gorskaprzygoda.pl\/wp-content\/uploads\/2016\/06\/Ni\u017cne-Tatry-Chabenec-17-768x576.jpg 768w\" sizes=\"auto, (max-width: 770px) 100vw, 770px\" \/><\/a>\n\t\t\t<\/div><\/figure><figure class='gallery-item'>\n\t\t\t<div class='gallery-icon landscape'>\n\t\t\t\t<a href='https:\/\/gorskaprzygoda.pl\/wp-content\/uploads\/2016\/06\/Ni\u017cne-Tatry-Chabenec-18.jpg'><img loading=\"lazy\" decoding=\"async\" data-attachment-id=\"3399\" data-orig-file=\"https:\/\/gorskaprzygoda.pl\/wp-content\/uploads\/2016\/06\/Ni\u017cne-Tatry-Chabenec-18.jpg\" data-orig-size=\"1920,1440\" data-comments-opened=\"1\" data-image-meta=\"{&quot;aperture&quot;:&quot;3.2&quot;,&quot;credit&quot;:&quot;&quot;,&quot;camera&quot;:&quot;COOLPIX S2900&quot;,&quot;caption&quot;:&quot;&quot;,&quot;created_timestamp&quot;:&quot;1464265017&quot;,&quot;copyright&quot;:&quot;&quot;,&quot;focal_length&quot;:&quot;4.6&quot;,&quot;iso&quot;:&quot;80&quot;,&quot;shutter_speed&quot;:&quot;0.0015625&quot;,&quot;title&quot;:&quot;&quot;,&quot;orientation&quot;:&quot;0&quot;,&quot;keywords&quot;:&quot;Array&quot;}\" data-image-title=\"Ni\u017cne Tatry Chabenec-18\" data-image-description=\"\" data-medium-file=\"https:\/\/gorskaprzygoda.pl\/wp-content\/uploads\/2016\/06\/Ni\u017cne-Tatry-Chabenec-18-300x225.jpg\" data-large-file=\"https:\/\/gorskaprzygoda.pl\/wp-content\/uploads\/2016\/06\/Ni\u017cne-Tatry-Chabenec-18-1024x768.jpg\" width=\"770\" height=\"578\" src=\"https:\/\/gorskaprzygoda.pl\/wp-content\/uploads\/2016\/06\/Ni\u017cne-Tatry-Chabenec-18-1024x768.jpg\" class=\"attachment-large size-large\" alt=\"\" srcset=\"https:\/\/gorskaprzygoda.pl\/wp-content\/uploads\/2016\/06\/Ni\u017cne-Tatry-Chabenec-18-1024x768.jpg 1024w, https:\/\/gorskaprzygoda.pl\/wp-content\/uploads\/2016\/06\/Ni\u017cne-Tatry-Chabenec-18-300x225.jpg 300w, https:\/\/gorskaprzygoda.pl\/wp-content\/uploads\/2016\/06\/Ni\u017cne-Tatry-Chabenec-18-768x576.jpg 768w\" sizes=\"auto, (max-width: 770px) 100vw, 770px\" \/><\/a>\n\t\t\t<\/div><\/figure><figure class='gallery-item'>\n\t\t\t<div class='gallery-icon landscape'>\n\t\t\t\t<a href='https:\/\/gorskaprzygoda.pl\/wp-content\/uploads\/2016\/06\/Ni\u017cne-Tatry-Chabenec-20.jpg'><img loading=\"lazy\" decoding=\"async\" data-attachment-id=\"3400\" data-orig-file=\"https:\/\/gorskaprzygoda.pl\/wp-content\/uploads\/2016\/06\/Ni\u017cne-Tatry-Chabenec-20.jpg\" data-orig-size=\"1920,1440\" data-comments-opened=\"1\" data-image-meta=\"{&quot;aperture&quot;:&quot;8&quot;,&quot;credit&quot;:&quot;&quot;,&quot;camera&quot;:&quot;COOLPIX S2900&quot;,&quot;caption&quot;:&quot;&quot;,&quot;created_timestamp&quot;:&quot;1464267007&quot;,&quot;copyright&quot;:&quot;&quot;,&quot;focal_length&quot;:&quot;4.6&quot;,&quot;iso&quot;:&quot;80&quot;,&quot;shutter_speed&quot;:&quot;0.003125&quot;,&quot;title&quot;:&quot;&quot;,&quot;orientation&quot;:&quot;0&quot;,&quot;keywords&quot;:&quot;Array&quot;}\" data-image-title=\"Ni\u017cne Tatry Chabenec-20\" data-image-description=\"\" data-medium-file=\"https:\/\/gorskaprzygoda.pl\/wp-content\/uploads\/2016\/06\/Ni\u017cne-Tatry-Chabenec-20-300x225.jpg\" data-large-file=\"https:\/\/gorskaprzygoda.pl\/wp-content\/uploads\/2016\/06\/Ni\u017cne-Tatry-Chabenec-20-1024x768.jpg\" width=\"770\" height=\"578\" src=\"https:\/\/gorskaprzygoda.pl\/wp-content\/uploads\/2016\/06\/Ni\u017cne-Tatry-Chabenec-20-1024x768.jpg\" class=\"attachment-large size-large\" alt=\"\" srcset=\"https:\/\/gorskaprzygoda.pl\/wp-content\/uploads\/2016\/06\/Ni\u017cne-Tatry-Chabenec-20-1024x768.jpg 1024w, https:\/\/gorskaprzygoda.pl\/wp-content\/uploads\/2016\/06\/Ni\u017cne-Tatry-Chabenec-20-300x225.jpg 300w, https:\/\/gorskaprzygoda.pl\/wp-content\/uploads\/2016\/06\/Ni\u017cne-Tatry-Chabenec-20-768x576.jpg 768w\" sizes=\"auto, (max-width: 770px) 100vw, 770px\" \/><\/a>\n\t\t\t<\/div><\/figure><figure class='gallery-item'>\n\t\t\t<div class='gallery-icon landscape'>\n\t\t\t\t<a href='https:\/\/gorskaprzygoda.pl\/wp-content\/uploads\/2016\/06\/Ni\u017cne-Tatry-Chabenec-21.jpg'><img loading=\"lazy\" decoding=\"async\" data-attachment-id=\"3401\" data-orig-file=\"https:\/\/gorskaprzygoda.pl\/wp-content\/uploads\/2016\/06\/Ni\u017cne-Tatry-Chabenec-21.jpg\" data-orig-size=\"1920,1440\" data-comments-opened=\"1\" data-image-meta=\"{&quot;aperture&quot;:&quot;3.2&quot;,&quot;credit&quot;:&quot;&quot;,&quot;camera&quot;:&quot;COOLPIX S2900&quot;,&quot;caption&quot;:&quot;&quot;,&quot;created_timestamp&quot;:&quot;1464267340&quot;,&quot;copyright&quot;:&quot;&quot;,&quot;focal_length&quot;:&quot;4.6&quot;,&quot;iso&quot;:&quot;80&quot;,&quot;shutter_speed&quot;:&quot;0.000625&quot;,&quot;title&quot;:&quot;&quot;,&quot;orientation&quot;:&quot;0&quot;,&quot;keywords&quot;:&quot;Array&quot;}\" data-image-title=\"Ni\u017cne Tatry Chabenec-21\" data-image-description=\"\" data-medium-file=\"https:\/\/gorskaprzygoda.pl\/wp-content\/uploads\/2016\/06\/Ni\u017cne-Tatry-Chabenec-21-300x225.jpg\" data-large-file=\"https:\/\/gorskaprzygoda.pl\/wp-content\/uploads\/2016\/06\/Ni\u017cne-Tatry-Chabenec-21-1024x768.jpg\" width=\"770\" height=\"578\" src=\"https:\/\/gorskaprzygoda.pl\/wp-content\/uploads\/2016\/06\/Ni\u017cne-Tatry-Chabenec-21-1024x768.jpg\" class=\"attachment-large size-large\" alt=\"\" srcset=\"https:\/\/gorskaprzygoda.pl\/wp-content\/uploads\/2016\/06\/Ni\u017cne-Tatry-Chabenec-21-1024x768.jpg 1024w, https:\/\/gorskaprzygoda.pl\/wp-content\/uploads\/2016\/06\/Ni\u017cne-Tatry-Chabenec-21-300x225.jpg 300w, https:\/\/gorskaprzygoda.pl\/wp-content\/uploads\/2016\/06\/Ni\u017cne-Tatry-Chabenec-21-768x576.jpg 768w\" sizes=\"auto, (max-width: 770px) 100vw, 770px\" \/><\/a>\n\t\t\t<\/div><\/figure>\n\t\t<\/div>\n\n<p style=\"text-align: justify;\">Docieramy do czerwonego <strong>Szlaku Bohater\u00f3w SNP<\/strong>. Po naszej lewej stronie znajduj\u0105 si\u0119 <strong>Chopok<\/strong> i <strong>Derese<\/strong> okryte w dalszym ci\u0105gu chmurami, po prawej masywne rami\u0119 Ska\u0142ki oraz <strong>Kotliska<\/strong>, a dalej <strong>Chabenec<\/strong>. Zwracamy si\u0119 w kierunku zachodnim i schodzimy na <strong>Krzysk\u0105 Prze\u0142\u0119cz<\/strong>. Po p\u00f3\u0142nocnej stronie grani le\u017cy wspomniana wcze\u015bniej <strong>dolina Krzyska<\/strong>, w kt\u00f3rej znajduj\u0105 si\u0119 nieczynne ju\u017c kopalnie antymonitu, kt\u00f3ry by\u0142 tutaj wydobywany. Z prze\u0142\u0119czy podchodzimy na kolejny zwornikowy szczyt, tym razem <strong>Kotliska,<\/strong> <strong>1937 m<\/strong> n.p.m. Systemem \u201eg\u00f3ra-d\u00f3\u0142, g\u00f3ra-d\u00f3\u0142\u201d kontynuujemy nasz\u0105 w\u0119dr\u00f3wk\u0119 g\u0142\u00f3wn\u0105 grani\u0105 <strong>Ni\u017cnych Tatr<\/strong>. Docieramy pod szczyt <strong>Chabenec<\/strong> i rozpoczynamy mozolne podej\u015bcie jego zboczem. Z daleka wygl\u0105da niepozornie, ale daje si\u0119 we znaki. Po kilkunastu minutach udaje nam si\u0119 stan\u0105\u0107 na jego wierzcho\u0142ku. Rozpo\u015bciera si\u0119 przed nami cudowna panorama na ca\u0142\u0105 zachodni\u0105 cz\u0119\u015b\u0107 <strong>Ni\u017cnych Tatr<\/strong>, <strong>Wielk\u0105 Fatr\u0119<\/strong>, <strong>Kotlin\u0119 Liptowsk\u0105<\/strong>, <strong>G\u00f3ry Chocza\u0144skie<\/strong> oraz rysuj\u0105ce si\u0119 na horyzoncie <strong>Tatry Zachodnie<\/strong> oraz pasma <strong>Rudaw S\u0142owackich<\/strong> na po\u0142udniu.<\/p>\n<div data-carousel-extra='{\"blog_id\":1,\"permalink\":\"https:\\\/\\\/gorskaprzygoda.pl\\\/index.php\\\/2016\\\/06\\\/01\\\/nizne-tatry-chabenec-utulnia-durkova\\\/\"}' id='gallery-10' class='gallery galleryid-646 gallery-columns-2 gallery-size-large'><figure class='gallery-item'>\n\t\t\t<div class='gallery-icon landscape'>\n\t\t\t\t<a href='https:\/\/gorskaprzygoda.pl\/wp-content\/uploads\/2016\/06\/Ni\u017cne-Tatry-Chabenec-23.jpg'><img loading=\"lazy\" decoding=\"async\" data-attachment-id=\"3404\" data-orig-file=\"https:\/\/gorskaprzygoda.pl\/wp-content\/uploads\/2016\/06\/Ni\u017cne-Tatry-Chabenec-23.jpg\" data-orig-size=\"1920,1440\" data-comments-opened=\"1\" data-image-meta=\"{&quot;aperture&quot;:&quot;3.2&quot;,&quot;credit&quot;:&quot;&quot;,&quot;camera&quot;:&quot;COOLPIX S2900&quot;,&quot;caption&quot;:&quot;&quot;,&quot;created_timestamp&quot;:&quot;1464268329&quot;,&quot;copyright&quot;:&quot;&quot;,&quot;focal_length&quot;:&quot;4.6&quot;,&quot;iso&quot;:&quot;80&quot;,&quot;shutter_speed&quot;:&quot;0.0005&quot;,&quot;title&quot;:&quot;&quot;,&quot;orientation&quot;:&quot;0&quot;,&quot;keywords&quot;:&quot;Array&quot;}\" data-image-title=\"Ni\u017cne Tatry Chabenec-23\" data-image-description=\"\" data-medium-file=\"https:\/\/gorskaprzygoda.pl\/wp-content\/uploads\/2016\/06\/Ni\u017cne-Tatry-Chabenec-23-300x225.jpg\" data-large-file=\"https:\/\/gorskaprzygoda.pl\/wp-content\/uploads\/2016\/06\/Ni\u017cne-Tatry-Chabenec-23-1024x768.jpg\" width=\"770\" height=\"578\" src=\"https:\/\/gorskaprzygoda.pl\/wp-content\/uploads\/2016\/06\/Ni\u017cne-Tatry-Chabenec-23-1024x768.jpg\" class=\"attachment-large size-large\" alt=\"\" srcset=\"https:\/\/gorskaprzygoda.pl\/wp-content\/uploads\/2016\/06\/Ni\u017cne-Tatry-Chabenec-23-1024x768.jpg 1024w, https:\/\/gorskaprzygoda.pl\/wp-content\/uploads\/2016\/06\/Ni\u017cne-Tatry-Chabenec-23-300x225.jpg 300w, https:\/\/gorskaprzygoda.pl\/wp-content\/uploads\/2016\/06\/Ni\u017cne-Tatry-Chabenec-23-768x576.jpg 768w\" sizes=\"auto, (max-width: 770px) 100vw, 770px\" \/><\/a>\n\t\t\t<\/div><\/figure><figure class='gallery-item'>\n\t\t\t<div class='gallery-icon landscape'>\n\t\t\t\t<a href='https:\/\/gorskaprzygoda.pl\/wp-content\/uploads\/2016\/06\/Ni\u017cne-Tatry-Chabenec-24.jpg'><img loading=\"lazy\" decoding=\"async\" data-attachment-id=\"3405\" data-orig-file=\"https:\/\/gorskaprzygoda.pl\/wp-content\/uploads\/2016\/06\/Ni\u017cne-Tatry-Chabenec-24.jpg\" data-orig-size=\"1920,1440\" data-comments-opened=\"1\" data-image-meta=\"{&quot;aperture&quot;:&quot;8&quot;,&quot;credit&quot;:&quot;&quot;,&quot;camera&quot;:&quot;COOLPIX S2900&quot;,&quot;caption&quot;:&quot;&quot;,&quot;created_timestamp&quot;:&quot;1464269564&quot;,&quot;copyright&quot;:&quot;&quot;,&quot;focal_length&quot;:&quot;4.6&quot;,&quot;iso&quot;:&quot;80&quot;,&quot;shutter_speed&quot;:&quot;0.0025&quot;,&quot;title&quot;:&quot;&quot;,&quot;orientation&quot;:&quot;0&quot;,&quot;keywords&quot;:&quot;Array&quot;}\" data-image-title=\"Ni\u017cne Tatry Chabenec-24\" data-image-description=\"\" data-medium-file=\"https:\/\/gorskaprzygoda.pl\/wp-content\/uploads\/2016\/06\/Ni\u017cne-Tatry-Chabenec-24-300x225.jpg\" data-large-file=\"https:\/\/gorskaprzygoda.pl\/wp-content\/uploads\/2016\/06\/Ni\u017cne-Tatry-Chabenec-24-1024x768.jpg\" width=\"770\" height=\"578\" src=\"https:\/\/gorskaprzygoda.pl\/wp-content\/uploads\/2016\/06\/Ni\u017cne-Tatry-Chabenec-24-1024x768.jpg\" class=\"attachment-large size-large\" alt=\"\" srcset=\"https:\/\/gorskaprzygoda.pl\/wp-content\/uploads\/2016\/06\/Ni\u017cne-Tatry-Chabenec-24-1024x768.jpg 1024w, https:\/\/gorskaprzygoda.pl\/wp-content\/uploads\/2016\/06\/Ni\u017cne-Tatry-Chabenec-24-300x225.jpg 300w, https:\/\/gorskaprzygoda.pl\/wp-content\/uploads\/2016\/06\/Ni\u017cne-Tatry-Chabenec-24-768x576.jpg 768w\" sizes=\"auto, (max-width: 770px) 100vw, 770px\" \/><\/a>\n\t\t\t<\/div><\/figure><figure class='gallery-item'>\n\t\t\t<div class='gallery-icon landscape'>\n\t\t\t\t<a href='https:\/\/gorskaprzygoda.pl\/wp-content\/uploads\/2016\/06\/Ni\u017cne-Tatry-Chabenec-25.jpg'><img loading=\"lazy\" decoding=\"async\" data-attachment-id=\"3406\" data-orig-file=\"https:\/\/gorskaprzygoda.pl\/wp-content\/uploads\/2016\/06\/Ni\u017cne-Tatry-Chabenec-25.jpg\" data-orig-size=\"1920,1440\" data-comments-opened=\"1\" data-image-meta=\"{&quot;aperture&quot;:&quot;8&quot;,&quot;credit&quot;:&quot;&quot;,&quot;camera&quot;:&quot;COOLPIX S2900&quot;,&quot;caption&quot;:&quot;&quot;,&quot;created_timestamp&quot;:&quot;1464271012&quot;,&quot;copyright&quot;:&quot;&quot;,&quot;focal_length&quot;:&quot;4.6&quot;,&quot;iso&quot;:&quot;80&quot;,&quot;shutter_speed&quot;:&quot;0.0025&quot;,&quot;title&quot;:&quot;&quot;,&quot;orientation&quot;:&quot;0&quot;,&quot;keywords&quot;:&quot;Array&quot;}\" data-image-title=\"Ni\u017cne Tatry Chabenec-25\" data-image-description=\"\" data-medium-file=\"https:\/\/gorskaprzygoda.pl\/wp-content\/uploads\/2016\/06\/Ni\u017cne-Tatry-Chabenec-25-300x225.jpg\" data-large-file=\"https:\/\/gorskaprzygoda.pl\/wp-content\/uploads\/2016\/06\/Ni\u017cne-Tatry-Chabenec-25-1024x768.jpg\" width=\"770\" height=\"578\" src=\"https:\/\/gorskaprzygoda.pl\/wp-content\/uploads\/2016\/06\/Ni\u017cne-Tatry-Chabenec-25-1024x768.jpg\" class=\"attachment-large size-large\" alt=\"\" srcset=\"https:\/\/gorskaprzygoda.pl\/wp-content\/uploads\/2016\/06\/Ni\u017cne-Tatry-Chabenec-25-1024x768.jpg 1024w, https:\/\/gorskaprzygoda.pl\/wp-content\/uploads\/2016\/06\/Ni\u017cne-Tatry-Chabenec-25-300x225.jpg 300w, https:\/\/gorskaprzygoda.pl\/wp-content\/uploads\/2016\/06\/Ni\u017cne-Tatry-Chabenec-25-768x576.jpg 768w\" sizes=\"auto, (max-width: 770px) 100vw, 770px\" \/><\/a>\n\t\t\t<\/div><\/figure><figure class='gallery-item'>\n\t\t\t<div class='gallery-icon landscape'>\n\t\t\t\t<a href='https:\/\/gorskaprzygoda.pl\/wp-content\/uploads\/2016\/06\/Ni\u017cne-Tatry-Chabenec-26.jpg'><img loading=\"lazy\" decoding=\"async\" data-attachment-id=\"3407\" data-orig-file=\"https:\/\/gorskaprzygoda.pl\/wp-content\/uploads\/2016\/06\/Ni\u017cne-Tatry-Chabenec-26.jpg\" data-orig-size=\"1920,1440\" data-comments-opened=\"1\" data-image-meta=\"{&quot;aperture&quot;:&quot;8&quot;,&quot;credit&quot;:&quot;&quot;,&quot;camera&quot;:&quot;COOLPIX S2900&quot;,&quot;caption&quot;:&quot;&quot;,&quot;created_timestamp&quot;:&quot;1464271028&quot;,&quot;copyright&quot;:&quot;&quot;,&quot;focal_length&quot;:&quot;4.6&quot;,&quot;iso&quot;:&quot;80&quot;,&quot;shutter_speed&quot;:&quot;0.0025&quot;,&quot;title&quot;:&quot;&quot;,&quot;orientation&quot;:&quot;0&quot;,&quot;keywords&quot;:&quot;Array&quot;}\" data-image-title=\"Ni\u017cne Tatry Chabenec-26\" data-image-description=\"\" data-medium-file=\"https:\/\/gorskaprzygoda.pl\/wp-content\/uploads\/2016\/06\/Ni\u017cne-Tatry-Chabenec-26-300x225.jpg\" data-large-file=\"https:\/\/gorskaprzygoda.pl\/wp-content\/uploads\/2016\/06\/Ni\u017cne-Tatry-Chabenec-26-1024x768.jpg\" width=\"770\" height=\"578\" src=\"https:\/\/gorskaprzygoda.pl\/wp-content\/uploads\/2016\/06\/Ni\u017cne-Tatry-Chabenec-26-1024x768.jpg\" class=\"attachment-large size-large\" alt=\"\" srcset=\"https:\/\/gorskaprzygoda.pl\/wp-content\/uploads\/2016\/06\/Ni\u017cne-Tatry-Chabenec-26-1024x768.jpg 1024w, https:\/\/gorskaprzygoda.pl\/wp-content\/uploads\/2016\/06\/Ni\u017cne-Tatry-Chabenec-26-300x225.jpg 300w, https:\/\/gorskaprzygoda.pl\/wp-content\/uploads\/2016\/06\/Ni\u017cne-Tatry-Chabenec-26-768x576.jpg 768w\" sizes=\"auto, (max-width: 770px) 100vw, 770px\" \/><\/a>\n\t\t\t<\/div><\/figure>\n\t\t<\/div>\n\n<p style=\"text-align: justify;\"><b><\/b><br \/>\nNapatrzyli\u015bmy si\u0119 ile by\u0142o mo\u017cna, zapisali\u015bmy widoki w g\u0142owach i ruszyli\u015bmy dalej. Do <strong>utulni pod Durkov\u0105<\/strong> pozosta\u0142o ju\u017c niewiele, raptem 45 min. Nie\u015bpiesznie schodzimy w d\u00f3\u0142. Po woli zaczyna wy\u0142ania\u0107 si\u0119 przed nami <strong>prze\u0142\u0119cz pod Durkov\u0105<\/strong>, a chwil\u0119 p\u00f3\u017aniej na jej po\u0142udniowym zboczu widzimy nasze schronienie. Docieramy na miejsce. Jak si\u0119 okazuje poza gospodarzami utulni nie ma jeszcze nikogo. Ku mojemu zaskoczeniu mo\u017cemy tam kupi\u0107 zimne piwko (inne trunki te\u017c s\u0105) oraz co\u015b do jedzenia. Wyboru zbyt du\u017cego nie ma, ale i tak szacunek dla ch\u0142opak\u00f3w, \u017ce w takich warunkach potrafi\u0105 co\u015b do jedzenia przygotowa\u0107. \u0179r\u00f3d\u0142o wody znajduje si\u0119 jakie\u015b 100 m od budynku utulni. Jak to w g\u00f3rskim \u017ar\u00f3dle woda jest lodowata. Korzystaj\u0105c z tego, \u017ce jeszcze \u015bwieci s\u0142o\u0144ce i jest bardzo przyjemnie rozk\u0142adamy karimaty na trawie obok chatki schroniska. Popijamy piwko i odpoczywamy. Nigdzie ju\u017c dalej tego dnia si\u0119 nie wybieramy wi\u0119c spokojnie mo\u017cemy wrzuci\u0107 na luz. Kiedy s\u0142o\u0144ce chowa si\u0119 za chmurami przenosimy si\u0119 do \u015brodka utulni. Wrzucamy plecaki na poddasze, gdzie przygotowane s\u0105 miejsca do spania. Na pod\u0142odze wy\u0142o\u017cone s\u0105 tam mi\u0119kkie materace wi\u0119c karimata okazuje si\u0119 zb\u0119dna. Na utulni\u0119 docieraj\u0105 kolejni go\u015bcie, wpierw grupa weso\u0142ych S\u0142owak\u00f3w w wieku 50+, nast\u0119pnie kilku naszych rodak\u00f3w. Jest gwarno i weso\u0142o. Wypijamy jeszcze po jednym piwku i idziemy spa\u0107. W planach mia\u0142o by\u0107 nocne podziwianie gwiazd, ale mia\u0142em tak twardy sen, \u017ce nie by\u0142em w stanie wyj\u015b\u0107 ze \u015bpiwora. Na otarcie \u0142ez pozosta\u0142 mi widok pierwszych promieni s\u0142o\u0144ca o poranku. Zapowiada\u0142 si\u0119 ca\u0142kiem przyjemny dzie\u0144.<\/p>\n<div data-carousel-extra='{\"blog_id\":1,\"permalink\":\"https:\\\/\\\/gorskaprzygoda.pl\\\/index.php\\\/2016\\\/06\\\/01\\\/nizne-tatry-chabenec-utulnia-durkova\\\/\"}' id='gallery-12' class='gallery galleryid-646 gallery-columns-2 gallery-size-large'><figure class='gallery-item'>\n\t\t\t<div class='gallery-icon landscape'>\n\t\t\t\t<a href='https:\/\/gorskaprzygoda.pl\/wp-content\/uploads\/2016\/06\/Ni\u017cne-Tatry-Chabenec-27.jpg'><img loading=\"lazy\" decoding=\"async\" data-attachment-id=\"3408\" data-orig-file=\"https:\/\/gorskaprzygoda.pl\/wp-content\/uploads\/2016\/06\/Ni\u017cne-Tatry-Chabenec-27.jpg\" data-orig-size=\"1920,1440\" data-comments-opened=\"1\" data-image-meta=\"{&quot;aperture&quot;:&quot;3.2&quot;,&quot;credit&quot;:&quot;&quot;,&quot;camera&quot;:&quot;COOLPIX S2900&quot;,&quot;caption&quot;:&quot;&quot;,&quot;created_timestamp&quot;:&quot;1464272153&quot;,&quot;copyright&quot;:&quot;&quot;,&quot;focal_length&quot;:&quot;4.6&quot;,&quot;iso&quot;:&quot;80&quot;,&quot;shutter_speed&quot;:&quot;0.0005&quot;,&quot;title&quot;:&quot;&quot;,&quot;orientation&quot;:&quot;0&quot;,&quot;keywords&quot;:&quot;Array&quot;}\" data-image-title=\"Ni\u017cne Tatry Chabenec-27\" data-image-description=\"\" data-medium-file=\"https:\/\/gorskaprzygoda.pl\/wp-content\/uploads\/2016\/06\/Ni\u017cne-Tatry-Chabenec-27-300x225.jpg\" data-large-file=\"https:\/\/gorskaprzygoda.pl\/wp-content\/uploads\/2016\/06\/Ni\u017cne-Tatry-Chabenec-27-1024x768.jpg\" width=\"770\" height=\"578\" src=\"https:\/\/gorskaprzygoda.pl\/wp-content\/uploads\/2016\/06\/Ni\u017cne-Tatry-Chabenec-27-1024x768.jpg\" class=\"attachment-large size-large\" alt=\"\" srcset=\"https:\/\/gorskaprzygoda.pl\/wp-content\/uploads\/2016\/06\/Ni\u017cne-Tatry-Chabenec-27-1024x768.jpg 1024w, https:\/\/gorskaprzygoda.pl\/wp-content\/uploads\/2016\/06\/Ni\u017cne-Tatry-Chabenec-27-300x225.jpg 300w, https:\/\/gorskaprzygoda.pl\/wp-content\/uploads\/2016\/06\/Ni\u017cne-Tatry-Chabenec-27-768x576.jpg 768w\" sizes=\"auto, (max-width: 770px) 100vw, 770px\" \/><\/a>\n\t\t\t<\/div><\/figure><figure class='gallery-item'>\n\t\t\t<div class='gallery-icon landscape'>\n\t\t\t\t<a href='https:\/\/gorskaprzygoda.pl\/wp-content\/uploads\/2016\/06\/Ni\u017cne-Tatry-Chabenec-75.jpg'><img loading=\"lazy\" decoding=\"async\" data-attachment-id=\"3409\" data-orig-file=\"https:\/\/gorskaprzygoda.pl\/wp-content\/uploads\/2016\/06\/Ni\u017cne-Tatry-Chabenec-75.jpg\" data-orig-size=\"1920,1440\" data-comments-opened=\"1\" data-image-meta=\"{&quot;aperture&quot;:&quot;0&quot;,&quot;credit&quot;:&quot;&quot;,&quot;camera&quot;:&quot;&quot;,&quot;caption&quot;:&quot;&quot;,&quot;created_timestamp&quot;:&quot;0&quot;,&quot;copyright&quot;:&quot;&quot;,&quot;focal_length&quot;:&quot;0&quot;,&quot;iso&quot;:&quot;0&quot;,&quot;shutter_speed&quot;:&quot;0&quot;,&quot;title&quot;:&quot;&quot;,&quot;orientation&quot;:&quot;0&quot;,&quot;keywords&quot;:&quot;Array&quot;}\" data-image-title=\"Ni\u017cne Tatry Chabenec-75\" data-image-description=\"\" data-medium-file=\"https:\/\/gorskaprzygoda.pl\/wp-content\/uploads\/2016\/06\/Ni\u017cne-Tatry-Chabenec-75-300x225.jpg\" data-large-file=\"https:\/\/gorskaprzygoda.pl\/wp-content\/uploads\/2016\/06\/Ni\u017cne-Tatry-Chabenec-75-1024x768.jpg\" width=\"770\" height=\"578\" src=\"https:\/\/gorskaprzygoda.pl\/wp-content\/uploads\/2016\/06\/Ni\u017cne-Tatry-Chabenec-75-1024x768.jpg\" class=\"attachment-large size-large\" alt=\"\" srcset=\"https:\/\/gorskaprzygoda.pl\/wp-content\/uploads\/2016\/06\/Ni\u017cne-Tatry-Chabenec-75-1024x768.jpg 1024w, https:\/\/gorskaprzygoda.pl\/wp-content\/uploads\/2016\/06\/Ni\u017cne-Tatry-Chabenec-75-300x225.jpg 300w, https:\/\/gorskaprzygoda.pl\/wp-content\/uploads\/2016\/06\/Ni\u017cne-Tatry-Chabenec-75-768x576.jpg 768w\" sizes=\"auto, (max-width: 770px) 100vw, 770px\" \/><\/a>\n\t\t\t<\/div><\/figure>\n\t\t<\/div>\n\n<p><b>Dzie\u0144 1. <\/b><br \/>\n<b>Demianowska Jaskinia Wolno\u015bci \u2013 B\u00f3r \u2013 Polana \u2013 Kotliska \u2013 Chabenec \u2013 Utulnia \u010eurkov\u00e1<\/b><\/p>\n<p>Czas przej\u015bcia: 6 h 50 min<br \/>\nDystans: 16,2 km<br \/>\nPodej\u015bcie: 1489 m<br \/>\nZej\u015bcie: 707 m<br \/>\n<a title=\"Link do przebiegu i profilu naszej trasy w serwisie Movescount\" href=\"http:\/\/www.movescount.com\/pl\/moves\/move107290569\" target=\"_blank\" rel=\"noopener\">Link do przebiegu i profilu naszej trasy w serwisie Movescount<\/a><\/p>\n<div style=\"max-width: 1200px; overflow: hidden; margin: 0 auto;\"><iframe style=\"width: 100%; border: 0;\" src=\"https:\/\/mapa-turystyczna.pl\/map\/widget\/p\/route\/796f.html\" height=\"750\" frameborder=\"0\"><\/iframe><a style=\"color: #999; padding: 7px 0; font-size: 13px; font-family: Roboto,Arial,sans-serif; display: inline-block;\" href=\"https:\/\/mapa-turystyczna.pl\/route\/796f?utm_source=external_web&amp;utm_medium=widget&amp;utm_campaign=route_widget\" target=\"_blank\" rel=\"noopener\">Trasa: Dem\u00e4novsk\u00e1 jasky\u0148a Slobody, r\u00e1zc. \u2013 \u00datul\u0148a pod Chabencom | mapa-turystyczna.pl<\/a><\/div>\n","protected":false},"excerpt":{"rendered":"<p>Po powrocie z naszego ostatniego maj\u00f3wkowego w\u0119drowania po Gorcach, Pieninach i Beskidzie S\u0105deckim zacz\u0105\u0142em si\u0119 zastanawia\u0107, gdzie by si\u0119 tu wybra\u0107 nast\u0119pnym razem. Po g\u0142owie ca\u0142y czas chodzi\u0142y mi Tatry. Od dawna mam ju\u017c gotowych kilka scenariusz\u00f3w wyjazd\u00f3w, ale za ka\u017cdym razem, kt\u00f3ry\u015b element uk\u0142adanki nie pasuje i odk\u0142adam je na przysz\u0142o\u015b\u0107. Tym razem by\u0142o <\/p>\n","protected":false},"author":1,"featured_media":3410,"comment_status":"open","ping_status":"open","sticky":false,"template":"","format":"standard","meta":{"jetpack_post_was_ever_published":false,"_jetpack_newsletter_access":"","_jetpack_dont_email_post_to_subs":false,"_jetpack_newsletter_tier_id":0,"_jetpack_memberships_contains_paywalled_content":false,"_jetpack_memberships_contains_paid_content":false,"footnotes":"","jetpack_publicize_message":"","jetpack_publicize_feature_enabled":true,"jetpack_social_post_already_shared":false,"jetpack_social_options":{"image_generator_settings":{"template":"highway","default_image_id":0,"font":"","enabled":false},"version":2}},"categories":[177,121],"tags":[46],"class_list":{"0":"post-646","1":"post","2":"type-post","3":"status-publish","4":"format-standard","5":"has-post-thumbnail","7":"category-nizne-tatry","8":"category-slowacja","9":"tag-nizne-tatry"},"yoast_head":"<!-- This site is optimized with the Yoast SEO plugin v27.4 - https:\/\/yoast.com\/product\/yoast-seo-wordpress\/ -->\n<title>Ni\u017cne Tatry | Chabanec | Utulnia Durkova | G\u00f3rska przygoda<\/title>\n<meta name=\"robots\" content=\"index, follow, max-snippet:-1, max-image-preview:large, max-video-preview:-1\" \/>\n<link rel=\"canonical\" href=\"https:\/\/gorskaprzygoda.pl\/index.php\/2016\/06\/01\/nizne-tatry-chabenec-utulnia-durkova\/\" \/>\n<meta property=\"og:locale\" content=\"pl_PL\" \/>\n<meta property=\"og:type\" content=\"article\" \/>\n<meta property=\"og:title\" content=\"Ni\u017cne Tatry | Chabanec | Utulnia Durkova | G\u00f3rska przygoda\" \/>\n<meta property=\"og:description\" content=\"Po powrocie z naszego ostatniego maj\u00f3wkowego w\u0119drowania po Gorcach, Pieninach i Beskidzie S\u0105deckim zacz\u0105\u0142em si\u0119 zastanawia\u0107, gdzie by si\u0119 tu wybra\u0107 nast\u0119pnym razem. Po g\u0142owie ca\u0142y czas chodzi\u0142y mi Tatry. Od dawna mam ju\u017c gotowych kilka scenariusz\u00f3w wyjazd\u00f3w, ale za ka\u017cdym razem, kt\u00f3ry\u015b element uk\u0142adanki nie pasuje i odk\u0142adam je na przysz\u0142o\u015b\u0107. Tym razem by\u0142o\" \/>\n<meta property=\"og:url\" content=\"https:\/\/gorskaprzygoda.pl\/index.php\/2016\/06\/01\/nizne-tatry-chabenec-utulnia-durkova\/\" \/>\n<meta property=\"og:site_name\" content=\"G\u00f3rska przygoda\" \/>\n<meta property=\"article:publisher\" content=\"https:\/\/www.facebook.com\/gorskaprzygoda\/\" \/>\n<meta property=\"article:author\" content=\"https:\/\/www.facebook.com\/gorskaprzygoda\/\" \/>\n<meta property=\"article:published_time\" content=\"2016-06-01T17:07:56+00:00\" \/>\n<meta property=\"article:modified_time\" content=\"2022-09-30T19:15:49+00:00\" \/>\n<meta property=\"og:image\" content=\"https:\/\/gorskaprzygoda.pl\/wp-content\/uploads\/2016\/06\/Ni\u017cne-Tatry-Chabenec-76.jpg\" \/>\n\t<meta property=\"og:image:width\" content=\"1920\" \/>\n\t<meta property=\"og:image:height\" content=\"1440\" \/>\n\t<meta property=\"og:image:type\" content=\"image\/jpeg\" \/>\n<meta name=\"author\" content=\"Tomek i Ela Wr\u00f3blewscy\" \/>\n<meta name=\"twitter:card\" content=\"summary_large_image\" \/>\n<meta name=\"twitter:label1\" content=\"Napisane przez\" \/>\n\t<meta name=\"twitter:data1\" content=\"Tomek i Ela Wr\u00f3blewscy\" \/>\n\t<meta name=\"twitter:label2\" content=\"Szacowany czas czytania\" \/>\n\t<meta name=\"twitter:data2\" content=\"7 minut\" \/>\n<script type=\"application\/ld+json\" class=\"yoast-schema-graph\">{\"@context\":\"https:\\\/\\\/schema.org\",\"@graph\":[{\"@type\":\"Article\",\"@id\":\"https:\\\/\\\/gorskaprzygoda.pl\\\/index.php\\\/2016\\\/06\\\/01\\\/nizne-tatry-chabenec-utulnia-durkova\\\/#article\",\"isPartOf\":{\"@id\":\"https:\\\/\\\/gorskaprzygoda.pl\\\/index.php\\\/2016\\\/06\\\/01\\\/nizne-tatry-chabenec-utulnia-durkova\\\/\"},\"author\":{\"name\":\"Tomek i Ela Wr\u00f3blewscy\",\"@id\":\"https:\\\/\\\/gorskaprzygoda.pl\\\/#\\\/schema\\\/person\\\/ab1152b79f3bb44e108f239508abc4d8\"},\"headline\":\"Ni\u017cne Tatry &#8211; Chabenec i utulnia Durkova\",\"datePublished\":\"2016-06-01T17:07:56+00:00\",\"dateModified\":\"2022-09-30T19:15:49+00:00\",\"mainEntityOfPage\":{\"@id\":\"https:\\\/\\\/gorskaprzygoda.pl\\\/index.php\\\/2016\\\/06\\\/01\\\/nizne-tatry-chabenec-utulnia-durkova\\\/\"},\"wordCount\":1371,\"commentCount\":0,\"image\":{\"@id\":\"https:\\\/\\\/gorskaprzygoda.pl\\\/index.php\\\/2016\\\/06\\\/01\\\/nizne-tatry-chabenec-utulnia-durkova\\\/#primaryimage\"},\"thumbnailUrl\":\"https:\\\/\\\/gorskaprzygoda.pl\\\/wp-content\\\/uploads\\\/2016\\\/06\\\/Ni\u017cne-Tatry-Chabenec-76.jpg\",\"keywords\":[\"Ni\u017cne Tatry\"],\"articleSection\":[\"Ni\u017cne Tatry\",\"S\u0142owacja\"],\"inLanguage\":\"pl-PL\",\"potentialAction\":[{\"@type\":\"CommentAction\",\"name\":\"Comment\",\"target\":[\"https:\\\/\\\/gorskaprzygoda.pl\\\/index.php\\\/2016\\\/06\\\/01\\\/nizne-tatry-chabenec-utulnia-durkova\\\/#respond\"]}]},{\"@type\":\"WebPage\",\"@id\":\"https:\\\/\\\/gorskaprzygoda.pl\\\/index.php\\\/2016\\\/06\\\/01\\\/nizne-tatry-chabenec-utulnia-durkova\\\/\",\"url\":\"https:\\\/\\\/gorskaprzygoda.pl\\\/index.php\\\/2016\\\/06\\\/01\\\/nizne-tatry-chabenec-utulnia-durkova\\\/\",\"name\":\"Ni\u017cne Tatry | Chabanec | Utulnia Durkova | G\u00f3rska przygoda\",\"isPartOf\":{\"@id\":\"https:\\\/\\\/gorskaprzygoda.pl\\\/#website\"},\"primaryImageOfPage\":{\"@id\":\"https:\\\/\\\/gorskaprzygoda.pl\\\/index.php\\\/2016\\\/06\\\/01\\\/nizne-tatry-chabenec-utulnia-durkova\\\/#primaryimage\"},\"image\":{\"@id\":\"https:\\\/\\\/gorskaprzygoda.pl\\\/index.php\\\/2016\\\/06\\\/01\\\/nizne-tatry-chabenec-utulnia-durkova\\\/#primaryimage\"},\"thumbnailUrl\":\"https:\\\/\\\/gorskaprzygoda.pl\\\/wp-content\\\/uploads\\\/2016\\\/06\\\/Ni\u017cne-Tatry-Chabenec-76.jpg\",\"datePublished\":\"2016-06-01T17:07:56+00:00\",\"dateModified\":\"2022-09-30T19:15:49+00:00\",\"author\":{\"@id\":\"https:\\\/\\\/gorskaprzygoda.pl\\\/#\\\/schema\\\/person\\\/ab1152b79f3bb44e108f239508abc4d8\"},\"breadcrumb\":{\"@id\":\"https:\\\/\\\/gorskaprzygoda.pl\\\/index.php\\\/2016\\\/06\\\/01\\\/nizne-tatry-chabenec-utulnia-durkova\\\/#breadcrumb\"},\"inLanguage\":\"pl-PL\",\"potentialAction\":[{\"@type\":\"ReadAction\",\"target\":[\"https:\\\/\\\/gorskaprzygoda.pl\\\/index.php\\\/2016\\\/06\\\/01\\\/nizne-tatry-chabenec-utulnia-durkova\\\/\"]}]},{\"@type\":\"ImageObject\",\"inLanguage\":\"pl-PL\",\"@id\":\"https:\\\/\\\/gorskaprzygoda.pl\\\/index.php\\\/2016\\\/06\\\/01\\\/nizne-tatry-chabenec-utulnia-durkova\\\/#primaryimage\",\"url\":\"https:\\\/\\\/gorskaprzygoda.pl\\\/wp-content\\\/uploads\\\/2016\\\/06\\\/Ni\u017cne-Tatry-Chabenec-76.jpg\",\"contentUrl\":\"https:\\\/\\\/gorskaprzygoda.pl\\\/wp-content\\\/uploads\\\/2016\\\/06\\\/Ni\u017cne-Tatry-Chabenec-76.jpg\",\"width\":1920,\"height\":1440,\"caption\":\"Ni\u017cne Tatry Chabenec\"},{\"@type\":\"BreadcrumbList\",\"@id\":\"https:\\\/\\\/gorskaprzygoda.pl\\\/index.php\\\/2016\\\/06\\\/01\\\/nizne-tatry-chabenec-utulnia-durkova\\\/#breadcrumb\",\"itemListElement\":[{\"@type\":\"ListItem\",\"position\":1,\"name\":\"Strona g\u0142\u00f3wna\",\"item\":\"https:\\\/\\\/gorskaprzygoda.pl\\\/\"},{\"@type\":\"ListItem\",\"position\":2,\"name\":\"Ni\u017cne Tatry &#8211; Chabenec i utulnia Durkova\"}]},{\"@type\":\"WebSite\",\"@id\":\"https:\\\/\\\/gorskaprzygoda.pl\\\/#website\",\"url\":\"https:\\\/\\\/gorskaprzygoda.pl\\\/\",\"name\":\"gorskaprzygoda.pl\",\"description\":\"w drodze na szczyt\",\"potentialAction\":[{\"@type\":\"SearchAction\",\"target\":{\"@type\":\"EntryPoint\",\"urlTemplate\":\"https:\\\/\\\/gorskaprzygoda.pl\\\/?s={search_term_string}\"},\"query-input\":{\"@type\":\"PropertyValueSpecification\",\"valueRequired\":true,\"valueName\":\"search_term_string\"}}],\"inLanguage\":\"pl-PL\"},{\"@type\":\"Person\",\"@id\":\"https:\\\/\\\/gorskaprzygoda.pl\\\/#\\\/schema\\\/person\\\/ab1152b79f3bb44e108f239508abc4d8\",\"name\":\"Tomek i Ela Wr\u00f3blewscy\",\"image\":{\"@type\":\"ImageObject\",\"inLanguage\":\"pl-PL\",\"@id\":\"https:\\\/\\\/secure.gravatar.com\\\/avatar\\\/c8b5c0e01dc987e9cba2639dd98d636b15fbae1a49f90bdb0d50574ca6509057?s=96&r=g\",\"url\":\"https:\\\/\\\/secure.gravatar.com\\\/avatar\\\/c8b5c0e01dc987e9cba2639dd98d636b15fbae1a49f90bdb0d50574ca6509057?s=96&r=g\",\"contentUrl\":\"https:\\\/\\\/secure.gravatar.com\\\/avatar\\\/c8b5c0e01dc987e9cba2639dd98d636b15fbae1a49f90bdb0d50574ca6509057?s=96&r=g\",\"caption\":\"Tomek i Ela Wr\u00f3blewscy\"},\"description\":\"Znajomi m\u00f3wi\u0105 o nas, \u017ce jeste\u015bmy najbardziej zbzikowanymi na punkcie g\u00f3r lud\u017ami jakich znaj\u0105. G\u00f3ry to miejsce, gdzie uciekamy, by prze\u017cy\u0107 kolejn\u0105 przygod\u0119, gdzie chcemy by\u0107 bli\u017cej przyrody i nas\u0142uchiwa\u0107 ciszy. No tak, ciekawe czy mo\u017cna us\u0142ysze\u0107 cisz\u0119? Ela ci\u0105gle pr\u00f3buje znale\u017a\u0107 odpowied\u017a na to nurtuj\u0105ce pytanie, a ja bez ko\u0144ca planuj\u0119 nasze kolejne wyprawy!\",\"sameAs\":[\"https:\\\/\\\/gorskaprzygoda.pl\\\/\",\"https:\\\/\\\/www.facebook.com\\\/gorskaprzygoda\\\/\",\"https:\\\/\\\/www.instagram.com\\\/gorskaprzygoda.pl\\\/\"]}]}<\/script>\n<!-- \/ Yoast SEO plugin. -->","yoast_head_json":{"title":"Ni\u017cne Tatry | Chabanec | Utulnia Durkova | G\u00f3rska przygoda","robots":{"index":"index","follow":"follow","max-snippet":"max-snippet:-1","max-image-preview":"max-image-preview:large","max-video-preview":"max-video-preview:-1"},"canonical":"https:\/\/gorskaprzygoda.pl\/index.php\/2016\/06\/01\/nizne-tatry-chabenec-utulnia-durkova\/","og_locale":"pl_PL","og_type":"article","og_title":"Ni\u017cne Tatry | Chabanec | Utulnia Durkova | G\u00f3rska przygoda","og_description":"Po powrocie z naszego ostatniego maj\u00f3wkowego w\u0119drowania po Gorcach, Pieninach i Beskidzie S\u0105deckim zacz\u0105\u0142em si\u0119 zastanawia\u0107, gdzie by si\u0119 tu wybra\u0107 nast\u0119pnym razem. Po g\u0142owie ca\u0142y czas chodzi\u0142y mi Tatry. Od dawna mam ju\u017c gotowych kilka scenariusz\u00f3w wyjazd\u00f3w, ale za ka\u017cdym razem, kt\u00f3ry\u015b element uk\u0142adanki nie pasuje i odk\u0142adam je na przysz\u0142o\u015b\u0107. Tym razem by\u0142o","og_url":"https:\/\/gorskaprzygoda.pl\/index.php\/2016\/06\/01\/nizne-tatry-chabenec-utulnia-durkova\/","og_site_name":"G\u00f3rska przygoda","article_publisher":"https:\/\/www.facebook.com\/gorskaprzygoda\/","article_author":"https:\/\/www.facebook.com\/gorskaprzygoda\/","article_published_time":"2016-06-01T17:07:56+00:00","article_modified_time":"2022-09-30T19:15:49+00:00","og_image":[{"width":1920,"height":1440,"url":"https:\/\/gorskaprzygoda.pl\/wp-content\/uploads\/2016\/06\/Ni\u017cne-Tatry-Chabenec-76.jpg","type":"image\/jpeg"}],"author":"Tomek i Ela Wr\u00f3blewscy","twitter_card":"summary_large_image","twitter_misc":{"Napisane przez":"Tomek i Ela Wr\u00f3blewscy","Szacowany czas czytania":"7 minut"},"schema":{"@context":"https:\/\/schema.org","@graph":[{"@type":"Article","@id":"https:\/\/gorskaprzygoda.pl\/index.php\/2016\/06\/01\/nizne-tatry-chabenec-utulnia-durkova\/#article","isPartOf":{"@id":"https:\/\/gorskaprzygoda.pl\/index.php\/2016\/06\/01\/nizne-tatry-chabenec-utulnia-durkova\/"},"author":{"name":"Tomek i Ela Wr\u00f3blewscy","@id":"https:\/\/gorskaprzygoda.pl\/#\/schema\/person\/ab1152b79f3bb44e108f239508abc4d8"},"headline":"Ni\u017cne Tatry &#8211; Chabenec i utulnia Durkova","datePublished":"2016-06-01T17:07:56+00:00","dateModified":"2022-09-30T19:15:49+00:00","mainEntityOfPage":{"@id":"https:\/\/gorskaprzygoda.pl\/index.php\/2016\/06\/01\/nizne-tatry-chabenec-utulnia-durkova\/"},"wordCount":1371,"commentCount":0,"image":{"@id":"https:\/\/gorskaprzygoda.pl\/index.php\/2016\/06\/01\/nizne-tatry-chabenec-utulnia-durkova\/#primaryimage"},"thumbnailUrl":"https:\/\/gorskaprzygoda.pl\/wp-content\/uploads\/2016\/06\/Ni\u017cne-Tatry-Chabenec-76.jpg","keywords":["Ni\u017cne Tatry"],"articleSection":["Ni\u017cne Tatry","S\u0142owacja"],"inLanguage":"pl-PL","potentialAction":[{"@type":"CommentAction","name":"Comment","target":["https:\/\/gorskaprzygoda.pl\/index.php\/2016\/06\/01\/nizne-tatry-chabenec-utulnia-durkova\/#respond"]}]},{"@type":"WebPage","@id":"https:\/\/gorskaprzygoda.pl\/index.php\/2016\/06\/01\/nizne-tatry-chabenec-utulnia-durkova\/","url":"https:\/\/gorskaprzygoda.pl\/index.php\/2016\/06\/01\/nizne-tatry-chabenec-utulnia-durkova\/","name":"Ni\u017cne Tatry | Chabanec | Utulnia Durkova | G\u00f3rska przygoda","isPartOf":{"@id":"https:\/\/gorskaprzygoda.pl\/#website"},"primaryImageOfPage":{"@id":"https:\/\/gorskaprzygoda.pl\/index.php\/2016\/06\/01\/nizne-tatry-chabenec-utulnia-durkova\/#primaryimage"},"image":{"@id":"https:\/\/gorskaprzygoda.pl\/index.php\/2016\/06\/01\/nizne-tatry-chabenec-utulnia-durkova\/#primaryimage"},"thumbnailUrl":"https:\/\/gorskaprzygoda.pl\/wp-content\/uploads\/2016\/06\/Ni\u017cne-Tatry-Chabenec-76.jpg","datePublished":"2016-06-01T17:07:56+00:00","dateModified":"2022-09-30T19:15:49+00:00","author":{"@id":"https:\/\/gorskaprzygoda.pl\/#\/schema\/person\/ab1152b79f3bb44e108f239508abc4d8"},"breadcrumb":{"@id":"https:\/\/gorskaprzygoda.pl\/index.php\/2016\/06\/01\/nizne-tatry-chabenec-utulnia-durkova\/#breadcrumb"},"inLanguage":"pl-PL","potentialAction":[{"@type":"ReadAction","target":["https:\/\/gorskaprzygoda.pl\/index.php\/2016\/06\/01\/nizne-tatry-chabenec-utulnia-durkova\/"]}]},{"@type":"ImageObject","inLanguage":"pl-PL","@id":"https:\/\/gorskaprzygoda.pl\/index.php\/2016\/06\/01\/nizne-tatry-chabenec-utulnia-durkova\/#primaryimage","url":"https:\/\/gorskaprzygoda.pl\/wp-content\/uploads\/2016\/06\/Ni\u017cne-Tatry-Chabenec-76.jpg","contentUrl":"https:\/\/gorskaprzygoda.pl\/wp-content\/uploads\/2016\/06\/Ni\u017cne-Tatry-Chabenec-76.jpg","width":1920,"height":1440,"caption":"Ni\u017cne Tatry Chabenec"},{"@type":"BreadcrumbList","@id":"https:\/\/gorskaprzygoda.pl\/index.php\/2016\/06\/01\/nizne-tatry-chabenec-utulnia-durkova\/#breadcrumb","itemListElement":[{"@type":"ListItem","position":1,"name":"Strona g\u0142\u00f3wna","item":"https:\/\/gorskaprzygoda.pl\/"},{"@type":"ListItem","position":2,"name":"Ni\u017cne Tatry &#8211; Chabenec i utulnia Durkova"}]},{"@type":"WebSite","@id":"https:\/\/gorskaprzygoda.pl\/#website","url":"https:\/\/gorskaprzygoda.pl\/","name":"gorskaprzygoda.pl","description":"w drodze na szczyt","potentialAction":[{"@type":"SearchAction","target":{"@type":"EntryPoint","urlTemplate":"https:\/\/gorskaprzygoda.pl\/?s={search_term_string}"},"query-input":{"@type":"PropertyValueSpecification","valueRequired":true,"valueName":"search_term_string"}}],"inLanguage":"pl-PL"},{"@type":"Person","@id":"https:\/\/gorskaprzygoda.pl\/#\/schema\/person\/ab1152b79f3bb44e108f239508abc4d8","name":"Tomek i Ela Wr\u00f3blewscy","image":{"@type":"ImageObject","inLanguage":"pl-PL","@id":"https:\/\/secure.gravatar.com\/avatar\/c8b5c0e01dc987e9cba2639dd98d636b15fbae1a49f90bdb0d50574ca6509057?s=96&r=g","url":"https:\/\/secure.gravatar.com\/avatar\/c8b5c0e01dc987e9cba2639dd98d636b15fbae1a49f90bdb0d50574ca6509057?s=96&r=g","contentUrl":"https:\/\/secure.gravatar.com\/avatar\/c8b5c0e01dc987e9cba2639dd98d636b15fbae1a49f90bdb0d50574ca6509057?s=96&r=g","caption":"Tomek i Ela Wr\u00f3blewscy"},"description":"Znajomi m\u00f3wi\u0105 o nas, \u017ce jeste\u015bmy najbardziej zbzikowanymi na punkcie g\u00f3r lud\u017ami jakich znaj\u0105. G\u00f3ry to miejsce, gdzie uciekamy, by prze\u017cy\u0107 kolejn\u0105 przygod\u0119, gdzie chcemy by\u0107 bli\u017cej przyrody i nas\u0142uchiwa\u0107 ciszy. No tak, ciekawe czy mo\u017cna us\u0142ysze\u0107 cisz\u0119? Ela ci\u0105gle pr\u00f3buje znale\u017a\u0107 odpowied\u017a na to nurtuj\u0105ce pytanie, a ja bez ko\u0144ca planuj\u0119 nasze kolejne wyprawy!","sameAs":["https:\/\/gorskaprzygoda.pl\/","https:\/\/www.facebook.com\/gorskaprzygoda\/","https:\/\/www.instagram.com\/gorskaprzygoda.pl\/"]}]}},"jetpack_publicize_connections":[],"jetpack_featured_media_url":"https:\/\/gorskaprzygoda.pl\/wp-content\/uploads\/2016\/06\/Ni\u017cne-Tatry-Chabenec-76.jpg","jetpack_sharing_enabled":true,"jetpack_shortlink":"https:\/\/wp.me\/pawaOI-aq","_links":{"self":[{"href":"https:\/\/gorskaprzygoda.pl\/index.php\/wp-json\/wp\/v2\/posts\/646","targetHints":{"allow":["GET"]}}],"collection":[{"href":"https:\/\/gorskaprzygoda.pl\/index.php\/wp-json\/wp\/v2\/posts"}],"about":[{"href":"https:\/\/gorskaprzygoda.pl\/index.php\/wp-json\/wp\/v2\/types\/post"}],"author":[{"embeddable":true,"href":"https:\/\/gorskaprzygoda.pl\/index.php\/wp-json\/wp\/v2\/users\/1"}],"replies":[{"embeddable":true,"href":"https:\/\/gorskaprzygoda.pl\/index.php\/wp-json\/wp\/v2\/comments?post=646"}],"version-history":[{"count":6,"href":"https:\/\/gorskaprzygoda.pl\/index.php\/wp-json\/wp\/v2\/posts\/646\/revisions"}],"predecessor-version":[{"id":4385,"href":"https:\/\/gorskaprzygoda.pl\/index.php\/wp-json\/wp\/v2\/posts\/646\/revisions\/4385"}],"wp:featuredmedia":[{"embeddable":true,"href":"https:\/\/gorskaprzygoda.pl\/index.php\/wp-json\/wp\/v2\/media\/3410"}],"wp:attachment":[{"href":"https:\/\/gorskaprzygoda.pl\/index.php\/wp-json\/wp\/v2\/media?parent=646"}],"wp:term":[{"taxonomy":"category","embeddable":true,"href":"https:\/\/gorskaprzygoda.pl\/index.php\/wp-json\/wp\/v2\/categories?post=646"},{"taxonomy":"post_tag","embeddable":true,"href":"https:\/\/gorskaprzygoda.pl\/index.php\/wp-json\/wp\/v2\/tags?post=646"}],"curies":[{"name":"wp","href":"https:\/\/api.w.org\/{rel}","templated":true}]}}