{"id":1668,"date":"2017-11-25T12:04:27","date_gmt":"2017-11-25T11:04:27","guid":{"rendered":"http:\/\/gorskaprzygoda.blog.pl\/?p=1668"},"modified":"2021-07-26T19:14:11","modified_gmt":"2021-07-26T17:14:11","slug":"wejscie-na-midzur-najwyzszy-szczyt-serbii-stara-planina","status":"publish","type":"post","link":"https:\/\/gorskaprzygoda.pl\/index.php\/2017\/11\/25\/wejscie-na-midzur-najwyzszy-szczyt-serbii-stara-planina\/","title":{"rendered":"Mid\u017cur &#8211; najwy\u017cszy szczyt Serbii"},"content":{"rendered":"\n<p>Niestety wszystko co dobre kiedy\u015b si\u0119 ko\u0144czy. Tak te\u017c by\u0142o i z naszym ba\u0142ka\u0144skim tourn\u00e9e. Przez ostatnie kilkana\u015bcie dni oddalali\u015bmy si\u0119 od domu coraz bardziej na po\u0142udnie. Po zdobyciu <a href=\"https:\/\/gorskaprzygoda.pl\/index.php\/2017\/11\/14\/korab-wejscie-na-najwyzszy-szczyt-albanii-i-macedonii\/\"><b>Maja e Korabit<\/b><\/a> dotarli\u015bmy do Macedonii, gdzie w ko\u0144cu odbili\u015bmy z powrotem na p\u00f3\u0142noc. Od domu dzieli\u0142o nas ponad 1500 km i trudno by\u0142o tak\u0105 tras\u0119 pokona\u0107 w jednym ci\u0105gu. Postanowili\u015bmy to wykorzysta\u0107 i w drodze powrotnej zrobi\u0107 sobie przystanek, aby zdoby\u0107 jeszcze jeden szczyt zaliczany do <strong><a href=\"https:\/\/gorskaprzygoda.pl\/index.php\/category\/korona-europy\/\">korony Europy.<\/a><\/strong> Nasz ostatni g\u00f3rski spacer to wej\u015bcie na <strong>Mid\u017cur<\/strong> w Serbii.<\/p>\n\n\n\n<div class=\"wp-block-image\"><figure class=\"aligncenter\"><img loading=\"lazy\" decoding=\"async\" width=\"1920\" height=\"1423\" src=\"https:\/\/gorskaprzygoda.pl\/wp-content\/uploads\/2017\/11\/midzur_stara-planina_serbia-0.jpg\" alt=\"\" class=\"wp-image-2209\" srcset=\"https:\/\/gorskaprzygoda.pl\/wp-content\/uploads\/2017\/11\/midzur_stara-planina_serbia-0.jpg 1920w, https:\/\/gorskaprzygoda.pl\/wp-content\/uploads\/2017\/11\/midzur_stara-planina_serbia-0-300x222.jpg 300w, https:\/\/gorskaprzygoda.pl\/wp-content\/uploads\/2017\/11\/midzur_stara-planina_serbia-0-768x569.jpg 768w, https:\/\/gorskaprzygoda.pl\/wp-content\/uploads\/2017\/11\/midzur_stara-planina_serbia-0-1024x759.jpg 1024w\" sizes=\"auto, (max-width: 1920px) 100vw, 1920px\" \/><\/figure><\/div>\n\n\n\n<p>Po nocy sp\u0119dzonej nad malowniczym <strong>jeziorem Ochrydzkim<\/strong> wczesnym rankiem ruszyli\u015bmy w stron\u0119 Serbii. To w\u0142a\u015bnie tam mia\u0142 rozegra\u0107 si\u0119 ostatni g\u00f3rski akt ba\u0142ka\u0144skiego tripu. Po rozpadzie dawnej Jugos\u0142awii najwy\u017cszym szczytem Serbii jest <strong>Mid\u017cur<\/strong> po\u0142o\u017cony na granicy serbsko-bu\u0142garskiej w pa\u015bmie <strong>Starej P\u0142aniny<\/strong>. Ze swoimi <strong>2169 m n.p.m<\/strong> nie nale\u017cy do grona najwybitniejszych wierzcho\u0142k\u00f3w Starego Kontynentu, ale warto odwiedzi\u0107 jego rejony dla malowniczej rze\u017aby g\u00f3r <strong>Starej P\u0142aniny<\/strong>. Mi osobi\u015bcie bardzo przypomina\u0142a nasze Bieszczady wi\u0119c mo\u017ce by tak rzuci\u0107 wszystko i wyjecha\u0107 w Star\u0105 P\u0142anin\u0119? \ud83d\ude1b<\/p>\n\n\n\n<div class=\"wp-block-image\"><figure class=\"aligncenter\"><img loading=\"lazy\" decoding=\"async\" width=\"1920\" height=\"1424\" src=\"https:\/\/gorskaprzygoda.pl\/wp-content\/uploads\/2017\/11\/midzur_stara-planina_serbia-1.jpg\" alt=\"\" class=\"wp-image-2210\" srcset=\"https:\/\/gorskaprzygoda.pl\/wp-content\/uploads\/2017\/11\/midzur_stara-planina_serbia-1.jpg 1920w, https:\/\/gorskaprzygoda.pl\/wp-content\/uploads\/2017\/11\/midzur_stara-planina_serbia-1-300x223.jpg 300w, https:\/\/gorskaprzygoda.pl\/wp-content\/uploads\/2017\/11\/midzur_stara-planina_serbia-1-768x570.jpg 768w, https:\/\/gorskaprzygoda.pl\/wp-content\/uploads\/2017\/11\/midzur_stara-planina_serbia-1-1024x759.jpg 1024w\" sizes=\"auto, (max-width: 1920px) 100vw, 1920px\" \/><\/figure><\/div>\n\n\n\n<div class=\"wp-block-image\"><figure class=\"aligncenter\"><img loading=\"lazy\" decoding=\"async\" width=\"1920\" height=\"1424\" src=\"https:\/\/gorskaprzygoda.pl\/wp-content\/uploads\/2017\/11\/midzur_stara-planina_serbia-2.jpg\" alt=\"\" class=\"wp-image-2211\" srcset=\"https:\/\/gorskaprzygoda.pl\/wp-content\/uploads\/2017\/11\/midzur_stara-planina_serbia-2.jpg 1920w, https:\/\/gorskaprzygoda.pl\/wp-content\/uploads\/2017\/11\/midzur_stara-planina_serbia-2-300x223.jpg 300w, https:\/\/gorskaprzygoda.pl\/wp-content\/uploads\/2017\/11\/midzur_stara-planina_serbia-2-768x570.jpg 768w, https:\/\/gorskaprzygoda.pl\/wp-content\/uploads\/2017\/11\/midzur_stara-planina_serbia-2-1024x759.jpg 1024w\" sizes=\"auto, (max-width: 1920px) 100vw, 1920px\" \/><\/figure><\/div>\n\n\n\n<p>Pod <strong>Mid\u017cur<\/strong> dotarli\u015bmy po po\u0142udniu po drodze pe\u0142nej przyg\u00f3d. O ma\u0142y w\u0142os po\u015brodku niczego zabrak\u0142oby nam paliwa, a do najbli\u017cszej stacji mieliby\u015bmy jakie\u015b 30-40 km. Ojj, czeka\u0142by nas d\u0142ugi spacer \ud83d\ude00 Na szcz\u0119\u015bcie w por\u0119 zadzia\u0142ali\u015bmy i zaliczaj\u0105c trzygodzinne op\u00f3\u017anienie zameldowali\u015bmy si\u0119 pod schroniskiem g\u00f3rskim <strong>Babin Zub<\/strong>. Znajduje si\u0119 ono na wysoko\u015bci 1580 m wi\u0119c do szczytu pozosta\u0142o nam ju\u017c tak naprawd\u0119 niewiele. Wiedzia\u0142em, \u017ce wej\u015bcie na wierzcho\u0142ek <strong>Mid\u017cura<\/strong> to w zasadzie spacerek i czysta przyjemno\u015b\u0107 wi\u0119c spokojnie mogli\u015bmy sobie pozwoli\u0107 na tak p\u00f3\u017ane wyj\u015bcie. Sytuacja uleg\u0142a nieco zmianie na miejscu.<\/p>\n\n\n\n<p>Ot\u00f3\u017c nieopodal schroniska znajduje si\u0119 tak\u017ce restauracja przy g\u00f3rnej stacji wyci\u0105gu narciarskiego. Mieli\u015bmy nadziej\u0119, \u017ce b\u0119dzie ona otwarta tak\u017ce, kiedy wr\u00f3cimy po zdobyciu <strong>Mid\u017cura,<\/strong> \u017ceby piwkiem uczci\u0107 sukces i zako\u0144czenie wyprawy. Dowiedzieli\u015bmy si\u0119, \u017ce knajpa b\u0119dzie otwarta mniej wi\u0119cej do 19.30, mo\u017ce do 20.00. No i sprawa si\u0119 ryp\u0142a. Na zegarku widnia\u0142a godzina 16:20, a pierwotny plan zak\u0142ada\u0142 wej\u015bcie i zej\u015bcie na spokojnie, bez po\u015bpiechu w czasie ok. 4 h 30 min. Wniosek: nie zd\u0105\u017cymy przed zamkni\u0119ciem! Ale jak to? Nie b\u0119dzie tryumfalnego piwka?! Tak by\u0107 nie mog\u0142o wi\u0119c postanowili\u015bmy wzi\u0105\u0107 spraw\u0119 w swoje r\u0119ce, a w\u0142a\u015bciwie to nogi i przyspieszy\u0107 wej\u015bcie i zej\u015bcie z <strong>Mid\u017cura<\/strong> do maksimum. W zasadzie to powinienem w tym miejscu za\u0142o\u017cy\u0107 na blogu now\u0105 kategori\u0119: biegi g\u00f3rskie!<\/p>\n\n\n\n<div class=\"wp-block-image\"><figure class=\"aligncenter\"><img loading=\"lazy\" decoding=\"async\" width=\"1920\" height=\"1424\" src=\"https:\/\/gorskaprzygoda.pl\/wp-content\/uploads\/2017\/11\/midzur_stara-planina_serbia-3.jpg\" alt=\"\" class=\"wp-image-2212\" srcset=\"https:\/\/gorskaprzygoda.pl\/wp-content\/uploads\/2017\/11\/midzur_stara-planina_serbia-3.jpg 1920w, https:\/\/gorskaprzygoda.pl\/wp-content\/uploads\/2017\/11\/midzur_stara-planina_serbia-3-300x223.jpg 300w, https:\/\/gorskaprzygoda.pl\/wp-content\/uploads\/2017\/11\/midzur_stara-planina_serbia-3-768x570.jpg 768w, https:\/\/gorskaprzygoda.pl\/wp-content\/uploads\/2017\/11\/midzur_stara-planina_serbia-3-1024x759.jpg 1024w\" sizes=\"auto, (max-width: 1920px) 100vw, 1920px\" \/><\/figure><\/div>\n\n\n\n<div class=\"wp-block-image\"><figure class=\"aligncenter\"><img loading=\"lazy\" decoding=\"async\" width=\"1920\" height=\"1424\" src=\"https:\/\/gorskaprzygoda.pl\/wp-content\/uploads\/2017\/11\/midzur_stara-planina_serbia-4.jpg\" alt=\"\" class=\"wp-image-2213\" srcset=\"https:\/\/gorskaprzygoda.pl\/wp-content\/uploads\/2017\/11\/midzur_stara-planina_serbia-4.jpg 1920w, https:\/\/gorskaprzygoda.pl\/wp-content\/uploads\/2017\/11\/midzur_stara-planina_serbia-4-300x223.jpg 300w, https:\/\/gorskaprzygoda.pl\/wp-content\/uploads\/2017\/11\/midzur_stara-planina_serbia-4-768x570.jpg 768w, https:\/\/gorskaprzygoda.pl\/wp-content\/uploads\/2017\/11\/midzur_stara-planina_serbia-4-1024x759.jpg 1024w\" sizes=\"auto, (max-width: 1920px) 100vw, 1920px\" \/><\/figure><\/div>\n\n\n\n<p>Ela id\u0105c na lekko wystrzeli\u0142a jak z procy i podobnie jak w czasie treku na <a href=\"https:\/\/gorskaprzygoda.pl\/index.php\/2017\/11\/05\/dolina-grbaje-maja-vajushes-i-maja-popadija\/\"><b>Maja Popadija<\/b><\/a> musia\u0142em za ni\u0105 goni\u0107. Z reszt\u0105 Ela zawsze tak reaguje, kiedy na horyzoncie pojawia si\u0119 zach\u0119ta w postaci piwa \ud83d\ude1b Mimo, \u017ce na pierwszy rzut oka <strong>Mid\u017cur<\/strong> wygl\u0105da dosy\u0107 niepozornie to pocz\u0105tkowy fragment szlaku wydaje si\u0119 temu przeczy\u0107. Wszystkiemu winna by\u0142a <strong>Zarkova \u010cuka<\/strong>, kt\u00f3ra jako pierwsza pojawi\u0142a si\u0119 na naszej drodze. Na szcz\u0119\u015bcie wej\u015bcie na ten szczyt jest nieobowi\u0105zkowe, a szlak ostatecznie biegnie nieco poni\u017cej jej wierzcho\u0142ka. Biegli\u015bmy te\u017c i my! Bieganie z du\u017cym plecakiem nie nale\u017cy do najprzyjemniejszych, a zjedzony kilka chwil przed startem obiad r\u00f3wnie\u017c nie uk\u0142ada\u0142 si\u0119 zbyt dobrze. Tak wi\u0119c nasze wej\u015bcie mia\u0142o charakter mocno interwa\u0142owy. Kilkadziesi\u0105t metr\u00f3w podbiegu, trzy g\u0142\u0119bsze oddechy, kilka spokojnych krok\u00f3w i zn\u00f3w zryw do biegu.<\/p>\n\n\n\n<div class=\"wp-block-image\"><figure class=\"aligncenter\"><img loading=\"lazy\" decoding=\"async\" width=\"1920\" height=\"681\" src=\"https:\/\/gorskaprzygoda.pl\/wp-content\/uploads\/2017\/11\/midzur_stara-planina_serbia-6.jpg\" alt=\"\" class=\"wp-image-2215\" srcset=\"https:\/\/gorskaprzygoda.pl\/wp-content\/uploads\/2017\/11\/midzur_stara-planina_serbia-6.jpg 1920w, https:\/\/gorskaprzygoda.pl\/wp-content\/uploads\/2017\/11\/midzur_stara-planina_serbia-6-300x106.jpg 300w, https:\/\/gorskaprzygoda.pl\/wp-content\/uploads\/2017\/11\/midzur_stara-planina_serbia-6-768x272.jpg 768w, https:\/\/gorskaprzygoda.pl\/wp-content\/uploads\/2017\/11\/midzur_stara-planina_serbia-6-1024x363.jpg 1024w\" sizes=\"auto, (max-width: 1920px) 100vw, 1920px\" \/><\/figure><\/div>\n\n\n\n<div class=\"wp-block-image\"><figure class=\"aligncenter\"><img loading=\"lazy\" decoding=\"async\" width=\"1920\" height=\"1424\" src=\"https:\/\/gorskaprzygoda.pl\/wp-content\/uploads\/2017\/11\/midzur_stara-planina_serbia-5.jpg\" alt=\"\" class=\"wp-image-2214\" srcset=\"https:\/\/gorskaprzygoda.pl\/wp-content\/uploads\/2017\/11\/midzur_stara-planina_serbia-5.jpg 1920w, https:\/\/gorskaprzygoda.pl\/wp-content\/uploads\/2017\/11\/midzur_stara-planina_serbia-5-300x223.jpg 300w, https:\/\/gorskaprzygoda.pl\/wp-content\/uploads\/2017\/11\/midzur_stara-planina_serbia-5-768x570.jpg 768w, https:\/\/gorskaprzygoda.pl\/wp-content\/uploads\/2017\/11\/midzur_stara-planina_serbia-5-1024x759.jpg 1024w\" sizes=\"auto, (max-width: 1920px) 100vw, 1920px\" \/><\/figure><\/div>\n\n\n\n<div class=\"wp-block-image\"><figure class=\"aligncenter\"><img loading=\"lazy\" decoding=\"async\" width=\"1920\" height=\"1424\" src=\"https:\/\/gorskaprzygoda.pl\/wp-content\/uploads\/2017\/11\/midzur_stara-planina_serbia-8.jpg\" alt=\"\" class=\"wp-image-2217\" srcset=\"https:\/\/gorskaprzygoda.pl\/wp-content\/uploads\/2017\/11\/midzur_stara-planina_serbia-8.jpg 1920w, https:\/\/gorskaprzygoda.pl\/wp-content\/uploads\/2017\/11\/midzur_stara-planina_serbia-8-300x223.jpg 300w, https:\/\/gorskaprzygoda.pl\/wp-content\/uploads\/2017\/11\/midzur_stara-planina_serbia-8-768x570.jpg 768w, https:\/\/gorskaprzygoda.pl\/wp-content\/uploads\/2017\/11\/midzur_stara-planina_serbia-8-1024x759.jpg 1024w\" sizes=\"auto, (max-width: 1920px) 100vw, 1920px\" \/><\/figure><\/div>\n\n\n\n<p>Drog\u0119 na szczyt odmierza\u0142y nam napotykane co kawa\u0142ek tabliczki z podan\u0105 odleg\u0142o\u015bci\u0105 jaka pozosta\u0142a do pokonania. Im bli\u017cej znajdowali\u015bmy si\u0119 wierzcho\u0142ka tym cz\u0119\u015bciej zatrzymywali\u015bmy si\u0119, aby podziwia\u0107 rozci\u0105gaj\u0105c\u0105 si\u0119 panoram\u0119. \u017beby\u015bcie sobie nie pomy\u015bleli przypadkiem, \u017ce to przez brak formy \ud83d\ude1b Naprawd\u0119 by\u0142o co ogl\u0105da\u0107! Tu\u017c przed szczytem, zamiast mie\u0107 ju\u017c z g\u00f3rki musieli\u015bmy jeszcze bardziej napr\u0119\u017cy\u0107 mi\u0119\u015bnie \u0142ydek, bo by\u0142o jeszcze bardziej stromo. Pojechali w g\u00f3ry i si\u0119 dziwi\u0105, \u017ce pod g\u00f3rk\u0119, co? Amatorzy \ud83d\ude42<\/p>\n\n\n\n<div class=\"wp-block-image\"><figure class=\"aligncenter\"><img loading=\"lazy\" decoding=\"async\" width=\"1068\" height=\"1440\" src=\"https:\/\/gorskaprzygoda.pl\/wp-content\/uploads\/2017\/11\/midzur_stara-planina_serbia-14.jpg\" alt=\"\" class=\"wp-image-2218\" srcset=\"https:\/\/gorskaprzygoda.pl\/wp-content\/uploads\/2017\/11\/midzur_stara-planina_serbia-14.jpg 1068w, https:\/\/gorskaprzygoda.pl\/wp-content\/uploads\/2017\/11\/midzur_stara-planina_serbia-14-223x300.jpg 223w, https:\/\/gorskaprzygoda.pl\/wp-content\/uploads\/2017\/11\/midzur_stara-planina_serbia-14-768x1036.jpg 768w, https:\/\/gorskaprzygoda.pl\/wp-content\/uploads\/2017\/11\/midzur_stara-planina_serbia-14-759x1024.jpg 759w\" sizes=\"auto, (max-width: 1068px) 100vw, 1068px\" \/><\/figure><\/div>\n\n\n\n<div class=\"wp-block-image\"><figure class=\"aligncenter\"><img loading=\"lazy\" decoding=\"async\" width=\"1920\" height=\"1424\" src=\"https:\/\/gorskaprzygoda.pl\/wp-content\/uploads\/2017\/11\/midzur_stara-planina_serbia-16.jpg\" alt=\"\" class=\"wp-image-2219\" srcset=\"https:\/\/gorskaprzygoda.pl\/wp-content\/uploads\/2017\/11\/midzur_stara-planina_serbia-16.jpg 1920w, https:\/\/gorskaprzygoda.pl\/wp-content\/uploads\/2017\/11\/midzur_stara-planina_serbia-16-300x223.jpg 300w, https:\/\/gorskaprzygoda.pl\/wp-content\/uploads\/2017\/11\/midzur_stara-planina_serbia-16-768x570.jpg 768w, https:\/\/gorskaprzygoda.pl\/wp-content\/uploads\/2017\/11\/midzur_stara-planina_serbia-16-1024x759.jpg 1024w\" sizes=\"auto, (max-width: 1920px) 100vw, 1920px\" \/><\/figure><\/div>\n\n\n\n<p>Na <strong>Mid\u017cur<\/strong> uda\u0142o nam si\u0119 wbiec w czasie 1h 40min. Chyba nie tak \u017ale jak na 7,7 km i 730 m przewy\u017cszenia. Na szczycie sp\u0119dzili\u015bmy kr\u00f3tk\u0105 chwil\u0119 podziwiaj\u0105c widoki i ciesz\u0105c si\u0119 ze zdobycia kolejnego kamyczka do <strong><a href=\"https:\/\/gorskaprzygoda.pl\/index.php\/category\/korona-europy\/\">korony Europy<\/a><\/strong>. Widoki by\u0142y zacne, a chyl\u0105ce si\u0119 ju\u017c ku zachodowi s\u0142o\u0144ce wraz z chmurami stworzy\u0142o wspania\u0142e widowisko. Jak cudowne? O tym za chwil\u0119. Du\u017ce wra\u017cenie zrobi\u0142 na mnie r\u00f3wnie\u017c widok na bu\u0142garsk\u0105 stron\u0119, poniewa\u017c opadaj\u0105ce w d\u00f3\u0142 zbocza <strong>Starej P\u0142aniny<\/strong> ko\u0144czy\u0142y si\u0119 w pewnym momencie, a dalej po horyzont rozci\u0105ga\u0142y si\u0119 p\u0142askie i r\u00f3wne jak st\u00f3\u0142 pola, niczym kolorowa szachownica.<\/p>\n\n\n\n<div class=\"wp-block-image\"><figure class=\"aligncenter\"><img loading=\"lazy\" decoding=\"async\" width=\"1920\" height=\"1424\" src=\"https:\/\/gorskaprzygoda.pl\/wp-content\/uploads\/2017\/11\/midzur_stara-planina_serbia-21.jpg\" alt=\"Mid\u017cur! Ostatni szczyt podczas Balkan Trip 2017\" class=\"wp-image-2221\" srcset=\"https:\/\/gorskaprzygoda.pl\/wp-content\/uploads\/2017\/11\/midzur_stara-planina_serbia-21.jpg 1920w, https:\/\/gorskaprzygoda.pl\/wp-content\/uploads\/2017\/11\/midzur_stara-planina_serbia-21-300x223.jpg 300w, https:\/\/gorskaprzygoda.pl\/wp-content\/uploads\/2017\/11\/midzur_stara-planina_serbia-21-768x570.jpg 768w, https:\/\/gorskaprzygoda.pl\/wp-content\/uploads\/2017\/11\/midzur_stara-planina_serbia-21-1024x759.jpg 1024w\" sizes=\"auto, (max-width: 1920px) 100vw, 1920px\" \/><\/figure><\/div>\n\n\n\n<div class=\"wp-block-image\"><figure class=\"aligncenter\"><img loading=\"lazy\" decoding=\"async\" width=\"1920\" height=\"1424\" src=\"https:\/\/gorskaprzygoda.pl\/wp-content\/uploads\/2017\/11\/midzur_stara-planina_serbia-19.jpg\" alt=\"\" class=\"wp-image-2220\" srcset=\"https:\/\/gorskaprzygoda.pl\/wp-content\/uploads\/2017\/11\/midzur_stara-planina_serbia-19.jpg 1920w, https:\/\/gorskaprzygoda.pl\/wp-content\/uploads\/2017\/11\/midzur_stara-planina_serbia-19-300x223.jpg 300w, https:\/\/gorskaprzygoda.pl\/wp-content\/uploads\/2017\/11\/midzur_stara-planina_serbia-19-768x570.jpg 768w, https:\/\/gorskaprzygoda.pl\/wp-content\/uploads\/2017\/11\/midzur_stara-planina_serbia-19-1024x759.jpg 1024w\" sizes=\"auto, (max-width: 1920px) 100vw, 1920px\" \/><\/figure><\/div>\n\n\n\n<div class=\"wp-block-image\"><figure class=\"aligncenter\"><img loading=\"lazy\" decoding=\"async\" width=\"1920\" height=\"1424\" src=\"https:\/\/gorskaprzygoda.pl\/wp-content\/uploads\/2017\/11\/midzur_stara-planina_serbia-22.jpg\" alt=\"\" class=\"wp-image-2222\" srcset=\"https:\/\/gorskaprzygoda.pl\/wp-content\/uploads\/2017\/11\/midzur_stara-planina_serbia-22.jpg 1920w, https:\/\/gorskaprzygoda.pl\/wp-content\/uploads\/2017\/11\/midzur_stara-planina_serbia-22-300x223.jpg 300w, https:\/\/gorskaprzygoda.pl\/wp-content\/uploads\/2017\/11\/midzur_stara-planina_serbia-22-768x570.jpg 768w, https:\/\/gorskaprzygoda.pl\/wp-content\/uploads\/2017\/11\/midzur_stara-planina_serbia-22-1024x759.jpg 1024w\" sizes=\"auto, (max-width: 1920px) 100vw, 1920px\" \/><\/figure><\/div>\n\n\n\n<p>W lekkiej zadumie zacz\u0119li\u015bmy schodzi\u0107, tfu\u2026 tfu\u2026 zbiega\u0107 z powrotem. W ko\u0144cu chcieli\u015bmy zd\u0105\u017cy\u0107 na piwo, a by\u0142bym wielce niepocieszony, gdyby trud zdobycia <strong>Mid\u017cura<\/strong> w ekspresowym tempie poszed\u0142 na marne. Poza nami nie by\u0142o nikogo. Fajnie by\u0142o poczu\u0107 t\u0105 niczym nieskr\u0119powan\u0105 wolno\u015b\u0107 i rado\u015b\u0107. Mieli\u015bmy ca\u0142\u0105 t\u0105 przestrze\u0144 tylko dla siebie i razem mogli\u015bmy cieszy\u0107 si\u0119 chwil\u0105. Ehh\u2026 na sentymenty mnie wzi\u0119\u0142o\u2026 Jako, \u017ce zbieganie z g\u00f3ry sz\u0142o nam o wiele szybciej to ju\u017c po 1h od startu ze szczytu by\u0142em obok restauracji przy wyci\u0105gu. Zd\u0105\u017cy\u0142em \ud83d\ude00 Po chwili do\u0142\u0105czy\u0142a r\u00f3wnie\u017c Ela. Mina pracuj\u0105cego tam ch\u0142opaka by\u0142a bezcenna, kiedy powiedzieli\u015bmy mu, \u017ce wbiegli\u015bmy na <strong>Mid\u017cur<\/strong> i z powrotem w czasie 2h 50 min. Od razu zdyszanym g\u0142osem poprosi\u0142em o 4 piwa. A co! Zas\u0142u\u017cyli\u015bmy! Zreszt\u0105 nie wiedzia\u0142em jak d\u0142ugo jeszcze b\u0119dzie otwarte wi\u0119c nie warto by\u0142o si\u0119 rozdrabnia\u0107.<\/p>\n\n\n\n<p>Czekaj\u0105c na piwko rozejrzeli\u015bmy si\u0119 po knajpie i nasz wzrok zatrzyma\u0142 si\u0119 na zdj\u0119ciu\u2026 W\u0142adimira Putina. Zapytali\u015bmy czy mo\u017ce je\u017adzi\u0142 tu na nartach i jego zdj\u0119cie zosta\u0142o zrobione na pami\u0105tk\u0119 tego wydarzenia, wszak powszechnie wiadomo, \u017ce W\u0142adek lubi aktywnie sp\u0119dza\u0107 czas i pr\u0119\u017cy\u0107 musku\u0142y. Okaza\u0142o si\u0119, \u017ce nie je\u017adzi\u0142, a zdj\u0119cie wisi tak po prostu z sympatii to dobrego wujka W\u0142odka. Nie dr\u0105\u017cyli\u015bmy dalej tematu tylko szybko przechwycili\u015bmy nasze piwko i roz\u0142o\u017cyli\u015bmy si\u0119 na le\u017cakach stoj\u0105cych obok knajpki. Le\u017c\u0105c tak podziwiali\u015bmy jeden z pi\u0119kniejszych zachod\u00f3w s\u0142o\u0144ca jakie nam si\u0119 przytrafi\u0142y. B\u0142ogi czas umila\u0142 nam g\u0142os Elvisa Presleya klimatycznie p\u0142yn\u0105cy z g\u0142o\u015bnik\u00f3w. O ile w g\u00f3rach uwielbiam nas\u0142uchiwa\u0107 ciszy to tym razem wybaczy\u0142em Elvisowi, bo stworzy\u0142 nam niesamowity nastr\u00f3j w czasie tego zachodu.<\/p>\n\n\n\n<div class=\"wp-block-image\"><figure class=\"aligncenter\"><img loading=\"lazy\" decoding=\"async\" width=\"1920\" height=\"1424\" src=\"https:\/\/gorskaprzygoda.pl\/wp-content\/uploads\/2017\/11\/midzur_stara-planina_serbia-24.jpg\" alt=\"\" class=\"wp-image-2223\" srcset=\"https:\/\/gorskaprzygoda.pl\/wp-content\/uploads\/2017\/11\/midzur_stara-planina_serbia-24.jpg 1920w, https:\/\/gorskaprzygoda.pl\/wp-content\/uploads\/2017\/11\/midzur_stara-planina_serbia-24-300x223.jpg 300w, https:\/\/gorskaprzygoda.pl\/wp-content\/uploads\/2017\/11\/midzur_stara-planina_serbia-24-768x570.jpg 768w, https:\/\/gorskaprzygoda.pl\/wp-content\/uploads\/2017\/11\/midzur_stara-planina_serbia-24-1024x759.jpg 1024w\" sizes=\"auto, (max-width: 1920px) 100vw, 1920px\" \/><\/figure><\/div>\n\n\n\n<div class=\"wp-block-image\"><figure class=\"aligncenter\"><img loading=\"lazy\" decoding=\"async\" width=\"1920\" height=\"1439\" src=\"https:\/\/gorskaprzygoda.pl\/wp-content\/uploads\/2017\/11\/midzur_stara-planina_serbia-25.jpg\" alt=\"\" class=\"wp-image-2224\" srcset=\"https:\/\/gorskaprzygoda.pl\/wp-content\/uploads\/2017\/11\/midzur_stara-planina_serbia-25.jpg 1920w, https:\/\/gorskaprzygoda.pl\/wp-content\/uploads\/2017\/11\/midzur_stara-planina_serbia-25-300x225.jpg 300w, https:\/\/gorskaprzygoda.pl\/wp-content\/uploads\/2017\/11\/midzur_stara-planina_serbia-25-768x576.jpg 768w, https:\/\/gorskaprzygoda.pl\/wp-content\/uploads\/2017\/11\/midzur_stara-planina_serbia-25-1024x767.jpg 1024w\" sizes=\"auto, (max-width: 1920px) 100vw, 1920px\" \/><\/figure><\/div>\n\n\n\n<div class=\"wp-block-image\"><figure class=\"aligncenter\"><img loading=\"lazy\" decoding=\"async\" width=\"1920\" height=\"1424\" src=\"https:\/\/gorskaprzygoda.pl\/wp-content\/uploads\/2017\/11\/midzur_stara-planina_serbia-27.jpg\" alt=\"\" class=\"wp-image-2225\" srcset=\"https:\/\/gorskaprzygoda.pl\/wp-content\/uploads\/2017\/11\/midzur_stara-planina_serbia-27.jpg 1920w, https:\/\/gorskaprzygoda.pl\/wp-content\/uploads\/2017\/11\/midzur_stara-planina_serbia-27-300x223.jpg 300w, https:\/\/gorskaprzygoda.pl\/wp-content\/uploads\/2017\/11\/midzur_stara-planina_serbia-27-768x570.jpg 768w, https:\/\/gorskaprzygoda.pl\/wp-content\/uploads\/2017\/11\/midzur_stara-planina_serbia-27-1024x759.jpg 1024w\" sizes=\"auto, (max-width: 1920px) 100vw, 1920px\" \/><\/figure><\/div>\n\n\n\n<div class=\"wp-block-image\"><figure class=\"aligncenter\"><img loading=\"lazy\" decoding=\"async\" width=\"1920\" height=\"1424\" src=\"https:\/\/gorskaprzygoda.pl\/wp-content\/uploads\/2017\/11\/midzur_stara-planina_serbia-30.jpg\" alt=\"\" class=\"wp-image-2226\" srcset=\"https:\/\/gorskaprzygoda.pl\/wp-content\/uploads\/2017\/11\/midzur_stara-planina_serbia-30.jpg 1920w, https:\/\/gorskaprzygoda.pl\/wp-content\/uploads\/2017\/11\/midzur_stara-planina_serbia-30-300x223.jpg 300w, https:\/\/gorskaprzygoda.pl\/wp-content\/uploads\/2017\/11\/midzur_stara-planina_serbia-30-768x570.jpg 768w, https:\/\/gorskaprzygoda.pl\/wp-content\/uploads\/2017\/11\/midzur_stara-planina_serbia-30-1024x759.jpg 1024w\" sizes=\"auto, (max-width: 1920px) 100vw, 1920px\" \/><\/figure><\/div>\n\n\n\n<div class=\"wp-block-image\"><figure class=\"aligncenter\"><img loading=\"lazy\" decoding=\"async\" width=\"1920\" height=\"1424\" src=\"https:\/\/gorskaprzygoda.pl\/wp-content\/uploads\/2017\/11\/midzur_stara-planina_serbia-33.jpg\" alt=\"\" class=\"wp-image-2227\" srcset=\"https:\/\/gorskaprzygoda.pl\/wp-content\/uploads\/2017\/11\/midzur_stara-planina_serbia-33.jpg 1920w, https:\/\/gorskaprzygoda.pl\/wp-content\/uploads\/2017\/11\/midzur_stara-planina_serbia-33-300x223.jpg 300w, https:\/\/gorskaprzygoda.pl\/wp-content\/uploads\/2017\/11\/midzur_stara-planina_serbia-33-768x570.jpg 768w, https:\/\/gorskaprzygoda.pl\/wp-content\/uploads\/2017\/11\/midzur_stara-planina_serbia-33-1024x759.jpg 1024w\" sizes=\"auto, (max-width: 1920px) 100vw, 1920px\" \/><\/figure><\/div>\n\n\n\n<p>Mimo rado\u015bci zwi\u0105zanej z wej\u015bciem na <strong>Mid\u017cur<\/strong> wewn\u0105trz odczuwa\u0142em jednak smutek. Po pierwsze, \u017ce to ju\u017c, po drugie, \u017ce ko\u0144ca dobiega nasza kolejna g\u00f3rska przygoda, \u017ce raptem kilka godzin dzieli nas od zako\u0144czenia tego co jeszcze nie tak dawno wydawa\u0142o si\u0119 tylko szkicem na papierze i wodzeniem palcem po mapie. Wszystkie te plany i marzenia w\u0142a\u015bnie si\u0119 urzeczywistni\u0142y. Nawet w najbardziej optymistycznej wersji nie zak\u0142ada\u0142em, \u017ce uda nam si\u0119 zrealizowa\u0107 plan w 100%. A tu prosz\u0119 bardzo, uda\u0142o si\u0119 z nawi\u0105zk\u0105. Przez te kilkana\u015bcie dni przemierzyli\u015bmy tysi\u0105ce kilometr\u00f3w zdobywaj\u0105c m.in. <a title=\"wej\u015bcie na Dinar\u0119\" href=\"https:\/\/gorskaprzygoda.pl\/index.php\/2017\/08\/24\/wejscie-na-dinare-najwyzszy-szczyt-chorwacji-balkany\/\"><b>Dinar\u0119<\/b><\/a> w Chorwacji, <a title=\"wej\u015bcie na Magli\u0107\" href=\"https:\/\/gorskaprzygoda.pl\/index.php\/2017\/08\/28\/maglic-czyli-jak-zdobylismy-najwyzszy-szczyt-bosni-i-hercegowiny\/\"><b>Magli\u0107<\/b><\/a> w Bo\u015bni i Hercegowinie, <a title=\"wej\u015bcie na Zl\u0105 Kolat\u0119\" href=\"https:\/\/gorskaprzygoda.pl\/index.php\/2017\/10\/23\/zla-kolata-na-dachu-czarnogory\/\" target=\"_blank\" rel=\"noopener noreferrer\"><b>Zl\u0105 Kolat\u0119<\/b><\/a> w Czarnog\u00f3rze, <a title=\"wej\u015bcie na Korab\" href=\"https:\/\/gorskaprzygoda.pl\/index.php\/2017\/11\/14\/korab-wejscie-na-najwyzszy-szczyt-albanii-i-macedonii\/\" target=\"_blank\" rel=\"noopener noreferrer\"><b>Korab<\/b><\/a> na pograniczu Albanii i Macedonii oraz serbski <b>Mid\u017cur<\/b> na sam koniec. Tyle wygra\u0107 \ud83d\ude42<\/p>\n\n\n\n<p>Kiedy s\u0142o\u0144ce ca\u0142kiem schowa\u0142o si\u0119 za widnokr\u0119giem momentalnie zrobi\u0142o si\u0119 zimno. Zabrali\u015bmy z auta namiot oraz \u015bpiwory i rozbili\u015bmy si\u0119 na polance z nadziej\u0105 na r\u00f3wnie pi\u0119kny wsch\u00f3d s\u0142o\u0144ca nad <strong>Star\u0105 P\u0142anin\u0105<\/strong>. Noc by\u0142a spokojna i cicha. Tak cicha, \u017ce a\u017c ob\u0142\u0119dna i trudna do wytrzymania. Dobrze, \u017ce by\u0142em zm\u0119czony i jako tako uda\u0142o mi si\u0119 zasn\u0105\u0107, bo w przeciwnym razie chyba bym zwariowa\u0142 \ud83d\ude1b Za to Ela nie zmru\u017cy\u0142a chyba oka. Co chwil\u0119 wydawa\u0142o jej si\u0119, \u017ce kto\u015b lub co\u015b obok nas chodzi. Nowy dzie\u0144 niestety nie przywita\u0142 nas ob\u0142\u0119dnym wschodem s\u0142o\u0144ca, bo podobnie jak przez ca\u0142\u0105 noc niebo przykrywa\u0142y chmury. Mimo tego i tak chcia\u0142bym miewa\u0107 takie poranki cz\u0119\u015bciej. Otworzy\u0107 wej\u015bcie do namiotu, patrze\u0107 na g\u00f3ry i popija\u0107 aromatyczn\u0105 kaw\u0119, wygrzewaj\u0105c si\u0119 jeszcze w \u015bpiworze. Po prostu bajka.<\/p>\n\n\n\n<p>Niestety czar prys\u0142 bardzo szybko. Musieli\u015bmy zwin\u0105\u0107 nasze tobo\u0142ki i ruszy\u0107 w dalsz\u0105 drog\u0119. Nast\u0119pny przystanek? Budapeszt.<\/p>\n\n\n\n<div class=\"wp-block-image\"><figure class=\"aligncenter\"><img loading=\"lazy\" decoding=\"async\" width=\"1920\" height=\"1424\" src=\"https:\/\/gorskaprzygoda.pl\/wp-content\/uploads\/2017\/11\/midzur_stara-planina_serbia-36.jpg\" alt=\"\" class=\"wp-image-2228\" srcset=\"https:\/\/gorskaprzygoda.pl\/wp-content\/uploads\/2017\/11\/midzur_stara-planina_serbia-36.jpg 1920w, https:\/\/gorskaprzygoda.pl\/wp-content\/uploads\/2017\/11\/midzur_stara-planina_serbia-36-300x223.jpg 300w, https:\/\/gorskaprzygoda.pl\/wp-content\/uploads\/2017\/11\/midzur_stara-planina_serbia-36-768x570.jpg 768w, https:\/\/gorskaprzygoda.pl\/wp-content\/uploads\/2017\/11\/midzur_stara-planina_serbia-36-1024x759.jpg 1024w\" sizes=\"auto, (max-width: 1920px) 100vw, 1920px\" \/><\/figure><\/div>\n\n\n\n<div class=\"wp-block-image\"><figure class=\"aligncenter\"><img loading=\"lazy\" decoding=\"async\" width=\"1920\" height=\"1424\" src=\"https:\/\/gorskaprzygoda.pl\/wp-content\/uploads\/2017\/11\/midzur_stara-planina_serbia-37.jpg\" alt=\"\" class=\"wp-image-2229\" srcset=\"https:\/\/gorskaprzygoda.pl\/wp-content\/uploads\/2017\/11\/midzur_stara-planina_serbia-37.jpg 1920w, https:\/\/gorskaprzygoda.pl\/wp-content\/uploads\/2017\/11\/midzur_stara-planina_serbia-37-300x223.jpg 300w, https:\/\/gorskaprzygoda.pl\/wp-content\/uploads\/2017\/11\/midzur_stara-planina_serbia-37-768x570.jpg 768w, https:\/\/gorskaprzygoda.pl\/wp-content\/uploads\/2017\/11\/midzur_stara-planina_serbia-37-1024x759.jpg 1024w\" sizes=\"auto, (max-width: 1920px) 100vw, 1920px\" \/><\/figure><\/div>\n\n\n\n<h1 class=\"wp-block-heading\"><b>Wej\u015bcie na Mid\u017cur:<\/b><\/h1>\n\n\n\n<p>wysoko\u015b\u0107: 2169 m<\/p>\n\n\n\n<p>suma przewy\u017csze\u0144: 730 m<\/p>\n\n\n\n<p>dystans: 14,5 km<\/p>\n\n\n\n<p>czas wej\u015bcia (biegiem): 1h 40min<\/p>\n\n\n\n<p>czas zej\u015bcia (biegiem): 1h<\/p>\n\n\n\n<p>ilo\u015b\u0107 innych turyst\u00f3w na szlaku: 0 (s\u0142ownie zero)<\/p>\n\n\n\n<p>Link do \u015bladu GPS w serwisie Movescount: <a title=\"http:\/\/www.movescount.com\/pl\/moves\/move166646451\" href=\"http:\/\/www.movescount.com\/pl\/moves\/move166646451\">http:\/\/www.movescount.com\/pl\/moves\/move166646451<\/a><\/p>\n\n\n\n<p>Link do \u015bladu GPS w serwisie Wikiloc.com: <a title=\"https:\/\/www.wikiloc.com\/wikiloc\/view.do?id=19849188\" href=\"https:\/\/www.wikiloc.com\/wikiloc\/view.do?id=19849188\">https:\/\/www.wikiloc.com\/wikiloc\/view.do?id=19849188<\/a><\/p>\n","protected":false},"excerpt":{"rendered":"<p>Niestety wszystko co dobre kiedy\u015b si\u0119 ko\u0144czy. Tak te\u017c by\u0142o i z naszym ba\u0142ka\u0144skim tourn\u00e9e. Przez ostatnie kilkana\u015bcie dni oddalali\u015bmy si\u0119 od domu coraz bardziej na po\u0142udnie. Po zdobyciu Maja e Korabit dotarli\u015bmy do Macedonii, gdzie w ko\u0144cu odbili\u015bmy z powrotem na p\u00f3\u0142noc. Od domu dzieli\u0142o nas ponad 1500 km i trudno by\u0142o tak\u0105 tras\u0119 <\/p>\n","protected":false},"author":1,"featured_media":1836,"comment_status":"open","ping_status":"open","sticky":false,"template":"","format":"standard","meta":{"jetpack_post_was_ever_published":false,"_jetpack_newsletter_access":"","_jetpack_dont_email_post_to_subs":false,"_jetpack_newsletter_tier_id":0,"_jetpack_memberships_contains_paywalled_content":false,"_jetpack_memberships_contains_paid_content":false,"footnotes":"","jetpack_publicize_message":"","jetpack_publicize_feature_enabled":true,"jetpack_social_post_already_shared":false,"jetpack_social_options":{"image_generator_settings":{"template":"highway","default_image_id":0,"font":"","enabled":false},"version":2}},"categories":[3,7,122,137],"tags":[15,36,44,52,53,111],"class_list":{"0":"post-1668","1":"post","2":"type-post","3":"status-publish","4":"format-standard","5":"has-post-thumbnail","7":"category-gory-dynarskie","8":"category-korona-europy","9":"category-serbia","10":"category-stara-planina","11":"tag-balkany","12":"tag-korona-europy","13":"tag-midzur","14":"tag-serbia","15":"tag-stara-planina","16":"tag-zachod-slonca"},"yoast_head":"<!-- This site is optimized with the Yoast SEO plugin v27.4 - https:\/\/yoast.com\/product\/yoast-seo-wordpress\/ -->\n<title>Wej\u015bcie na Mid\u017cur | Najwy\u017cszy szczyt Serbii | Stara Planina<\/title>\n<meta name=\"robots\" content=\"index, follow, max-snippet:-1, max-image-preview:large, max-video-preview:-1\" \/>\n<link rel=\"canonical\" href=\"https:\/\/gorskaprzygoda.pl\/index.php\/2017\/11\/25\/wejscie-na-midzur-najwyzszy-szczyt-serbii-stara-planina\/\" \/>\n<meta property=\"og:locale\" content=\"pl_PL\" \/>\n<meta property=\"og:type\" content=\"article\" \/>\n<meta property=\"og:title\" content=\"Wej\u015bcie na Mid\u017cur | Najwy\u017cszy szczyt Serbii | Stara Planina\" \/>\n<meta property=\"og:description\" content=\"Niestety wszystko co dobre kiedy\u015b si\u0119 ko\u0144czy. Tak te\u017c by\u0142o i z naszym ba\u0142ka\u0144skim tourn\u00e9e. Przez ostatnie kilkana\u015bcie dni oddalali\u015bmy si\u0119 od domu coraz bardziej na po\u0142udnie. Po zdobyciu Maja e Korabit dotarli\u015bmy do Macedonii, gdzie w ko\u0144cu odbili\u015bmy z powrotem na p\u00f3\u0142noc. Od domu dzieli\u0142o nas ponad 1500 km i trudno by\u0142o tak\u0105 tras\u0119\" \/>\n<meta property=\"og:url\" content=\"https:\/\/gorskaprzygoda.pl\/index.php\/2017\/11\/25\/wejscie-na-midzur-najwyzszy-szczyt-serbii-stara-planina\/\" \/>\n<meta property=\"og:site_name\" content=\"G\u00f3rska przygoda\" \/>\n<meta property=\"article:publisher\" content=\"https:\/\/www.facebook.com\/gorskaprzygoda\/\" \/>\n<meta property=\"article:author\" content=\"https:\/\/www.facebook.com\/gorskaprzygoda\/\" \/>\n<meta property=\"article:published_time\" content=\"2017-11-25T11:04:27+00:00\" \/>\n<meta property=\"article:modified_time\" content=\"2021-07-26T17:14:11+00:00\" \/>\n<meta property=\"og:image\" content=\"https:\/\/gorskaprzygoda.pl\/wp-content\/uploads\/2017\/11\/Mid\u017cur-Serbia-Stara-Planina.jpg\" \/>\n\t<meta property=\"og:image:width\" content=\"2560\" \/>\n\t<meta property=\"og:image:height\" content=\"1898\" \/>\n\t<meta property=\"og:image:type\" content=\"image\/jpeg\" \/>\n<meta name=\"author\" content=\"Tomek i Ela Wr\u00f3blewscy\" \/>\n<meta name=\"twitter:card\" content=\"summary_large_image\" \/>\n<meta name=\"twitter:label1\" content=\"Napisane przez\" \/>\n\t<meta name=\"twitter:data1\" content=\"Tomek i Ela Wr\u00f3blewscy\" \/>\n\t<meta name=\"twitter:label2\" content=\"Szacowany czas czytania\" \/>\n\t<meta name=\"twitter:data2\" content=\"8 minut\" \/>\n<script type=\"application\/ld+json\" class=\"yoast-schema-graph\">{\"@context\":\"https:\\\/\\\/schema.org\",\"@graph\":[{\"@type\":\"Article\",\"@id\":\"https:\\\/\\\/gorskaprzygoda.pl\\\/index.php\\\/2017\\\/11\\\/25\\\/wejscie-na-midzur-najwyzszy-szczyt-serbii-stara-planina\\\/#article\",\"isPartOf\":{\"@id\":\"https:\\\/\\\/gorskaprzygoda.pl\\\/index.php\\\/2017\\\/11\\\/25\\\/wejscie-na-midzur-najwyzszy-szczyt-serbii-stara-planina\\\/\"},\"author\":{\"name\":\"Tomek i Ela Wr\u00f3blewscy\",\"@id\":\"https:\\\/\\\/gorskaprzygoda.pl\\\/#\\\/schema\\\/person\\\/ab1152b79f3bb44e108f239508abc4d8\"},\"headline\":\"Mid\u017cur &#8211; najwy\u017cszy szczyt Serbii\",\"datePublished\":\"2017-11-25T11:04:27+00:00\",\"dateModified\":\"2021-07-26T17:14:11+00:00\",\"mainEntityOfPage\":{\"@id\":\"https:\\\/\\\/gorskaprzygoda.pl\\\/index.php\\\/2017\\\/11\\\/25\\\/wejscie-na-midzur-najwyzszy-szczyt-serbii-stara-planina\\\/\"},\"wordCount\":1601,\"commentCount\":5,\"image\":{\"@id\":\"https:\\\/\\\/gorskaprzygoda.pl\\\/index.php\\\/2017\\\/11\\\/25\\\/wejscie-na-midzur-najwyzszy-szczyt-serbii-stara-planina\\\/#primaryimage\"},\"thumbnailUrl\":\"https:\\\/\\\/gorskaprzygoda.pl\\\/wp-content\\\/uploads\\\/2017\\\/11\\\/Mid\u017cur-Serbia-Stara-Planina.jpg\",\"keywords\":[\"Ba\u0142kany\",\"Korona Europy\",\"Mid\u017cur\",\"Serbia\",\"Stara Planina\",\"zach\u00f3d s\u0142o\u0144ca\"],\"articleSection\":[\"G\u00f3ry Dynarskie\",\"Korona Europy\",\"Serbia\",\"Stara P\u0142anina\"],\"inLanguage\":\"pl-PL\",\"potentialAction\":[{\"@type\":\"CommentAction\",\"name\":\"Comment\",\"target\":[\"https:\\\/\\\/gorskaprzygoda.pl\\\/index.php\\\/2017\\\/11\\\/25\\\/wejscie-na-midzur-najwyzszy-szczyt-serbii-stara-planina\\\/#respond\"]}]},{\"@type\":\"WebPage\",\"@id\":\"https:\\\/\\\/gorskaprzygoda.pl\\\/index.php\\\/2017\\\/11\\\/25\\\/wejscie-na-midzur-najwyzszy-szczyt-serbii-stara-planina\\\/\",\"url\":\"https:\\\/\\\/gorskaprzygoda.pl\\\/index.php\\\/2017\\\/11\\\/25\\\/wejscie-na-midzur-najwyzszy-szczyt-serbii-stara-planina\\\/\",\"name\":\"Wej\u015bcie na Mid\u017cur | Najwy\u017cszy szczyt Serbii | Stara Planina\",\"isPartOf\":{\"@id\":\"https:\\\/\\\/gorskaprzygoda.pl\\\/#website\"},\"primaryImageOfPage\":{\"@id\":\"https:\\\/\\\/gorskaprzygoda.pl\\\/index.php\\\/2017\\\/11\\\/25\\\/wejscie-na-midzur-najwyzszy-szczyt-serbii-stara-planina\\\/#primaryimage\"},\"image\":{\"@id\":\"https:\\\/\\\/gorskaprzygoda.pl\\\/index.php\\\/2017\\\/11\\\/25\\\/wejscie-na-midzur-najwyzszy-szczyt-serbii-stara-planina\\\/#primaryimage\"},\"thumbnailUrl\":\"https:\\\/\\\/gorskaprzygoda.pl\\\/wp-content\\\/uploads\\\/2017\\\/11\\\/Mid\u017cur-Serbia-Stara-Planina.jpg\",\"datePublished\":\"2017-11-25T11:04:27+00:00\",\"dateModified\":\"2021-07-26T17:14:11+00:00\",\"author\":{\"@id\":\"https:\\\/\\\/gorskaprzygoda.pl\\\/#\\\/schema\\\/person\\\/ab1152b79f3bb44e108f239508abc4d8\"},\"breadcrumb\":{\"@id\":\"https:\\\/\\\/gorskaprzygoda.pl\\\/index.php\\\/2017\\\/11\\\/25\\\/wejscie-na-midzur-najwyzszy-szczyt-serbii-stara-planina\\\/#breadcrumb\"},\"inLanguage\":\"pl-PL\",\"potentialAction\":[{\"@type\":\"ReadAction\",\"target\":[\"https:\\\/\\\/gorskaprzygoda.pl\\\/index.php\\\/2017\\\/11\\\/25\\\/wejscie-na-midzur-najwyzszy-szczyt-serbii-stara-planina\\\/\"]}]},{\"@type\":\"ImageObject\",\"inLanguage\":\"pl-PL\",\"@id\":\"https:\\\/\\\/gorskaprzygoda.pl\\\/index.php\\\/2017\\\/11\\\/25\\\/wejscie-na-midzur-najwyzszy-szczyt-serbii-stara-planina\\\/#primaryimage\",\"url\":\"https:\\\/\\\/gorskaprzygoda.pl\\\/wp-content\\\/uploads\\\/2017\\\/11\\\/Mid\u017cur-Serbia-Stara-Planina.jpg\",\"contentUrl\":\"https:\\\/\\\/gorskaprzygoda.pl\\\/wp-content\\\/uploads\\\/2017\\\/11\\\/Mid\u017cur-Serbia-Stara-Planina.jpg\",\"width\":2560,\"height\":1898,\"caption\":\"Wej\u015bcie na Mid\u017cur Serbia Stara Planina\"},{\"@type\":\"BreadcrumbList\",\"@id\":\"https:\\\/\\\/gorskaprzygoda.pl\\\/index.php\\\/2017\\\/11\\\/25\\\/wejscie-na-midzur-najwyzszy-szczyt-serbii-stara-planina\\\/#breadcrumb\",\"itemListElement\":[{\"@type\":\"ListItem\",\"position\":1,\"name\":\"Strona g\u0142\u00f3wna\",\"item\":\"https:\\\/\\\/gorskaprzygoda.pl\\\/\"},{\"@type\":\"ListItem\",\"position\":2,\"name\":\"Mid\u017cur &#8211; najwy\u017cszy szczyt Serbii\"}]},{\"@type\":\"WebSite\",\"@id\":\"https:\\\/\\\/gorskaprzygoda.pl\\\/#website\",\"url\":\"https:\\\/\\\/gorskaprzygoda.pl\\\/\",\"name\":\"gorskaprzygoda.pl\",\"description\":\"w drodze na szczyt\",\"potentialAction\":[{\"@type\":\"SearchAction\",\"target\":{\"@type\":\"EntryPoint\",\"urlTemplate\":\"https:\\\/\\\/gorskaprzygoda.pl\\\/?s={search_term_string}\"},\"query-input\":{\"@type\":\"PropertyValueSpecification\",\"valueRequired\":true,\"valueName\":\"search_term_string\"}}],\"inLanguage\":\"pl-PL\"},{\"@type\":\"Person\",\"@id\":\"https:\\\/\\\/gorskaprzygoda.pl\\\/#\\\/schema\\\/person\\\/ab1152b79f3bb44e108f239508abc4d8\",\"name\":\"Tomek i Ela Wr\u00f3blewscy\",\"image\":{\"@type\":\"ImageObject\",\"inLanguage\":\"pl-PL\",\"@id\":\"https:\\\/\\\/secure.gravatar.com\\\/avatar\\\/c8b5c0e01dc987e9cba2639dd98d636b15fbae1a49f90bdb0d50574ca6509057?s=96&r=g\",\"url\":\"https:\\\/\\\/secure.gravatar.com\\\/avatar\\\/c8b5c0e01dc987e9cba2639dd98d636b15fbae1a49f90bdb0d50574ca6509057?s=96&r=g\",\"contentUrl\":\"https:\\\/\\\/secure.gravatar.com\\\/avatar\\\/c8b5c0e01dc987e9cba2639dd98d636b15fbae1a49f90bdb0d50574ca6509057?s=96&r=g\",\"caption\":\"Tomek i Ela Wr\u00f3blewscy\"},\"description\":\"Znajomi m\u00f3wi\u0105 o nas, \u017ce jeste\u015bmy najbardziej zbzikowanymi na punkcie g\u00f3r lud\u017ami jakich znaj\u0105. G\u00f3ry to miejsce, gdzie uciekamy, by prze\u017cy\u0107 kolejn\u0105 przygod\u0119, gdzie chcemy by\u0107 bli\u017cej przyrody i nas\u0142uchiwa\u0107 ciszy. No tak, ciekawe czy mo\u017cna us\u0142ysze\u0107 cisz\u0119? Ela ci\u0105gle pr\u00f3buje znale\u017a\u0107 odpowied\u017a na to nurtuj\u0105ce pytanie, a ja bez ko\u0144ca planuj\u0119 nasze kolejne wyprawy!\",\"sameAs\":[\"https:\\\/\\\/gorskaprzygoda.pl\\\/\",\"https:\\\/\\\/www.facebook.com\\\/gorskaprzygoda\\\/\",\"https:\\\/\\\/www.instagram.com\\\/gorskaprzygoda.pl\\\/\"]}]}<\/script>\n<!-- \/ Yoast SEO plugin. -->","yoast_head_json":{"title":"Wej\u015bcie na Mid\u017cur | Najwy\u017cszy szczyt Serbii | Stara Planina","robots":{"index":"index","follow":"follow","max-snippet":"max-snippet:-1","max-image-preview":"max-image-preview:large","max-video-preview":"max-video-preview:-1"},"canonical":"https:\/\/gorskaprzygoda.pl\/index.php\/2017\/11\/25\/wejscie-na-midzur-najwyzszy-szczyt-serbii-stara-planina\/","og_locale":"pl_PL","og_type":"article","og_title":"Wej\u015bcie na Mid\u017cur | Najwy\u017cszy szczyt Serbii | Stara Planina","og_description":"Niestety wszystko co dobre kiedy\u015b si\u0119 ko\u0144czy. Tak te\u017c by\u0142o i z naszym ba\u0142ka\u0144skim tourn\u00e9e. Przez ostatnie kilkana\u015bcie dni oddalali\u015bmy si\u0119 od domu coraz bardziej na po\u0142udnie. Po zdobyciu Maja e Korabit dotarli\u015bmy do Macedonii, gdzie w ko\u0144cu odbili\u015bmy z powrotem na p\u00f3\u0142noc. Od domu dzieli\u0142o nas ponad 1500 km i trudno by\u0142o tak\u0105 tras\u0119","og_url":"https:\/\/gorskaprzygoda.pl\/index.php\/2017\/11\/25\/wejscie-na-midzur-najwyzszy-szczyt-serbii-stara-planina\/","og_site_name":"G\u00f3rska przygoda","article_publisher":"https:\/\/www.facebook.com\/gorskaprzygoda\/","article_author":"https:\/\/www.facebook.com\/gorskaprzygoda\/","article_published_time":"2017-11-25T11:04:27+00:00","article_modified_time":"2021-07-26T17:14:11+00:00","og_image":[{"width":2560,"height":1898,"url":"https:\/\/gorskaprzygoda.pl\/wp-content\/uploads\/2017\/11\/Mid\u017cur-Serbia-Stara-Planina.jpg","type":"image\/jpeg"}],"author":"Tomek i Ela Wr\u00f3blewscy","twitter_card":"summary_large_image","twitter_misc":{"Napisane przez":"Tomek i Ela Wr\u00f3blewscy","Szacowany czas czytania":"8 minut"},"schema":{"@context":"https:\/\/schema.org","@graph":[{"@type":"Article","@id":"https:\/\/gorskaprzygoda.pl\/index.php\/2017\/11\/25\/wejscie-na-midzur-najwyzszy-szczyt-serbii-stara-planina\/#article","isPartOf":{"@id":"https:\/\/gorskaprzygoda.pl\/index.php\/2017\/11\/25\/wejscie-na-midzur-najwyzszy-szczyt-serbii-stara-planina\/"},"author":{"name":"Tomek i Ela Wr\u00f3blewscy","@id":"https:\/\/gorskaprzygoda.pl\/#\/schema\/person\/ab1152b79f3bb44e108f239508abc4d8"},"headline":"Mid\u017cur &#8211; najwy\u017cszy szczyt Serbii","datePublished":"2017-11-25T11:04:27+00:00","dateModified":"2021-07-26T17:14:11+00:00","mainEntityOfPage":{"@id":"https:\/\/gorskaprzygoda.pl\/index.php\/2017\/11\/25\/wejscie-na-midzur-najwyzszy-szczyt-serbii-stara-planina\/"},"wordCount":1601,"commentCount":5,"image":{"@id":"https:\/\/gorskaprzygoda.pl\/index.php\/2017\/11\/25\/wejscie-na-midzur-najwyzszy-szczyt-serbii-stara-planina\/#primaryimage"},"thumbnailUrl":"https:\/\/gorskaprzygoda.pl\/wp-content\/uploads\/2017\/11\/Mid\u017cur-Serbia-Stara-Planina.jpg","keywords":["Ba\u0142kany","Korona Europy","Mid\u017cur","Serbia","Stara Planina","zach\u00f3d s\u0142o\u0144ca"],"articleSection":["G\u00f3ry Dynarskie","Korona Europy","Serbia","Stara P\u0142anina"],"inLanguage":"pl-PL","potentialAction":[{"@type":"CommentAction","name":"Comment","target":["https:\/\/gorskaprzygoda.pl\/index.php\/2017\/11\/25\/wejscie-na-midzur-najwyzszy-szczyt-serbii-stara-planina\/#respond"]}]},{"@type":"WebPage","@id":"https:\/\/gorskaprzygoda.pl\/index.php\/2017\/11\/25\/wejscie-na-midzur-najwyzszy-szczyt-serbii-stara-planina\/","url":"https:\/\/gorskaprzygoda.pl\/index.php\/2017\/11\/25\/wejscie-na-midzur-najwyzszy-szczyt-serbii-stara-planina\/","name":"Wej\u015bcie na Mid\u017cur | Najwy\u017cszy szczyt Serbii | Stara Planina","isPartOf":{"@id":"https:\/\/gorskaprzygoda.pl\/#website"},"primaryImageOfPage":{"@id":"https:\/\/gorskaprzygoda.pl\/index.php\/2017\/11\/25\/wejscie-na-midzur-najwyzszy-szczyt-serbii-stara-planina\/#primaryimage"},"image":{"@id":"https:\/\/gorskaprzygoda.pl\/index.php\/2017\/11\/25\/wejscie-na-midzur-najwyzszy-szczyt-serbii-stara-planina\/#primaryimage"},"thumbnailUrl":"https:\/\/gorskaprzygoda.pl\/wp-content\/uploads\/2017\/11\/Mid\u017cur-Serbia-Stara-Planina.jpg","datePublished":"2017-11-25T11:04:27+00:00","dateModified":"2021-07-26T17:14:11+00:00","author":{"@id":"https:\/\/gorskaprzygoda.pl\/#\/schema\/person\/ab1152b79f3bb44e108f239508abc4d8"},"breadcrumb":{"@id":"https:\/\/gorskaprzygoda.pl\/index.php\/2017\/11\/25\/wejscie-na-midzur-najwyzszy-szczyt-serbii-stara-planina\/#breadcrumb"},"inLanguage":"pl-PL","potentialAction":[{"@type":"ReadAction","target":["https:\/\/gorskaprzygoda.pl\/index.php\/2017\/11\/25\/wejscie-na-midzur-najwyzszy-szczyt-serbii-stara-planina\/"]}]},{"@type":"ImageObject","inLanguage":"pl-PL","@id":"https:\/\/gorskaprzygoda.pl\/index.php\/2017\/11\/25\/wejscie-na-midzur-najwyzszy-szczyt-serbii-stara-planina\/#primaryimage","url":"https:\/\/gorskaprzygoda.pl\/wp-content\/uploads\/2017\/11\/Mid\u017cur-Serbia-Stara-Planina.jpg","contentUrl":"https:\/\/gorskaprzygoda.pl\/wp-content\/uploads\/2017\/11\/Mid\u017cur-Serbia-Stara-Planina.jpg","width":2560,"height":1898,"caption":"Wej\u015bcie na Mid\u017cur Serbia Stara Planina"},{"@type":"BreadcrumbList","@id":"https:\/\/gorskaprzygoda.pl\/index.php\/2017\/11\/25\/wejscie-na-midzur-najwyzszy-szczyt-serbii-stara-planina\/#breadcrumb","itemListElement":[{"@type":"ListItem","position":1,"name":"Strona g\u0142\u00f3wna","item":"https:\/\/gorskaprzygoda.pl\/"},{"@type":"ListItem","position":2,"name":"Mid\u017cur &#8211; najwy\u017cszy szczyt Serbii"}]},{"@type":"WebSite","@id":"https:\/\/gorskaprzygoda.pl\/#website","url":"https:\/\/gorskaprzygoda.pl\/","name":"gorskaprzygoda.pl","description":"w drodze na szczyt","potentialAction":[{"@type":"SearchAction","target":{"@type":"EntryPoint","urlTemplate":"https:\/\/gorskaprzygoda.pl\/?s={search_term_string}"},"query-input":{"@type":"PropertyValueSpecification","valueRequired":true,"valueName":"search_term_string"}}],"inLanguage":"pl-PL"},{"@type":"Person","@id":"https:\/\/gorskaprzygoda.pl\/#\/schema\/person\/ab1152b79f3bb44e108f239508abc4d8","name":"Tomek i Ela Wr\u00f3blewscy","image":{"@type":"ImageObject","inLanguage":"pl-PL","@id":"https:\/\/secure.gravatar.com\/avatar\/c8b5c0e01dc987e9cba2639dd98d636b15fbae1a49f90bdb0d50574ca6509057?s=96&r=g","url":"https:\/\/secure.gravatar.com\/avatar\/c8b5c0e01dc987e9cba2639dd98d636b15fbae1a49f90bdb0d50574ca6509057?s=96&r=g","contentUrl":"https:\/\/secure.gravatar.com\/avatar\/c8b5c0e01dc987e9cba2639dd98d636b15fbae1a49f90bdb0d50574ca6509057?s=96&r=g","caption":"Tomek i Ela Wr\u00f3blewscy"},"description":"Znajomi m\u00f3wi\u0105 o nas, \u017ce jeste\u015bmy najbardziej zbzikowanymi na punkcie g\u00f3r lud\u017ami jakich znaj\u0105. G\u00f3ry to miejsce, gdzie uciekamy, by prze\u017cy\u0107 kolejn\u0105 przygod\u0119, gdzie chcemy by\u0107 bli\u017cej przyrody i nas\u0142uchiwa\u0107 ciszy. No tak, ciekawe czy mo\u017cna us\u0142ysze\u0107 cisz\u0119? Ela ci\u0105gle pr\u00f3buje znale\u017a\u0107 odpowied\u017a na to nurtuj\u0105ce pytanie, a ja bez ko\u0144ca planuj\u0119 nasze kolejne wyprawy!","sameAs":["https:\/\/gorskaprzygoda.pl\/","https:\/\/www.facebook.com\/gorskaprzygoda\/","https:\/\/www.instagram.com\/gorskaprzygoda.pl\/"]}]}},"jetpack_publicize_connections":[],"jetpack_featured_media_url":"https:\/\/gorskaprzygoda.pl\/wp-content\/uploads\/2017\/11\/Mid\u017cur-Serbia-Stara-Planina.jpg","jetpack_sharing_enabled":true,"jetpack_shortlink":"https:\/\/wp.me\/pawaOI-qU","_links":{"self":[{"href":"https:\/\/gorskaprzygoda.pl\/index.php\/wp-json\/wp\/v2\/posts\/1668","targetHints":{"allow":["GET"]}}],"collection":[{"href":"https:\/\/gorskaprzygoda.pl\/index.php\/wp-json\/wp\/v2\/posts"}],"about":[{"href":"https:\/\/gorskaprzygoda.pl\/index.php\/wp-json\/wp\/v2\/types\/post"}],"author":[{"embeddable":true,"href":"https:\/\/gorskaprzygoda.pl\/index.php\/wp-json\/wp\/v2\/users\/1"}],"replies":[{"embeddable":true,"href":"https:\/\/gorskaprzygoda.pl\/index.php\/wp-json\/wp\/v2\/comments?post=1668"}],"version-history":[{"count":10,"href":"https:\/\/gorskaprzygoda.pl\/index.php\/wp-json\/wp\/v2\/posts\/1668\/revisions"}],"predecessor-version":[{"id":6501,"href":"https:\/\/gorskaprzygoda.pl\/index.php\/wp-json\/wp\/v2\/posts\/1668\/revisions\/6501"}],"wp:featuredmedia":[{"embeddable":true,"href":"https:\/\/gorskaprzygoda.pl\/index.php\/wp-json\/wp\/v2\/media\/1836"}],"wp:attachment":[{"href":"https:\/\/gorskaprzygoda.pl\/index.php\/wp-json\/wp\/v2\/media?parent=1668"}],"wp:term":[{"taxonomy":"category","embeddable":true,"href":"https:\/\/gorskaprzygoda.pl\/index.php\/wp-json\/wp\/v2\/categories?post=1668"},{"taxonomy":"post_tag","embeddable":true,"href":"https:\/\/gorskaprzygoda.pl\/index.php\/wp-json\/wp\/v2\/tags?post=1668"}],"curies":[{"name":"wp","href":"https:\/\/api.w.org\/{rel}","templated":true}]}}