{"id":1637,"date":"2017-11-14T19:10:43","date_gmt":"2017-11-14T18:10:43","guid":{"rendered":"http:\/\/gorskaprzygoda.blog.pl\/?p=1637"},"modified":"2019-05-10T16:53:04","modified_gmt":"2019-05-10T14:53:04","slug":"wejscie-na-korab","status":"publish","type":"post","link":"https:\/\/gorskaprzygoda.pl\/index.php\/2017\/11\/14\/wejscie-na-korab\/","title":{"rendered":"Korab &#8211; wej\u015bcie na najwy\u017cszy szczyt Albanii i Macedonii"},"content":{"rendered":"\n<p>Po kilku dniach sp\u0119dzonych w <strong><a href=\"https:\/\/gorskaprzygoda.pl\/index.php\/tag\/czarnogora\/\">Czarnog\u00f3rze<\/a><\/strong> przysz\u0142a kolej na Albani\u0119. Po kr\u00f3tkim trekkingu w <strong><a title=\"Dolina Grbaje \u2013 Maja Vajushes i Maja Popadija\" href=\"https:\/\/gorskaprzygoda.pl\/index.php\/2017\/11\/05\/dolina-grbaje-maja-vajushes-i-maja-popadija\/\">dolinie Grbaje<\/a><\/strong> po\u017cegnali\u015bmy si\u0119 z <a href=\"https:\/\/gorskaprzygoda.pl\/index.php\/tag\/gory-przeklete\/\"><strong>G\u00f3rami Przekl\u0119tymi<\/strong><\/a> i udali\u015bmy si\u0119 drog\u0105 <strong>SH20<\/strong> nad alba\u0144skie wybrze\u017ce. Przed zmierzeniem si\u0119 z najwy\u017cszym szczytem Albanii, Korabem, chcieli\u015bmy troch\u0119 odpocz\u0105\u0107. Podr\u00f3\u017c tras\u0105 <strong>SH20<\/strong> do ko\u0144ca pozostawa\u0142a wielk\u0105 niewiadom\u0105. Do niedawna by\u0142a to g\u00f3rska, szutrowa droga dost\u0119pna tylko dla samochod\u00f3w z nap\u0119dem 4&#215;4 i wysokim zawieszeniem. Prawd\u0119 m\u00f3wi\u0105c cz\u0119sto nawet i dla nich stanowi\u0142a nie lada wyzwanie, dlatego te\u017c by\u0142a lubiana przez mi\u0142o\u015bnik\u00f3w offroad-u. Co prawda nasz poczciwy golf do tej pory radzi\u0142 sobie \u015bwietnie z ba\u0142ka\u0144skimi drogami, nawet wtedy pod <a title=\"Magli\u0107 \u2013 czyli jak zdobyli\u015bmy najwy\u017cszy szczyt Bo\u015bni i Hercegowiny\" href=\"https:\/\/gorskaprzygoda.pl\/index.php\/2017\/08\/28\/maglic-czyli-jak-zdobylismy-najwyzszy-szczyt-bosni-i-hercegowiny\/\"><strong>Magliciem<\/strong><\/a> da\u0142 rad\u0119, ale nie chcieli\u015bmy go wystawia\u0107 na tak ci\u0119\u017ck\u0105 pr\u00f3b\u0119. Wiele dni po\u015bwi\u0119ci\u0142em na poszukiwanie informacji czy uda nam si\u0119 przejecha\u0107 tamt\u0119dy \u201enormalnym\u201d samochodem i w ko\u0144cu dobre wie\u015bci otrzyma\u0142em z <strong>Kelmend &amp; Shkrel Tourist Info Center<\/strong>:<\/p>\n\n\n\n<blockquote class=\"wp-block-quote is-layout-flow wp-block-quote-is-layout-flow\"><p style=\"padding-left: 15px;\">\u201eHello,<\/p><p style=\"padding-left: 15px;\">yes the road is asphalt and is a good road, you can come with normal car.<\/p><p style=\"padding-left: 15px;\">Best regards,<\/p><p style=\"padding-left: 15px;\">Drita, info point Tamara\u201d<\/p><\/blockquote>\n\n\n\n<p>Pisownia oryginalna \ud83d\ude09 Przyznam, \u017ce ul\u017cy\u0142o mi, ale do ko\u0144ca odczuwa\u0142em lekki niepok\u00f3j czy aby na pewno tak samo rozumiemy poj\u0119cie \u201egood road\u201d \ud83d\ude00 Droga pod <a href=\"https:\/\/gorskaprzygoda.pl\/index.php\/2017\/08\/28\/maglic-czyli-jak-zdobylismy-najwyzszy-szczyt-bosni-i-hercegowiny\/\"><strong>Magliciem<\/strong><\/a> te\u017c mia\u0142a by\u0107 na pocz\u0105tku asfaltowa \ud83d\ude00 Teraz, po wszystkim, mog\u0119 powiedzie\u0107, \u017ce droga <strong>SH20<\/strong> jest w pe\u0142ni przejezdna, po\u0142o\u017cono na niej pi\u0119kny, asfaltowy dywanik i jazda po jej serpentynach to czysta przyjemno\u015b\u0107 okraszona fantastycznymi widokami na otaczaj\u0105ce dolin\u0119 g\u00f3ry. Jedynie pierwsze kilkaset metr\u00f3w od granicy z <a href=\"https:\/\/gorskaprzygoda.pl\/index.php\/tag\/czarnogora\/\"><strong>Czarnog\u00f3r\u0105<\/strong><\/a> w dalszym ci\u0105gu stanowi szutrowa i dziurawa nawierzchnia. Dalej jest ju\u017c tylko lepiej.<\/p>\n\n\n\n<div class=\"wp-block-image\"><figure class=\"aligncenter\"><img loading=\"lazy\" decoding=\"async\" width=\"1920\" height=\"1424\" src=\"https:\/\/gorskaprzygoda.pl\/wp-content\/uploads\/2017\/11\/Korab-52.jpg\" alt=\"\" class=\"wp-image-2817\" srcset=\"https:\/\/gorskaprzygoda.pl\/wp-content\/uploads\/2017\/11\/Korab-52.jpg 1920w, https:\/\/gorskaprzygoda.pl\/wp-content\/uploads\/2017\/11\/Korab-52-300x223.jpg 300w, https:\/\/gorskaprzygoda.pl\/wp-content\/uploads\/2017\/11\/Korab-52-768x570.jpg 768w, https:\/\/gorskaprzygoda.pl\/wp-content\/uploads\/2017\/11\/Korab-52-1024x759.jpg 1024w\" sizes=\"auto, (max-width: 1920px) 100vw, 1920px\" \/><\/figure><\/div>\n\n\n\n<div class=\"wp-block-image\"><figure class=\"aligncenter\"><img loading=\"lazy\" decoding=\"async\" width=\"1920\" height=\"1424\" src=\"https:\/\/gorskaprzygoda.pl\/wp-content\/uploads\/2017\/11\/Korab-51.jpg\" alt=\"\" class=\"wp-image-2816\" srcset=\"https:\/\/gorskaprzygoda.pl\/wp-content\/uploads\/2017\/11\/Korab-51.jpg 1920w, https:\/\/gorskaprzygoda.pl\/wp-content\/uploads\/2017\/11\/Korab-51-300x223.jpg 300w, https:\/\/gorskaprzygoda.pl\/wp-content\/uploads\/2017\/11\/Korab-51-768x570.jpg 768w, https:\/\/gorskaprzygoda.pl\/wp-content\/uploads\/2017\/11\/Korab-51-1024x759.jpg 1024w\" sizes=\"auto, (max-width: 1920px) 100vw, 1920px\" \/><\/figure><\/div>\n\n\n\n<div class=\"wp-block-image\"><figure class=\"aligncenter\"><img loading=\"lazy\" decoding=\"async\" width=\"1920\" height=\"1424\" src=\"https:\/\/gorskaprzygoda.pl\/wp-content\/uploads\/2017\/11\/Korab-50.jpg\" alt=\"\" class=\"wp-image-2815\" srcset=\"https:\/\/gorskaprzygoda.pl\/wp-content\/uploads\/2017\/11\/Korab-50.jpg 1920w, https:\/\/gorskaprzygoda.pl\/wp-content\/uploads\/2017\/11\/Korab-50-300x223.jpg 300w, https:\/\/gorskaprzygoda.pl\/wp-content\/uploads\/2017\/11\/Korab-50-768x570.jpg 768w, https:\/\/gorskaprzygoda.pl\/wp-content\/uploads\/2017\/11\/Korab-50-1024x759.jpg 1024w\" sizes=\"auto, (max-width: 1920px) 100vw, 1920px\" \/><\/figure><\/div>\n\n\n\n<div class=\"wp-block-image\"><figure class=\"aligncenter\"><img loading=\"lazy\" decoding=\"async\" width=\"1920\" height=\"1424\" src=\"https:\/\/gorskaprzygoda.pl\/wp-content\/uploads\/2017\/11\/Korab-49.jpg\" alt=\"\" class=\"wp-image-2814\" srcset=\"https:\/\/gorskaprzygoda.pl\/wp-content\/uploads\/2017\/11\/Korab-49.jpg 1920w, https:\/\/gorskaprzygoda.pl\/wp-content\/uploads\/2017\/11\/Korab-49-300x223.jpg 300w, https:\/\/gorskaprzygoda.pl\/wp-content\/uploads\/2017\/11\/Korab-49-768x570.jpg 768w, https:\/\/gorskaprzygoda.pl\/wp-content\/uploads\/2017\/11\/Korab-49-1024x759.jpg 1024w\" sizes=\"auto, (max-width: 1920px) 100vw, 1920px\" \/><\/figure><\/div>\n\n\n\n<div class=\"wp-block-image\"><figure class=\"aligncenter\"><img loading=\"lazy\" decoding=\"async\" width=\"1920\" height=\"1424\" src=\"https:\/\/gorskaprzygoda.pl\/wp-content\/uploads\/2017\/11\/Korab-48.jpg\" alt=\"\" class=\"wp-image-2813\" srcset=\"https:\/\/gorskaprzygoda.pl\/wp-content\/uploads\/2017\/11\/Korab-48.jpg 1920w, https:\/\/gorskaprzygoda.pl\/wp-content\/uploads\/2017\/11\/Korab-48-300x223.jpg 300w, https:\/\/gorskaprzygoda.pl\/wp-content\/uploads\/2017\/11\/Korab-48-768x570.jpg 768w, https:\/\/gorskaprzygoda.pl\/wp-content\/uploads\/2017\/11\/Korab-48-1024x759.jpg 1024w\" sizes=\"auto, (max-width: 1920px) 100vw, 1920px\" \/><\/figure><\/div>\n\n\n\n<div class=\"wp-block-image\"><figure class=\"aligncenter\"><img loading=\"lazy\" decoding=\"async\" width=\"1920\" height=\"1424\" src=\"https:\/\/gorskaprzygoda.pl\/wp-content\/uploads\/2017\/11\/Korab-46.jpg\" alt=\"\" class=\"wp-image-2811\" srcset=\"https:\/\/gorskaprzygoda.pl\/wp-content\/uploads\/2017\/11\/Korab-46.jpg 1920w, https:\/\/gorskaprzygoda.pl\/wp-content\/uploads\/2017\/11\/Korab-46-300x223.jpg 300w, https:\/\/gorskaprzygoda.pl\/wp-content\/uploads\/2017\/11\/Korab-46-768x570.jpg 768w, https:\/\/gorskaprzygoda.pl\/wp-content\/uploads\/2017\/11\/Korab-46-1024x759.jpg 1024w\" sizes=\"auto, (max-width: 1920px) 100vw, 1920px\" \/><\/figure><\/div>\n\n\n\n<div class=\"wp-block-image\"><figure class=\"aligncenter\"><img loading=\"lazy\" decoding=\"async\" width=\"1920\" height=\"1424\" src=\"https:\/\/gorskaprzygoda.pl\/wp-content\/uploads\/2017\/11\/Korab-47.jpg\" alt=\"\" class=\"wp-image-2812\" srcset=\"https:\/\/gorskaprzygoda.pl\/wp-content\/uploads\/2017\/11\/Korab-47.jpg 1920w, https:\/\/gorskaprzygoda.pl\/wp-content\/uploads\/2017\/11\/Korab-47-300x223.jpg 300w, https:\/\/gorskaprzygoda.pl\/wp-content\/uploads\/2017\/11\/Korab-47-768x570.jpg 768w, https:\/\/gorskaprzygoda.pl\/wp-content\/uploads\/2017\/11\/Korab-47-1024x759.jpg 1024w\" sizes=\"auto, (max-width: 1920px) 100vw, 1920px\" \/><\/figure><\/div>\n\n\n\n<div class=\"wp-block-image\"><figure class=\"aligncenter\"><img loading=\"lazy\" decoding=\"async\" width=\"1920\" height=\"1424\" src=\"https:\/\/gorskaprzygoda.pl\/wp-content\/uploads\/2017\/11\/Korab-45.jpg\" alt=\"\" class=\"wp-image-2810\" srcset=\"https:\/\/gorskaprzygoda.pl\/wp-content\/uploads\/2017\/11\/Korab-45.jpg 1920w, https:\/\/gorskaprzygoda.pl\/wp-content\/uploads\/2017\/11\/Korab-45-300x223.jpg 300w, https:\/\/gorskaprzygoda.pl\/wp-content\/uploads\/2017\/11\/Korab-45-768x570.jpg 768w, https:\/\/gorskaprzygoda.pl\/wp-content\/uploads\/2017\/11\/Korab-45-1024x759.jpg 1024w\" sizes=\"auto, (max-width: 1920px) 100vw, 1920px\" \/><\/figure><\/div>\n\n\n\n<div class=\"wp-block-image\"><figure class=\"aligncenter\"><img loading=\"lazy\" decoding=\"async\" width=\"1920\" height=\"1424\" src=\"https:\/\/gorskaprzygoda.pl\/wp-content\/uploads\/2017\/11\/Korab-44.jpg\" alt=\"\" class=\"wp-image-2809\" srcset=\"https:\/\/gorskaprzygoda.pl\/wp-content\/uploads\/2017\/11\/Korab-44.jpg 1920w, https:\/\/gorskaprzygoda.pl\/wp-content\/uploads\/2017\/11\/Korab-44-300x223.jpg 300w, https:\/\/gorskaprzygoda.pl\/wp-content\/uploads\/2017\/11\/Korab-44-768x570.jpg 768w, https:\/\/gorskaprzygoda.pl\/wp-content\/uploads\/2017\/11\/Korab-44-1024x759.jpg 1024w\" sizes=\"auto, (max-width: 1920px) 100vw, 1920px\" \/><\/figure><\/div>\n\n\n\n<div class=\"wp-block-image\"><figure class=\"aligncenter\"><img loading=\"lazy\" decoding=\"async\" width=\"1920\" height=\"1424\" src=\"https:\/\/gorskaprzygoda.pl\/wp-content\/uploads\/2017\/11\/Korab-43.jpg\" alt=\"\" class=\"wp-image-2808\" srcset=\"https:\/\/gorskaprzygoda.pl\/wp-content\/uploads\/2017\/11\/Korab-43.jpg 1920w, https:\/\/gorskaprzygoda.pl\/wp-content\/uploads\/2017\/11\/Korab-43-300x223.jpg 300w, https:\/\/gorskaprzygoda.pl\/wp-content\/uploads\/2017\/11\/Korab-43-768x570.jpg 768w, https:\/\/gorskaprzygoda.pl\/wp-content\/uploads\/2017\/11\/Korab-43-1024x759.jpg 1024w\" sizes=\"auto, (max-width: 1920px) 100vw, 1920px\" \/><\/figure><\/div>\n\n\n\n<p>Po kilku godzinach drogi i zastanawianiu si\u0119 dlaczego w <strong>Albanii<\/strong> jest tak du\u017co stacji paliw i myjni samochodowych znale\u017ali\u015bmy si\u0119 nad morzem nieopodal miejscowo\u015bci Sh\u00ebngjin. Prawd\u0119 m\u00f3wi\u0105c to co zastali\u015bmy na miejscu dalekie by\u0142o od naszych wyobra\u017ce\u0144, ale to mo\u017ce temat na osobny wpis \ud83d\ude42 Na plus na pewno by\u0142 widok zachodz\u0105cego za widnokr\u0119giem s\u0142o\u0144ca. Nie wa\u017cne czy to w g\u00f3rach, czy nad morzem zachody s\u0142o\u0144ca maj\u0105 to co\u015b magicznego, \u017ce wsz\u0119dzie wygl\u0105daj\u0105 r\u00f3wnie pi\u0119knie. Nast\u0119pnego dnia wyl\u0105dowali\u015bmy na pla\u017cy, gdzie do\u015bwiadczyli\u015bmy piek\u0142a. Do tej pory chodz\u0105c po g\u00f3rach wydawa\u0142o nam si\u0119, \u017ce jest gor\u0105co i upalnie, ale to co spotka\u0142o nas na poziomie morza by\u0142o nie do zniesienia. W cieniu temperatura si\u0119ga\u0142a 40\u00b0C. Je\u015bli o mnie chodzi to zdecydowanie za du\u017co wi\u0119c nie mia\u0142em zamiaru wystawia\u0107 na s\u0142o\u0144ce cho\u0107by ma\u0142ego palca u nogi. Za to Ela\u2026 c\u00f3\u017c, co kto lubi, za\u017cywa\u0142a k\u0105pieli s\u0142onecznych do oporu \ud83d\ude1b Po po\u0142udniu spakowali\u015bmy nasze M1 i ruszyli\u015bmy przez alba\u0144skie pustkowia na zach\u00f3d, do wsi <strong>Radomir\u00eb<\/strong>. Stamt\u0105d bowiem zaczyna si\u0119 szlak na <strong>Korab<\/strong> (alb. <strong>Maja e Korabit<\/strong>, mac. <strong>Golem Korab<\/strong>), kt\u00f3rego wysoko\u015b\u0107 wynosi <strong>2764 m n.p.m<\/strong>. Ciekawostk\u0105 jest, \u017ce szczyt znajduje si\u0119 na granicy <strong>Albanii <\/strong>i <strong>Macedonii<\/strong> i jest jednocze\u015bnie najwy\u017cszym wierzcho\u0142kiem ka\u017cdego z tych pa\u0144stw!<\/p>\n\n\n\n<div class=\"wp-block-image\"><figure class=\"aligncenter\"><img loading=\"lazy\" decoding=\"async\" width=\"1920\" height=\"1424\" src=\"https:\/\/gorskaprzygoda.pl\/wp-content\/uploads\/2017\/11\/Korab-42.jpg\" alt=\"\" class=\"wp-image-2807\" srcset=\"https:\/\/gorskaprzygoda.pl\/wp-content\/uploads\/2017\/11\/Korab-42.jpg 1920w, https:\/\/gorskaprzygoda.pl\/wp-content\/uploads\/2017\/11\/Korab-42-300x223.jpg 300w, https:\/\/gorskaprzygoda.pl\/wp-content\/uploads\/2017\/11\/Korab-42-768x570.jpg 768w, https:\/\/gorskaprzygoda.pl\/wp-content\/uploads\/2017\/11\/Korab-42-1024x759.jpg 1024w\" sizes=\"auto, (max-width: 1920px) 100vw, 1920px\" \/><\/figure><\/div>\n\n\n\n<div class=\"wp-block-image\"><figure class=\"aligncenter\"><img loading=\"lazy\" decoding=\"async\" width=\"1920\" height=\"1424\" src=\"https:\/\/gorskaprzygoda.pl\/wp-content\/uploads\/2017\/11\/Korab-41.jpg\" alt=\"\" class=\"wp-image-2806\" srcset=\"https:\/\/gorskaprzygoda.pl\/wp-content\/uploads\/2017\/11\/Korab-41.jpg 1920w, https:\/\/gorskaprzygoda.pl\/wp-content\/uploads\/2017\/11\/Korab-41-300x223.jpg 300w, https:\/\/gorskaprzygoda.pl\/wp-content\/uploads\/2017\/11\/Korab-41-768x570.jpg 768w, https:\/\/gorskaprzygoda.pl\/wp-content\/uploads\/2017\/11\/Korab-41-1024x759.jpg 1024w\" sizes=\"auto, (max-width: 1920px) 100vw, 1920px\" \/><\/figure><\/div>\n\n\n\n<div class=\"wp-block-image\"><figure class=\"aligncenter\"><img loading=\"lazy\" decoding=\"async\" width=\"1920\" height=\"1424\" src=\"https:\/\/gorskaprzygoda.pl\/wp-content\/uploads\/2017\/11\/Korab-40.jpg\" alt=\"\" class=\"wp-image-2805\" srcset=\"https:\/\/gorskaprzygoda.pl\/wp-content\/uploads\/2017\/11\/Korab-40.jpg 1920w, https:\/\/gorskaprzygoda.pl\/wp-content\/uploads\/2017\/11\/Korab-40-300x223.jpg 300w, https:\/\/gorskaprzygoda.pl\/wp-content\/uploads\/2017\/11\/Korab-40-768x570.jpg 768w, https:\/\/gorskaprzygoda.pl\/wp-content\/uploads\/2017\/11\/Korab-40-1024x759.jpg 1024w\" sizes=\"auto, (max-width: 1920px) 100vw, 1920px\" \/><\/figure><\/div>\n\n\n\n<p>Do <strong>Radomir\u00eb<\/strong> dotarli\u015bmy wieczorem. Pocz\u0105tkowo zamierzali\u015bmy zabiwakowa\u0107 gdzie\u015b w namiocie, ale po przyje\u017adzie na miejsce okaza\u0142o si\u0119, \u017ce wie\u015b po\u0142o\u017cona jest na zboczu g\u00f3ry i powiedzia\u0142bym, \u017ce panuje w niej dosy\u0107 g\u0119sta zabudowa. Nie chcieli\u015bmy za bardzo zostawia\u0107 auta komu\u015b na podw\u00f3rku, nosi\u0107 ze sob\u0105 wszystkich tobo\u0142k\u00f3w i kombinowa\u0107 nad miejscem pod namiot. Zdecydowali\u015bmy, \u017ce noc sp\u0119dzimy w\u2026 hotelu? guesthousie? to mo\u017ce za mocne s\u0142owa. W ka\u017cdym razie postanowili\u015bmy sp\u0119dzi\u0107 noc pod dachem miejscowych.<\/p>\n\n\n\n<div class=\"wp-block-image\"><figure class=\"aligncenter\"><img loading=\"lazy\" decoding=\"async\" width=\"1920\" height=\"1424\" src=\"https:\/\/gorskaprzygoda.pl\/wp-content\/uploads\/2017\/11\/Korab-38.jpg\" alt=\"\" class=\"wp-image-2803\" srcset=\"https:\/\/gorskaprzygoda.pl\/wp-content\/uploads\/2017\/11\/Korab-38.jpg 1920w, https:\/\/gorskaprzygoda.pl\/wp-content\/uploads\/2017\/11\/Korab-38-300x223.jpg 300w, https:\/\/gorskaprzygoda.pl\/wp-content\/uploads\/2017\/11\/Korab-38-768x570.jpg 768w, https:\/\/gorskaprzygoda.pl\/wp-content\/uploads\/2017\/11\/Korab-38-1024x759.jpg 1024w\" sizes=\"auto, (max-width: 1920px) 100vw, 1920px\" \/><\/figure><\/div>\n\n\n\n<div class=\"wp-block-image\"><figure class=\"aligncenter\"><img loading=\"lazy\" decoding=\"async\" width=\"1920\" height=\"1424\" src=\"https:\/\/gorskaprzygoda.pl\/wp-content\/uploads\/2017\/11\/Korab-37.jpg\" alt=\"\" class=\"wp-image-2802\" srcset=\"https:\/\/gorskaprzygoda.pl\/wp-content\/uploads\/2017\/11\/Korab-37.jpg 1920w, https:\/\/gorskaprzygoda.pl\/wp-content\/uploads\/2017\/11\/Korab-37-300x223.jpg 300w, https:\/\/gorskaprzygoda.pl\/wp-content\/uploads\/2017\/11\/Korab-37-768x570.jpg 768w, https:\/\/gorskaprzygoda.pl\/wp-content\/uploads\/2017\/11\/Korab-37-1024x759.jpg 1024w\" sizes=\"auto, (max-width: 1920px) 100vw, 1920px\" \/><\/figure><\/div>\n\n\n\n<div class=\"wp-block-image\"><figure class=\"aligncenter\"><img loading=\"lazy\" decoding=\"async\" width=\"1920\" height=\"1424\" src=\"https:\/\/gorskaprzygoda.pl\/wp-content\/uploads\/2017\/11\/Korab-39.jpg\" alt=\"\" class=\"wp-image-2804\" srcset=\"https:\/\/gorskaprzygoda.pl\/wp-content\/uploads\/2017\/11\/Korab-39.jpg 1920w, https:\/\/gorskaprzygoda.pl\/wp-content\/uploads\/2017\/11\/Korab-39-300x223.jpg 300w, https:\/\/gorskaprzygoda.pl\/wp-content\/uploads\/2017\/11\/Korab-39-768x570.jpg 768w, https:\/\/gorskaprzygoda.pl\/wp-content\/uploads\/2017\/11\/Korab-39-1024x759.jpg 1024w\" sizes=\"auto, (max-width: 1920px) 100vw, 1920px\" \/><\/figure><\/div>\n\n\n\n<div class=\"wp-block-image\"><figure class=\"aligncenter\"><img loading=\"lazy\" decoding=\"async\" width=\"1920\" height=\"1424\" src=\"https:\/\/gorskaprzygoda.pl\/wp-content\/uploads\/2017\/11\/Korab-36.jpg\" alt=\"\" class=\"wp-image-2801\" srcset=\"https:\/\/gorskaprzygoda.pl\/wp-content\/uploads\/2017\/11\/Korab-36.jpg 1920w, https:\/\/gorskaprzygoda.pl\/wp-content\/uploads\/2017\/11\/Korab-36-300x223.jpg 300w, https:\/\/gorskaprzygoda.pl\/wp-content\/uploads\/2017\/11\/Korab-36-768x570.jpg 768w, https:\/\/gorskaprzygoda.pl\/wp-content\/uploads\/2017\/11\/Korab-36-1024x759.jpg 1024w\" sizes=\"auto, (max-width: 1920px) 100vw, 1920px\" \/><\/figure><\/div>\n\n\n\n<p>Na szczyt wyruszyli\u015bmy skoro \u015bwit. Drug\u0105 ciekawostk\u0105 zwi\u0105zan\u0105 z wej\u015bciem na Korab od strony alba\u0144skiej jest to, \u017ce szlak prowadz\u0105cy na jego wierzcho\u0142ek zosta\u0142 wytyczony par\u0119 lat temu przez naszych rodak\u00f3w z Polskiego Klubu Alpejskiego. Tak, tak tego o kt\u00f3rym by\u0142o w ostatnim czasie troch\u0119 szumu w zwi\u0105zku z akcj\u0105 ratunkow\u0105 na Zadnim Gerlachu. Mniejsza jednak o nich. Tak naprawd\u0119 wytyczone zosta\u0142y dwa szlaki. Jeden wiod\u0105cy p\u00f3\u0142nocn\u0105 dolin\u0105, drugi po\u0142udniow\u0105. My postanowili\u015bmy zmierzy\u0107 si\u0119 najpierw ze szlakiem, kt\u00f3ry poprowadzony zosta\u0142 po stronie po\u0142udniowej i malowany by\u0142 w hiszpa\u0144skie barwy, czerwono-\u017c\u00f3\u0142to-czerwone.<\/p>\n\n\n\n<p>Po przekroczeniu potoku min\u0119li\u015bmy ostatnie poletka znajduj\u0105ce si\u0119 na zboczach wok\u00f3\u0142 wsi Radomir\u00eb. Pocz\u0105tkowo nie mieli\u015bmy szczeg\u00f3lnie du\u017cych problem\u00f3w z odnajdywaniem w\u0142a\u015bciwej drogi, ale po pewnym czasie oznaczenia przesta\u0142y by\u0107 widoczne. Ostatnie uda\u0142o nam si\u0119 odnale\u017a\u0107 w okolicy pasterskich sza\u0142as\u00f3w. Dalej pod\u0105\u017cali\u015bmy ju\u017c na \u201eczuja\u201d jedn\u0105 z wielu widocznych \u015bcie\u017cek wydeptanych przez owce. Po jakim\u015b czasie uda\u0142o nam si\u0119 natrafi\u0107 na kolejny \u015blad szlaku i mogli\u015bmy zn\u00f3w wypatrywa\u0107 dalszej drogi. Nie wiem dlaczego, ale oznaczenia szlaku namalowane by\u0142y na kamieniach najcz\u0119\u015bciej od g\u00f3ry, w taki spos\u00f3b, \u017ce id\u0105c od do\u0142u nie by\u0142o kompletnie ich wida\u0107, dopiero w momencie, kiedy byli\u015bmy bardzo blisko kamienia mogli\u015bmy dostrzec namalowane na nim oznaczenie szlaku. Wg mnie w znacznym stopniu utrudnia\u0142o to odnajdowanie w\u0142a\u015bciwej drogi. Nie mam nigdy problemu z orientacj\u0105 w terenie i zazwyczaj jestem dobrze przygotowany topograficznie wi\u0119c nawet bez tych oznacze\u0144 odnalaz\u0142bym drog\u0119 na szczyt, ale dla innych mo\u017ce to stanowi\u0107 nie lada trudno\u015b\u0107.<\/p>\n\n\n\n<div class=\"wp-block-image\"><figure class=\"aligncenter\"><img loading=\"lazy\" decoding=\"async\" width=\"1920\" height=\"1424\" src=\"https:\/\/gorskaprzygoda.pl\/wp-content\/uploads\/2017\/11\/Korab-35.jpg\" alt=\"\" class=\"wp-image-2800\" srcset=\"https:\/\/gorskaprzygoda.pl\/wp-content\/uploads\/2017\/11\/Korab-35.jpg 1920w, https:\/\/gorskaprzygoda.pl\/wp-content\/uploads\/2017\/11\/Korab-35-300x223.jpg 300w, https:\/\/gorskaprzygoda.pl\/wp-content\/uploads\/2017\/11\/Korab-35-768x570.jpg 768w, https:\/\/gorskaprzygoda.pl\/wp-content\/uploads\/2017\/11\/Korab-35-1024x759.jpg 1024w\" sizes=\"auto, (max-width: 1920px) 100vw, 1920px\" \/><\/figure><\/div>\n\n\n\n<div class=\"wp-block-image\"><figure class=\"aligncenter\"><img loading=\"lazy\" decoding=\"async\" width=\"1920\" height=\"1424\" src=\"https:\/\/gorskaprzygoda.pl\/wp-content\/uploads\/2017\/11\/Korab-34.jpg\" alt=\"\" class=\"wp-image-2799\" srcset=\"https:\/\/gorskaprzygoda.pl\/wp-content\/uploads\/2017\/11\/Korab-34.jpg 1920w, https:\/\/gorskaprzygoda.pl\/wp-content\/uploads\/2017\/11\/Korab-34-300x223.jpg 300w, https:\/\/gorskaprzygoda.pl\/wp-content\/uploads\/2017\/11\/Korab-34-768x570.jpg 768w, https:\/\/gorskaprzygoda.pl\/wp-content\/uploads\/2017\/11\/Korab-34-1024x759.jpg 1024w\" sizes=\"auto, (max-width: 1920px) 100vw, 1920px\" \/><\/figure><\/div>\n\n\n\n<div class=\"wp-block-image\"><figure class=\"aligncenter\"><img loading=\"lazy\" decoding=\"async\" width=\"1920\" height=\"1424\" src=\"https:\/\/gorskaprzygoda.pl\/wp-content\/uploads\/2017\/11\/Korab-33.jpg\" alt=\"\" class=\"wp-image-2798\" srcset=\"https:\/\/gorskaprzygoda.pl\/wp-content\/uploads\/2017\/11\/Korab-33.jpg 1920w, https:\/\/gorskaprzygoda.pl\/wp-content\/uploads\/2017\/11\/Korab-33-300x223.jpg 300w, https:\/\/gorskaprzygoda.pl\/wp-content\/uploads\/2017\/11\/Korab-33-768x570.jpg 768w, https:\/\/gorskaprzygoda.pl\/wp-content\/uploads\/2017\/11\/Korab-33-1024x759.jpg 1024w\" sizes=\"auto, (max-width: 1920px) 100vw, 1920px\" \/><\/figure><\/div>\n\n\n\n<p>W ka\u017cdym razie zapomnia\u0142em wspomnie\u0107, \u017ce od samego pocz\u0105tku pod\u0105\u017cali\u015bmy w cieniu. Co prawda s\u0142o\u0144ce ju\u017c dawno wsta\u0142o i o\u015bwietla\u0142o okoliczne szczyty, ale my w dalszym ci\u0105gu pozostawali\u015bmy poza zasi\u0119giem jego promieni. By\u0142a to ma\u0142a i na sw\u00f3j spos\u00f3b mi\u0142a odmiana od dotychczasowych wyj\u015b\u0107 kiedy to od samego pocz\u0105tku w\u0119dr\u00f3wki towarzyszy\u0142 nam lej\u0105cy si\u0119 z nieba \u017car. Tego dnia mia\u0142o to te\u017c du\u017ce znaczenie, poniewa\u017c Ela nie czu\u0142a si\u0119 najlepiej. Powiedzia\u0142bym nawet, \u017ce czu\u0142a si\u0119 fatalnie. Prawdopodobnie by\u0142 to skutek zbyt d\u0142ugiego wygrzewania si\u0119 na s\u0142o\u0144cu na alba\u0144skiej pla\u017cy i udar s\u0142oneczny w\u0142a\u015bnie dawa\u0142 zna\u0107 o sobie\u2026 Ale, \u017ce Ela nale\u017cy do gatunku twardzieli, zacisn\u0119\u0142a z\u0119by i stwierdzi\u0142a, \u017ce wejdzie na szczyt, cho\u0107by po kolanach.<\/p>\n\n\n\n<p>Min\u0105wszy g\u0142\u0119boki w\u0105w\u00f3z, z kt\u00f3rego dobiega\u0142 szum wody wyszli\u015bmy na troch\u0119 bardziej otwarty teren, gdzie wypatrzyli\u015bmy pas\u0105ce si\u0119 stado owiec oraz koni. Skoro nam uda\u0142o si\u0119 zlokalizowa\u0107 stado, to nie musieli\u015bmy d\u0142ugo czeka\u0107 na to, kiedy i my zostali\u015bmy zidentyfikowani przez pilnuj\u0105ce je psy pasterskie. Na szcz\u0119\u015bcie w pobli\u017cu stada siedzia\u0142 pasterz, kt\u00f3ry raz dwa przywr\u00f3ci\u0142 psy do porz\u0105dku i mogli\u015bmy spokojnie przej\u015b\u0107. W przeciwnym razie nie by\u0142oby tak r\u00f3\u017cowo, bo droga wiod\u0142a w bezpo\u015brednim s\u0105siedztwie pas\u0105cych si\u0119 koni, w\u015br\u00f3d kt\u00f3rych by\u0142 i \u017arebak. Przeszli\u015bmy jak najciszej mogli\u015bmy i ruszyli\u015bmy zn\u00f3w pod g\u00f3r\u0119. Na horyzoncie wy\u0142oni\u0142a si\u0119 prze\u0142\u0119cz, na kt\u00f3r\u0105 zmierzali\u015bmy. To na niej \u0142\u0105cz\u0105 si\u0119 szlaki prowadz\u0105ce na wierzcho\u0142ek Korabu, alba\u0144ski i macedo\u0144ski.<\/p>\n\n\n\n<div class=\"wp-block-image\"><figure class=\"aligncenter\"><img loading=\"lazy\" decoding=\"async\" width=\"1920\" height=\"1424\" src=\"https:\/\/gorskaprzygoda.pl\/wp-content\/uploads\/2017\/11\/Korab-32.jpg\" alt=\"\" class=\"wp-image-2797\" srcset=\"https:\/\/gorskaprzygoda.pl\/wp-content\/uploads\/2017\/11\/Korab-32.jpg 1920w, https:\/\/gorskaprzygoda.pl\/wp-content\/uploads\/2017\/11\/Korab-32-300x223.jpg 300w, https:\/\/gorskaprzygoda.pl\/wp-content\/uploads\/2017\/11\/Korab-32-768x570.jpg 768w, https:\/\/gorskaprzygoda.pl\/wp-content\/uploads\/2017\/11\/Korab-32-1024x759.jpg 1024w\" sizes=\"auto, (max-width: 1920px) 100vw, 1920px\" \/><\/figure><\/div>\n\n\n\n<div class=\"wp-block-image\"><figure class=\"aligncenter\"><img loading=\"lazy\" decoding=\"async\" width=\"1920\" height=\"1424\" src=\"https:\/\/gorskaprzygoda.pl\/wp-content\/uploads\/2017\/11\/Korab-31.jpg\" alt=\"\" class=\"wp-image-2796\" srcset=\"https:\/\/gorskaprzygoda.pl\/wp-content\/uploads\/2017\/11\/Korab-31.jpg 1920w, https:\/\/gorskaprzygoda.pl\/wp-content\/uploads\/2017\/11\/Korab-31-300x223.jpg 300w, https:\/\/gorskaprzygoda.pl\/wp-content\/uploads\/2017\/11\/Korab-31-768x570.jpg 768w, https:\/\/gorskaprzygoda.pl\/wp-content\/uploads\/2017\/11\/Korab-31-1024x759.jpg 1024w\" sizes=\"auto, (max-width: 1920px) 100vw, 1920px\" \/><\/figure><\/div>\n\n\n\n<div class=\"wp-block-image\"><figure class=\"aligncenter\"><img loading=\"lazy\" decoding=\"async\" width=\"1920\" height=\"1424\" src=\"https:\/\/gorskaprzygoda.pl\/wp-content\/uploads\/2017\/11\/Korab-30.jpg\" alt=\"\" class=\"wp-image-2795\" srcset=\"https:\/\/gorskaprzygoda.pl\/wp-content\/uploads\/2017\/11\/Korab-30.jpg 1920w, https:\/\/gorskaprzygoda.pl\/wp-content\/uploads\/2017\/11\/Korab-30-300x223.jpg 300w, https:\/\/gorskaprzygoda.pl\/wp-content\/uploads\/2017\/11\/Korab-30-768x570.jpg 768w, https:\/\/gorskaprzygoda.pl\/wp-content\/uploads\/2017\/11\/Korab-30-1024x759.jpg 1024w\" sizes=\"auto, (max-width: 1920px) 100vw, 1920px\" \/><\/figure><\/div>\n\n\n\n<div class=\"wp-block-image\"><figure class=\"aligncenter\"><img loading=\"lazy\" decoding=\"async\" width=\"1920\" height=\"1424\" src=\"https:\/\/gorskaprzygoda.pl\/wp-content\/uploads\/2017\/11\/Korab-29.jpg\" alt=\"\" class=\"wp-image-2794\" srcset=\"https:\/\/gorskaprzygoda.pl\/wp-content\/uploads\/2017\/11\/Korab-29.jpg 1920w, https:\/\/gorskaprzygoda.pl\/wp-content\/uploads\/2017\/11\/Korab-29-300x223.jpg 300w, https:\/\/gorskaprzygoda.pl\/wp-content\/uploads\/2017\/11\/Korab-29-768x570.jpg 768w, https:\/\/gorskaprzygoda.pl\/wp-content\/uploads\/2017\/11\/Korab-29-1024x759.jpg 1024w\" sizes=\"auto, (max-width: 1920px) 100vw, 1920px\" \/><\/figure><\/div>\n\n\n\n<div class=\"wp-block-image\"><figure class=\"aligncenter\"><img loading=\"lazy\" decoding=\"async\" width=\"1920\" height=\"1424\" src=\"https:\/\/gorskaprzygoda.pl\/wp-content\/uploads\/2017\/11\/Korab-28.jpg\" alt=\"\" class=\"wp-image-2793\" srcset=\"https:\/\/gorskaprzygoda.pl\/wp-content\/uploads\/2017\/11\/Korab-28.jpg 1920w, https:\/\/gorskaprzygoda.pl\/wp-content\/uploads\/2017\/11\/Korab-28-300x223.jpg 300w, https:\/\/gorskaprzygoda.pl\/wp-content\/uploads\/2017\/11\/Korab-28-768x570.jpg 768w, https:\/\/gorskaprzygoda.pl\/wp-content\/uploads\/2017\/11\/Korab-28-1024x759.jpg 1024w\" sizes=\"auto, (max-width: 1920px) 100vw, 1920px\" \/><\/figure><\/div>\n\n\n\n<div class=\"wp-block-image\"><figure class=\"aligncenter\"><img loading=\"lazy\" decoding=\"async\" width=\"1920\" height=\"1424\" src=\"https:\/\/gorskaprzygoda.pl\/wp-content\/uploads\/2017\/11\/Korab-27.jpg\" alt=\"\" class=\"wp-image-2792\" srcset=\"https:\/\/gorskaprzygoda.pl\/wp-content\/uploads\/2017\/11\/Korab-27.jpg 1920w, https:\/\/gorskaprzygoda.pl\/wp-content\/uploads\/2017\/11\/Korab-27-300x223.jpg 300w, https:\/\/gorskaprzygoda.pl\/wp-content\/uploads\/2017\/11\/Korab-27-768x570.jpg 768w, https:\/\/gorskaprzygoda.pl\/wp-content\/uploads\/2017\/11\/Korab-27-1024x759.jpg 1024w\" sizes=\"auto, (max-width: 1920px) 100vw, 1920px\" \/><\/figure><\/div>\n\n\n\n<p>Zbli\u017caj\u0105c si\u0119 do prze\u0142\u0119czy natkn\u0119li\u015bmy si\u0119 na kolejne stado owiec oraz pasterza, kt\u00f3ry zn\u00f3w umo\u017cliwi\u0142 nam bezpieczne przej\u015bcie w s\u0105siedztwie swojego dobytku. Na dodatek przyszed\u0142 do nas z malutkim jagni\u0105tkiem, kt\u00f3re nie nad\u0105\u017ca\u0142o za reszt\u0105 stada. Ma\u0142e najwyra\u017aniej nie dawno si\u0119 urodzi\u0142o, bo zaraz za nim przybieg\u0142a owcza mama, kt\u00f3ra ca\u0142a by\u0142a jeszcze we krwi. Dla mnie fascynuj\u0105ce by\u0142o r\u00f3wnie\u017c to w jaki spos\u00f3b spotkany pasterz porusza\u0142 si\u0119 po stromym i naje\u017conym ska\u0142ami zboczu w zwyk\u0142ych gumowcach. Uwierzcie mi, ale nawet gdybym zrzuci\u0142 plecak i stan\u0105\u0142 z nim w szranki w boju kto pierwszy dotrze na prze\u0142\u0119cz, nie mia\u0142bym najmniejszych szans. \u017badne super outdoorowe gad\u017cety jak podeszwy Vibram, koszulki termoaktywne, Goretex-y i superultralekkie kijki nie pomog\u0142y by mi w odniesieniu sukcesu. Ci pasterze ganiaj\u0105 za swymi stadami praktycznie od kiedy stopnieje \u015bnieg, a\u017c do momentu kiedy jego opady zn\u00f3w przykryj\u0105 wszystko bia\u0142\u0105 ko\u0142derk\u0105. \u017byj\u0105c wysoko w g\u00f3rach przez wi\u0119ksz\u0105 cz\u0119\u015b\u0107 roku nabywaj\u0105 kondycji i wytrzyma\u0142o\u015bci do pozazdroszczenia. Po drodze mijali\u015bmy jedn\u0105 z takich wysoko po\u0142o\u017conych w g\u00f3rach zagr\u00f3d oraz chatk\u0119 pastersk\u0105 \u2013 czyli tzw. <strong>katun<\/strong>.<\/p>\n\n\n\n<div class=\"wp-block-image\"><figure class=\"aligncenter\"><img loading=\"lazy\" decoding=\"async\" width=\"1920\" height=\"1424\" src=\"https:\/\/gorskaprzygoda.pl\/wp-content\/uploads\/2017\/11\/Korab-27.jpg\" alt=\"\" class=\"wp-image-2792\" srcset=\"https:\/\/gorskaprzygoda.pl\/wp-content\/uploads\/2017\/11\/Korab-27.jpg 1920w, https:\/\/gorskaprzygoda.pl\/wp-content\/uploads\/2017\/11\/Korab-27-300x223.jpg 300w, https:\/\/gorskaprzygoda.pl\/wp-content\/uploads\/2017\/11\/Korab-27-768x570.jpg 768w, https:\/\/gorskaprzygoda.pl\/wp-content\/uploads\/2017\/11\/Korab-27-1024x759.jpg 1024w\" sizes=\"auto, (max-width: 1920px) 100vw, 1920px\" \/><\/figure><\/div>\n\n\n\n<div class=\"wp-block-image\"><figure class=\"aligncenter\"><img loading=\"lazy\" decoding=\"async\" width=\"1920\" height=\"1424\" src=\"https:\/\/gorskaprzygoda.pl\/wp-content\/uploads\/2017\/11\/Korab-26.jpg\" alt=\"\" class=\"wp-image-2791\" srcset=\"https:\/\/gorskaprzygoda.pl\/wp-content\/uploads\/2017\/11\/Korab-26.jpg 1920w, https:\/\/gorskaprzygoda.pl\/wp-content\/uploads\/2017\/11\/Korab-26-300x223.jpg 300w, https:\/\/gorskaprzygoda.pl\/wp-content\/uploads\/2017\/11\/Korab-26-768x570.jpg 768w, https:\/\/gorskaprzygoda.pl\/wp-content\/uploads\/2017\/11\/Korab-26-1024x759.jpg 1024w\" sizes=\"auto, (max-width: 1920px) 100vw, 1920px\" \/><\/figure><\/div>\n\n\n\n<div class=\"wp-block-image\"><figure class=\"aligncenter\"><img loading=\"lazy\" decoding=\"async\" width=\"1920\" height=\"1424\" src=\"https:\/\/gorskaprzygoda.pl\/wp-content\/uploads\/2017\/11\/Korab-25.jpg\" alt=\"\" class=\"wp-image-2790\" srcset=\"https:\/\/gorskaprzygoda.pl\/wp-content\/uploads\/2017\/11\/Korab-25.jpg 1920w, https:\/\/gorskaprzygoda.pl\/wp-content\/uploads\/2017\/11\/Korab-25-300x223.jpg 300w, https:\/\/gorskaprzygoda.pl\/wp-content\/uploads\/2017\/11\/Korab-25-768x570.jpg 768w, https:\/\/gorskaprzygoda.pl\/wp-content\/uploads\/2017\/11\/Korab-25-1024x759.jpg 1024w\" sizes=\"auto, (max-width: 1920px) 100vw, 1920px\" \/><\/figure><\/div>\n\n\n\n<div class=\"wp-block-image\"><figure class=\"aligncenter\"><img loading=\"lazy\" decoding=\"async\" width=\"1920\" height=\"1424\" src=\"https:\/\/gorskaprzygoda.pl\/wp-content\/uploads\/2017\/11\/Korab-24.jpg\" alt=\"\" class=\"wp-image-2789\" srcset=\"https:\/\/gorskaprzygoda.pl\/wp-content\/uploads\/2017\/11\/Korab-24.jpg 1920w, https:\/\/gorskaprzygoda.pl\/wp-content\/uploads\/2017\/11\/Korab-24-300x223.jpg 300w, https:\/\/gorskaprzygoda.pl\/wp-content\/uploads\/2017\/11\/Korab-24-768x570.jpg 768w, https:\/\/gorskaprzygoda.pl\/wp-content\/uploads\/2017\/11\/Korab-24-1024x759.jpg 1024w\" sizes=\"auto, (max-width: 1920px) 100vw, 1920px\" \/><\/figure><\/div>\n\n\n\n<div class=\"wp-block-image\"><figure class=\"aligncenter\"><img loading=\"lazy\" decoding=\"async\" width=\"1920\" height=\"1424\" src=\"https:\/\/gorskaprzygoda.pl\/wp-content\/uploads\/2017\/11\/Korab-22.jpg\" alt=\"\" class=\"wp-image-2787\" srcset=\"https:\/\/gorskaprzygoda.pl\/wp-content\/uploads\/2017\/11\/Korab-22.jpg 1920w, https:\/\/gorskaprzygoda.pl\/wp-content\/uploads\/2017\/11\/Korab-22-300x223.jpg 300w, https:\/\/gorskaprzygoda.pl\/wp-content\/uploads\/2017\/11\/Korab-22-768x570.jpg 768w, https:\/\/gorskaprzygoda.pl\/wp-content\/uploads\/2017\/11\/Korab-22-1024x759.jpg 1024w\" sizes=\"auto, (max-width: 1920px) 100vw, 1920px\" \/><\/figure><\/div>\n\n\n\n<div class=\"wp-block-image\"><figure class=\"aligncenter\"><img loading=\"lazy\" decoding=\"async\" width=\"1920\" height=\"637\" src=\"https:\/\/gorskaprzygoda.pl\/wp-content\/uploads\/2017\/11\/Korab-23.jpg\" alt=\"\" class=\"wp-image-2788\" srcset=\"https:\/\/gorskaprzygoda.pl\/wp-content\/uploads\/2017\/11\/Korab-23.jpg 1920w, https:\/\/gorskaprzygoda.pl\/wp-content\/uploads\/2017\/11\/Korab-23-300x100.jpg 300w, https:\/\/gorskaprzygoda.pl\/wp-content\/uploads\/2017\/11\/Korab-23-768x255.jpg 768w, https:\/\/gorskaprzygoda.pl\/wp-content\/uploads\/2017\/11\/Korab-23-1024x340.jpg 1024w\" sizes=\"auto, (max-width: 1920px) 100vw, 1920px\" \/><\/figure><\/div>\n\n\n\n<p>Od jakiego\u015b czasu poruszali\u015bmy si\u0119 ju\u017c w terenie, na kt\u00f3rym operowa\u0142o swymi promieniami s\u0142o\u0144ce. Da\u0142o si\u0119 to od razu odczu\u0107, a Ela musia\u0142 wykrzesa\u0107 z siebie resztki si\u0142. Na szcz\u0119\u015bcie z prze\u0142\u0119czy na szczyt nie by\u0142o ju\u017c daleko, mo\u017ce 20-30 min. Koniec ko\u0144c\u00f3w na szczyt <strong>Korabu<\/strong> weszli\u015bmy po <strong>4h 35 min<\/strong>, czyli nawet szybciej ni\u017c pokazywa\u0142a tablica na pocz\u0105tku szalku. Wchodz\u0105c na <strong>2764 m<\/strong> uda\u0142o nam si\u0119 zaliczy\u0107 kolejny kamyczek w <strong><a href=\"https:\/\/gorskaprzygoda.pl\/index.php\/category\/korona-europy\/\">Koronie Europy<\/a><\/strong>. Ba! Nawet podw\u00f3jny, bo wchodz\u0105c na Korab zdobyli\u015bmy jednocze\u015bnie najwy\u017cszy punkt Albanii i Macedonii. Mo\u017ce kiedy\u015b wr\u00f3cimy, \u017ceby wej\u015b\u0107 na <strong>Golem Korab<\/strong> od macedo\u0144skiej strony, bo nie powiedzia\u0142em Wam jeszcze, \u017ce ju\u017c od prze\u0142\u0119czy mogli\u015bmy podziwia\u0107 fantastyczn\u0105 panoram\u0119 na <strong>Park Narodowy Mavrovo<\/strong> i rozci\u0105gaj\u0105ce si\u0119 na jego obszarze morze szczyt\u00f3w. Macedonia jest krajem w przewa\u017caj\u0105cej cz\u0119sci g\u00f3rzystym i wy\u017cynnym i dla takich g\u00f3ro\u0142az\u00f3w jak my ma bardzo wiele do zaoferowania. Nam jej krajobrazy jak najbardziej przypad\u0142y do gustu i ch\u0119tnie by\u015bmy pow\u0142\u00f3czyli si\u0119 po szlakach <strong>Szarej Planiny<\/strong>, <strong>Pelisteru<\/strong> czy te\u017c innych pasm g\u00f3rskich le\u017c\u0105cych w tym kraju.<\/p>\n\n\n\n<div class=\"wp-block-image\"><figure class=\"aligncenter\"><img loading=\"lazy\" decoding=\"async\" width=\"1920\" height=\"1424\" src=\"https:\/\/gorskaprzygoda.pl\/wp-content\/uploads\/2017\/11\/Korab-13.jpg\" alt=\"\" class=\"wp-image-2778\" srcset=\"https:\/\/gorskaprzygoda.pl\/wp-content\/uploads\/2017\/11\/Korab-13.jpg 1920w, https:\/\/gorskaprzygoda.pl\/wp-content\/uploads\/2017\/11\/Korab-13-300x223.jpg 300w, https:\/\/gorskaprzygoda.pl\/wp-content\/uploads\/2017\/11\/Korab-13-768x570.jpg 768w, https:\/\/gorskaprzygoda.pl\/wp-content\/uploads\/2017\/11\/Korab-13-1024x759.jpg 1024w\" sizes=\"auto, (max-width: 1920px) 100vw, 1920px\" \/><\/figure><\/div>\n\n\n\n<div class=\"wp-block-image\"><figure class=\"aligncenter\"><img loading=\"lazy\" decoding=\"async\" width=\"1920\" height=\"1424\" src=\"https:\/\/gorskaprzygoda.pl\/wp-content\/uploads\/2017\/11\/Korab-21.jpg\" alt=\"\" class=\"wp-image-2786\" srcset=\"https:\/\/gorskaprzygoda.pl\/wp-content\/uploads\/2017\/11\/Korab-21.jpg 1920w, https:\/\/gorskaprzygoda.pl\/wp-content\/uploads\/2017\/11\/Korab-21-300x223.jpg 300w, https:\/\/gorskaprzygoda.pl\/wp-content\/uploads\/2017\/11\/Korab-21-768x570.jpg 768w, https:\/\/gorskaprzygoda.pl\/wp-content\/uploads\/2017\/11\/Korab-21-1024x759.jpg 1024w\" sizes=\"auto, (max-width: 1920px) 100vw, 1920px\" \/><\/figure><\/div>\n\n\n\n<div class=\"wp-block-image\"><figure class=\"aligncenter\"><img loading=\"lazy\" decoding=\"async\" width=\"1920\" height=\"1424\" src=\"https:\/\/gorskaprzygoda.pl\/wp-content\/uploads\/2017\/11\/Korab-20.jpg\" alt=\"\" class=\"wp-image-2785\" srcset=\"https:\/\/gorskaprzygoda.pl\/wp-content\/uploads\/2017\/11\/Korab-20.jpg 1920w, https:\/\/gorskaprzygoda.pl\/wp-content\/uploads\/2017\/11\/Korab-20-300x223.jpg 300w, https:\/\/gorskaprzygoda.pl\/wp-content\/uploads\/2017\/11\/Korab-20-768x570.jpg 768w, https:\/\/gorskaprzygoda.pl\/wp-content\/uploads\/2017\/11\/Korab-20-1024x759.jpg 1024w\" sizes=\"auto, (max-width: 1920px) 100vw, 1920px\" \/><\/figure><\/div>\n\n\n\n<div class=\"wp-block-image\"><figure class=\"aligncenter\"><img loading=\"lazy\" decoding=\"async\" width=\"1920\" height=\"1424\" src=\"https:\/\/gorskaprzygoda.pl\/wp-content\/uploads\/2017\/11\/Korab-19.jpg\" alt=\"\" class=\"wp-image-2784\" srcset=\"https:\/\/gorskaprzygoda.pl\/wp-content\/uploads\/2017\/11\/Korab-19.jpg 1920w, https:\/\/gorskaprzygoda.pl\/wp-content\/uploads\/2017\/11\/Korab-19-300x223.jpg 300w, https:\/\/gorskaprzygoda.pl\/wp-content\/uploads\/2017\/11\/Korab-19-768x570.jpg 768w, https:\/\/gorskaprzygoda.pl\/wp-content\/uploads\/2017\/11\/Korab-19-1024x759.jpg 1024w\" sizes=\"auto, (max-width: 1920px) 100vw, 1920px\" \/><\/figure><\/div>\n\n\n\n<div class=\"wp-block-image\"><figure class=\"aligncenter\"><img loading=\"lazy\" decoding=\"async\" width=\"1920\" height=\"686\" src=\"https:\/\/gorskaprzygoda.pl\/wp-content\/uploads\/2017\/11\/Korab-16.jpg\" alt=\"\" class=\"wp-image-2781\" srcset=\"https:\/\/gorskaprzygoda.pl\/wp-content\/uploads\/2017\/11\/Korab-16.jpg 1920w, https:\/\/gorskaprzygoda.pl\/wp-content\/uploads\/2017\/11\/Korab-16-300x107.jpg 300w, https:\/\/gorskaprzygoda.pl\/wp-content\/uploads\/2017\/11\/Korab-16-768x274.jpg 768w, https:\/\/gorskaprzygoda.pl\/wp-content\/uploads\/2017\/11\/Korab-16-1024x366.jpg 1024w\" sizes=\"auto, (max-width: 1920px) 100vw, 1920px\" \/><\/figure><\/div>\n\n\n\n<div class=\"wp-block-image\"><figure class=\"aligncenter\"><img loading=\"lazy\" decoding=\"async\" width=\"1920\" height=\"1424\" src=\"https:\/\/gorskaprzygoda.pl\/wp-content\/uploads\/2017\/11\/Korab-14.jpg\" alt=\"\" class=\"wp-image-2779\" srcset=\"https:\/\/gorskaprzygoda.pl\/wp-content\/uploads\/2017\/11\/Korab-14.jpg 1920w, https:\/\/gorskaprzygoda.pl\/wp-content\/uploads\/2017\/11\/Korab-14-300x223.jpg 300w, https:\/\/gorskaprzygoda.pl\/wp-content\/uploads\/2017\/11\/Korab-14-768x570.jpg 768w, https:\/\/gorskaprzygoda.pl\/wp-content\/uploads\/2017\/11\/Korab-14-1024x759.jpg 1024w\" sizes=\"auto, (max-width: 1920px) 100vw, 1920px\" \/><\/figure><\/div>\n\n\n\n<div class=\"wp-block-image\"><figure class=\"aligncenter\"><img loading=\"lazy\" decoding=\"async\" width=\"1920\" height=\"1424\" src=\"https:\/\/gorskaprzygoda.pl\/wp-content\/uploads\/2017\/11\/Korab-18.jpg\" alt=\"\" class=\"wp-image-2783\" srcset=\"https:\/\/gorskaprzygoda.pl\/wp-content\/uploads\/2017\/11\/Korab-18.jpg 1920w, https:\/\/gorskaprzygoda.pl\/wp-content\/uploads\/2017\/11\/Korab-18-300x223.jpg 300w, https:\/\/gorskaprzygoda.pl\/wp-content\/uploads\/2017\/11\/Korab-18-768x570.jpg 768w, https:\/\/gorskaprzygoda.pl\/wp-content\/uploads\/2017\/11\/Korab-18-1024x759.jpg 1024w\" sizes=\"auto, (max-width: 1920px) 100vw, 1920px\" \/><\/figure><\/div>\n\n\n\n<div class=\"wp-block-image\"><figure class=\"aligncenter\"><img loading=\"lazy\" decoding=\"async\" width=\"1920\" height=\"1424\" src=\"https:\/\/gorskaprzygoda.pl\/wp-content\/uploads\/2017\/11\/Korab-15.jpg\" alt=\"\" class=\"wp-image-2780\" srcset=\"https:\/\/gorskaprzygoda.pl\/wp-content\/uploads\/2017\/11\/Korab-15.jpg 1920w, https:\/\/gorskaprzygoda.pl\/wp-content\/uploads\/2017\/11\/Korab-15-300x223.jpg 300w, https:\/\/gorskaprzygoda.pl\/wp-content\/uploads\/2017\/11\/Korab-15-768x570.jpg 768w, https:\/\/gorskaprzygoda.pl\/wp-content\/uploads\/2017\/11\/Korab-15-1024x759.jpg 1024w\" sizes=\"auto, (max-width: 1920px) 100vw, 1920px\" \/><\/figure><\/div>\n\n\n\n<p>Na szczycie nie zabawili\u015bmy za d\u0142ugo, bo \u017cy\u0107 nie dawa\u0142y nam zn\u00f3w paskudne muchy, kt\u00f3re kiedy tylko cz\u0142owiek zatrzyma\u0142 si\u0119 w miejscu na sekund\u0119 od razu atakowa\u0142y. Poza tym czeka\u0142o nas jeszcze zej\u015bcie i podr\u00f3\u017c do <strong>Macedonii<\/strong> wi\u0119c nie przeci\u0105gaj\u0105c tego wszystkiego zacz\u0119li\u015bmy zej\u015bcie. Pierwotnie chcia\u0142em wraca\u0107 drugim szlakiem biegn\u0105cym po p\u00f3\u0142nocnej stronie masywu <strong>Korabu<\/strong>, ale z racji z\u0142ego samopoczucia Eli odpu\u015bcili\u015bmy zapoznawanie si\u0119 z nim i wracali\u015bmy t\u0105 sam\u0105 drog\u0105. Ponadto z p\u00f3\u0142nocnej doliny dobiega\u0142o do nas ujadanie ps\u00f3w, a stad i pasterzy nie by\u0142o ani widu, ani s\u0142ychu. Nie mieli\u015bmy zamiaru stawa\u0107 oko w oko z dzik\u0105 odmian\u0105 Szarika albo Reksia \ud83d\ude1b<\/p>\n\n\n\n<p>Droga powrotna min\u0119\u0142a nam raczej bez wi\u0119kszych niespodzianek. Upa\u0142 dawa\u0142 si\u0119 we znaki wszystkim. Nawet owce, kt\u00f3re wcze\u015bniej rado\u015bnie skuba\u0142y traw\u0119, chowa\u0142y si\u0119 we wszystkich zakamarkach daj\u0105cych odrobin\u0119 cienia. Momentami \u015bmiesznie to wgl\u0105da\u0142o \ud83d\ude42 Zej\u015bcie z powrotem do <strong>Radomir\u00eb<\/strong> zaj\u0119\u0142o nam ok.<strong> 3h 30 min<\/strong>. Szcz\u0119\u015bcie dopisa\u0142o nam po raz kolejny i jak do tej pory zrealizowali\u015bmy 100% naszego planu! Nasze ba\u0142ka\u0144skie tourn\u00e9e powoli dobiega\u0142o ko\u0144ca. Z <strong>Radomir\u00eb<\/strong> ruszyli\u015bmy w drog\u0119 do Macedonii nad <strong>jezioro Ochrydzkie<\/strong>, gdzie zamierzali\u015bmy przenocowa\u0107 przed dalsz\u0105 cz\u0119\u015bci\u0105 podr\u00f3\u017cy do Serbii. Tam bowiem mia\u0142 miejsce ostatni, g\u00f3rski epizod naszej ba\u0142ka\u0144skiej przygody \ud83d\ude42<\/p>\n\n\n\n<div class=\"wp-block-image\"><figure class=\"aligncenter\"><img loading=\"lazy\" decoding=\"async\" width=\"1920\" height=\"1424\" src=\"https:\/\/gorskaprzygoda.pl\/wp-content\/uploads\/2017\/11\/Korab-9.jpg\" alt=\"\" class=\"wp-image-2774\" srcset=\"https:\/\/gorskaprzygoda.pl\/wp-content\/uploads\/2017\/11\/Korab-9.jpg 1920w, https:\/\/gorskaprzygoda.pl\/wp-content\/uploads\/2017\/11\/Korab-9-300x223.jpg 300w, https:\/\/gorskaprzygoda.pl\/wp-content\/uploads\/2017\/11\/Korab-9-768x570.jpg 768w, https:\/\/gorskaprzygoda.pl\/wp-content\/uploads\/2017\/11\/Korab-9-1024x759.jpg 1024w\" sizes=\"auto, (max-width: 1920px) 100vw, 1920px\" \/><\/figure><\/div>\n\n\n\n<div class=\"wp-block-image\"><figure class=\"aligncenter\"><img loading=\"lazy\" decoding=\"async\" width=\"1920\" height=\"1424\" src=\"https:\/\/gorskaprzygoda.pl\/wp-content\/uploads\/2017\/11\/Korab-8.jpg\" alt=\"\" class=\"wp-image-2773\" srcset=\"https:\/\/gorskaprzygoda.pl\/wp-content\/uploads\/2017\/11\/Korab-8.jpg 1920w, https:\/\/gorskaprzygoda.pl\/wp-content\/uploads\/2017\/11\/Korab-8-300x223.jpg 300w, https:\/\/gorskaprzygoda.pl\/wp-content\/uploads\/2017\/11\/Korab-8-768x570.jpg 768w, https:\/\/gorskaprzygoda.pl\/wp-content\/uploads\/2017\/11\/Korab-8-1024x759.jpg 1024w\" sizes=\"auto, (max-width: 1920px) 100vw, 1920px\" \/><\/figure><\/div>\n\n\n\n<div class=\"wp-block-image\"><figure class=\"aligncenter\"><img loading=\"lazy\" decoding=\"async\" width=\"1920\" height=\"1424\" src=\"https:\/\/gorskaprzygoda.pl\/wp-content\/uploads\/2017\/11\/Korab-12.jpg\" alt=\"\" class=\"wp-image-2777\" srcset=\"https:\/\/gorskaprzygoda.pl\/wp-content\/uploads\/2017\/11\/Korab-12.jpg 1920w, https:\/\/gorskaprzygoda.pl\/wp-content\/uploads\/2017\/11\/Korab-12-300x223.jpg 300w, https:\/\/gorskaprzygoda.pl\/wp-content\/uploads\/2017\/11\/Korab-12-768x570.jpg 768w, https:\/\/gorskaprzygoda.pl\/wp-content\/uploads\/2017\/11\/Korab-12-1024x759.jpg 1024w\" sizes=\"auto, (max-width: 1920px) 100vw, 1920px\" \/><\/figure><\/div>\n\n\n\n<div class=\"wp-block-image\"><figure class=\"aligncenter\"><img loading=\"lazy\" decoding=\"async\" width=\"1920\" height=\"1424\" src=\"https:\/\/gorskaprzygoda.pl\/wp-content\/uploads\/2017\/11\/Korab-11.jpg\" alt=\"\" class=\"wp-image-2776\" srcset=\"https:\/\/gorskaprzygoda.pl\/wp-content\/uploads\/2017\/11\/Korab-11.jpg 1920w, https:\/\/gorskaprzygoda.pl\/wp-content\/uploads\/2017\/11\/Korab-11-300x223.jpg 300w, https:\/\/gorskaprzygoda.pl\/wp-content\/uploads\/2017\/11\/Korab-11-768x570.jpg 768w, https:\/\/gorskaprzygoda.pl\/wp-content\/uploads\/2017\/11\/Korab-11-1024x759.jpg 1024w\" sizes=\"auto, (max-width: 1920px) 100vw, 1920px\" \/><\/figure><\/div>\n\n\n\n<div class=\"wp-block-image\"><figure class=\"aligncenter\"><img loading=\"lazy\" decoding=\"async\" width=\"1920\" height=\"1424\" src=\"https:\/\/gorskaprzygoda.pl\/wp-content\/uploads\/2017\/11\/Korab-10.jpg\" alt=\"\" class=\"wp-image-2775\" srcset=\"https:\/\/gorskaprzygoda.pl\/wp-content\/uploads\/2017\/11\/Korab-10.jpg 1920w, https:\/\/gorskaprzygoda.pl\/wp-content\/uploads\/2017\/11\/Korab-10-300x223.jpg 300w, https:\/\/gorskaprzygoda.pl\/wp-content\/uploads\/2017\/11\/Korab-10-768x570.jpg 768w, https:\/\/gorskaprzygoda.pl\/wp-content\/uploads\/2017\/11\/Korab-10-1024x759.jpg 1024w\" sizes=\"auto, (max-width: 1920px) 100vw, 1920px\" \/><\/figure><\/div>\n\n\n\n<div class=\"wp-block-image\"><figure class=\"aligncenter\"><img loading=\"lazy\" decoding=\"async\" width=\"1920\" height=\"1424\" src=\"https:\/\/gorskaprzygoda.pl\/wp-content\/uploads\/2017\/11\/Korab-7.jpg\" alt=\"\" class=\"wp-image-2772\" srcset=\"https:\/\/gorskaprzygoda.pl\/wp-content\/uploads\/2017\/11\/Korab-7.jpg 1920w, https:\/\/gorskaprzygoda.pl\/wp-content\/uploads\/2017\/11\/Korab-7-300x223.jpg 300w, https:\/\/gorskaprzygoda.pl\/wp-content\/uploads\/2017\/11\/Korab-7-768x570.jpg 768w, https:\/\/gorskaprzygoda.pl\/wp-content\/uploads\/2017\/11\/Korab-7-1024x759.jpg 1024w\" sizes=\"auto, (max-width: 1920px) 100vw, 1920px\" \/><\/figure><\/div>\n\n\n\n<div class=\"wp-block-image\"><figure class=\"aligncenter\"><img loading=\"lazy\" decoding=\"async\" width=\"1920\" height=\"1424\" src=\"https:\/\/gorskaprzygoda.pl\/wp-content\/uploads\/2017\/11\/Korab-6.jpg\" alt=\"\" class=\"wp-image-2771\" srcset=\"https:\/\/gorskaprzygoda.pl\/wp-content\/uploads\/2017\/11\/Korab-6.jpg 1920w, https:\/\/gorskaprzygoda.pl\/wp-content\/uploads\/2017\/11\/Korab-6-300x223.jpg 300w, https:\/\/gorskaprzygoda.pl\/wp-content\/uploads\/2017\/11\/Korab-6-768x570.jpg 768w, https:\/\/gorskaprzygoda.pl\/wp-content\/uploads\/2017\/11\/Korab-6-1024x759.jpg 1024w\" sizes=\"auto, (max-width: 1920px) 100vw, 1920px\" \/><\/figure><\/div>\n\n\n\n<div class=\"wp-block-image\"><figure class=\"aligncenter\"><img loading=\"lazy\" decoding=\"async\" width=\"1920\" height=\"1424\" src=\"https:\/\/gorskaprzygoda.pl\/wp-content\/uploads\/2017\/11\/Korab-5.jpg\" alt=\"\" class=\"wp-image-2770\" srcset=\"https:\/\/gorskaprzygoda.pl\/wp-content\/uploads\/2017\/11\/Korab-5.jpg 1920w, https:\/\/gorskaprzygoda.pl\/wp-content\/uploads\/2017\/11\/Korab-5-300x223.jpg 300w, https:\/\/gorskaprzygoda.pl\/wp-content\/uploads\/2017\/11\/Korab-5-768x570.jpg 768w, https:\/\/gorskaprzygoda.pl\/wp-content\/uploads\/2017\/11\/Korab-5-1024x759.jpg 1024w\" sizes=\"auto, (max-width: 1920px) 100vw, 1920px\" \/><\/figure><\/div>\n\n\n\n<div class=\"wp-block-image\"><figure class=\"aligncenter\"><img loading=\"lazy\" decoding=\"async\" width=\"1920\" height=\"1424\" src=\"https:\/\/gorskaprzygoda.pl\/wp-content\/uploads\/2017\/11\/Korab-4.jpg\" alt=\"\" class=\"wp-image-2769\" srcset=\"https:\/\/gorskaprzygoda.pl\/wp-content\/uploads\/2017\/11\/Korab-4.jpg 1920w, https:\/\/gorskaprzygoda.pl\/wp-content\/uploads\/2017\/11\/Korab-4-300x223.jpg 300w, https:\/\/gorskaprzygoda.pl\/wp-content\/uploads\/2017\/11\/Korab-4-768x570.jpg 768w, https:\/\/gorskaprzygoda.pl\/wp-content\/uploads\/2017\/11\/Korab-4-1024x759.jpg 1024w\" sizes=\"auto, (max-width: 1920px) 100vw, 1920px\" \/><\/figure><\/div>\n\n\n\n<div class=\"wp-block-image\"><figure class=\"aligncenter\"><img loading=\"lazy\" decoding=\"async\" width=\"1920\" height=\"1424\" src=\"https:\/\/gorskaprzygoda.pl\/wp-content\/uploads\/2017\/11\/Korab-3.jpg\" alt=\"\" class=\"wp-image-2768\" srcset=\"https:\/\/gorskaprzygoda.pl\/wp-content\/uploads\/2017\/11\/Korab-3.jpg 1920w, https:\/\/gorskaprzygoda.pl\/wp-content\/uploads\/2017\/11\/Korab-3-300x223.jpg 300w, https:\/\/gorskaprzygoda.pl\/wp-content\/uploads\/2017\/11\/Korab-3-768x570.jpg 768w, https:\/\/gorskaprzygoda.pl\/wp-content\/uploads\/2017\/11\/Korab-3-1024x759.jpg 1024w\" sizes=\"auto, (max-width: 1920px) 100vw, 1920px\" \/><\/figure><\/div>\n\n\n\n<div class=\"wp-block-image\"><figure class=\"aligncenter\"><img loading=\"lazy\" decoding=\"async\" width=\"1920\" height=\"1030\" src=\"https:\/\/gorskaprzygoda.pl\/wp-content\/uploads\/2017\/11\/Korab.jpg\" alt=\"\" class=\"wp-image-2766\" srcset=\"https:\/\/gorskaprzygoda.pl\/wp-content\/uploads\/2017\/11\/Korab.jpg 1920w, https:\/\/gorskaprzygoda.pl\/wp-content\/uploads\/2017\/11\/Korab-300x161.jpg 300w, https:\/\/gorskaprzygoda.pl\/wp-content\/uploads\/2017\/11\/Korab-768x412.jpg 768w, https:\/\/gorskaprzygoda.pl\/wp-content\/uploads\/2017\/11\/Korab-1024x549.jpg 1024w\" sizes=\"auto, (max-width: 1920px) 100vw, 1920px\" \/><\/figure><\/div>\n\n\n\n<p><strong>Wej\u015bcie na Korab w liczbach (alb. Maja e Korabit, mac. Golem Korab):<\/strong><\/p>\n\n\n\n<p>wysoko\u015b\u0107: 2764 m<\/p>\n\n\n\n<p>suma przewy\u017csze\u0144: 1490 m<\/p>\n\n\n\n<p>dystans: 19,1 km<\/p>\n\n\n\n<p>czas wej\u015bcia: 4h 35 min<\/p>\n\n\n\n<p>czas zej\u015bcia: 3h 30 min<\/p>\n\n\n\n<p>ilo\u015b\u0107 innych turyst\u00f3w na szlaku: 0 (s\u0142ownie zero) \ud83d\ude1b<\/p>\n\n\n\n<p>Link do \u015bladu GPS w serwisie Movescount: <a href=\"http:\/\/www.movescount.com\/pl\/moves\/move166646369\">http:\/\/www.movescount.com\/pl\/moves\/move166646369<\/a><\/p>\n\n\n\n<p>Link do \u015bladu GPS w serwisie Wikiloc.com: <a href=\"https:\/\/www.wikiloc.com\/wikiloc\/view.do?id=19849174\">https:\/\/www.wikiloc.com\/wikiloc\/view.do?id=19849174<\/a><\/p>\n","protected":false},"excerpt":{"rendered":"<p>Po kilku dniach sp\u0119dzonych w Czarnog\u00f3rze przysz\u0142a kolej na Albani\u0119. Po kr\u00f3tkim trekkingu w dolinie Grbaje po\u017cegnali\u015bmy si\u0119 z G\u00f3rami Przekl\u0119tymi i udali\u015bmy si\u0119 drog\u0105 SH20 nad alba\u0144skie wybrze\u017ce. Przed zmierzeniem si\u0119 z najwy\u017cszym szczytem Albanii, Korabem, chcieli\u015bmy troch\u0119 odpocz\u0105\u0107. Podr\u00f3\u017c tras\u0105 SH20 do ko\u0144ca pozostawa\u0142a wielk\u0105 niewiadom\u0105. Do niedawna by\u0142a to g\u00f3rska, szutrowa droga <\/p>\n","protected":false},"author":1,"featured_media":3164,"comment_status":"open","ping_status":"open","sticky":false,"template":"","format":"standard","meta":{"jetpack_post_was_ever_published":false,"_jetpack_newsletter_access":"","_jetpack_dont_email_post_to_subs":false,"_jetpack_newsletter_tier_id":0,"_jetpack_memberships_contains_paywalled_content":false,"_jetpack_memberships_contains_paid_content":false,"footnotes":"","jetpack_publicize_message":"","jetpack_publicize_feature_enabled":true,"jetpack_social_post_already_shared":false,"jetpack_social_options":{"image_generator_settings":{"template":"highway","default_image_id":0,"font":"","enabled":false},"version":2}},"categories":[117,3,136,7],"tags":[10,15,35,36,40],"class_list":{"0":"post-1637","1":"post","2":"type-post","3":"status-publish","4":"format-standard","5":"has-post-thumbnail","7":"category-albania","8":"category-gory-dynarskie","9":"category-korab","10":"category-korona-europy","11":"tag-albania","12":"tag-balkany","13":"tag-korab","14":"tag-korona-europy","15":"tag-macedonia"},"yoast_head":"<!-- This site is optimized with the Yoast SEO plugin v27.4 - https:\/\/yoast.com\/product\/yoast-seo-wordpress\/ -->\n<title>Wej\u015bcie na Korab | Najwy\u017cszy szczyt Albanii i Macedonii | G\u00f3rska przygoda<\/title>\n<meta name=\"robots\" content=\"index, follow, max-snippet:-1, max-image-preview:large, max-video-preview:-1\" \/>\n<link rel=\"canonical\" href=\"https:\/\/gorskaprzygoda.pl\/index.php\/2017\/11\/14\/wejscie-na-korab\/\" \/>\n<meta property=\"og:locale\" content=\"pl_PL\" \/>\n<meta property=\"og:type\" content=\"article\" \/>\n<meta property=\"og:title\" content=\"Wej\u015bcie na Korab | Najwy\u017cszy szczyt Albanii i Macedonii | G\u00f3rska przygoda\" \/>\n<meta property=\"og:description\" content=\"Po kilku dniach sp\u0119dzonych w Czarnog\u00f3rze przysz\u0142a kolej na Albani\u0119. Po kr\u00f3tkim trekkingu w dolinie Grbaje po\u017cegnali\u015bmy si\u0119 z G\u00f3rami Przekl\u0119tymi i udali\u015bmy si\u0119 drog\u0105 SH20 nad alba\u0144skie wybrze\u017ce. Przed zmierzeniem si\u0119 z najwy\u017cszym szczytem Albanii, Korabem, chcieli\u015bmy troch\u0119 odpocz\u0105\u0107. Podr\u00f3\u017c tras\u0105 SH20 do ko\u0144ca pozostawa\u0142a wielk\u0105 niewiadom\u0105. Do niedawna by\u0142a to g\u00f3rska, szutrowa droga\" \/>\n<meta property=\"og:url\" content=\"https:\/\/gorskaprzygoda.pl\/index.php\/2017\/11\/14\/wejscie-na-korab\/\" \/>\n<meta property=\"og:site_name\" content=\"G\u00f3rska przygoda\" \/>\n<meta property=\"article:publisher\" content=\"https:\/\/www.facebook.com\/gorskaprzygoda\/\" \/>\n<meta property=\"article:author\" content=\"https:\/\/www.facebook.com\/gorskaprzygoda\/\" \/>\n<meta property=\"article:published_time\" content=\"2017-11-14T18:10:43+00:00\" \/>\n<meta property=\"article:modified_time\" content=\"2019-05-10T14:53:04+00:00\" \/>\n<meta property=\"og:image\" content=\"https:\/\/gorskaprzygoda.pl\/wp-content\/uploads\/2017\/11\/Korab-1.jpg\" \/>\n\t<meta property=\"og:image:width\" content=\"1920\" \/>\n\t<meta property=\"og:image:height\" content=\"1424\" \/>\n\t<meta property=\"og:image:type\" content=\"image\/jpeg\" \/>\n<meta name=\"author\" content=\"Tomek i Ela Wr\u00f3blewscy\" \/>\n<meta name=\"twitter:card\" content=\"summary_large_image\" \/>\n<meta name=\"twitter:label1\" content=\"Napisane przez\" \/>\n\t<meta name=\"twitter:data1\" content=\"Tomek i Ela Wr\u00f3blewscy\" \/>\n\t<meta name=\"twitter:label2\" content=\"Szacowany czas czytania\" \/>\n\t<meta name=\"twitter:data2\" content=\"10 minut\" \/>\n<script type=\"application\/ld+json\" class=\"yoast-schema-graph\">{\"@context\":\"https:\\\/\\\/schema.org\",\"@graph\":[{\"@type\":\"Article\",\"@id\":\"https:\\\/\\\/gorskaprzygoda.pl\\\/index.php\\\/2017\\\/11\\\/14\\\/wejscie-na-korab\\\/#article\",\"isPartOf\":{\"@id\":\"https:\\\/\\\/gorskaprzygoda.pl\\\/index.php\\\/2017\\\/11\\\/14\\\/wejscie-na-korab\\\/\"},\"author\":{\"name\":\"Tomek i Ela Wr\u00f3blewscy\",\"@id\":\"https:\\\/\\\/gorskaprzygoda.pl\\\/#\\\/schema\\\/person\\\/ab1152b79f3bb44e108f239508abc4d8\"},\"headline\":\"Korab &#8211; wej\u015bcie na najwy\u017cszy szczyt Albanii i Macedonii\",\"datePublished\":\"2017-11-14T18:10:43+00:00\",\"dateModified\":\"2019-05-10T14:53:04+00:00\",\"mainEntityOfPage\":{\"@id\":\"https:\\\/\\\/gorskaprzygoda.pl\\\/index.php\\\/2017\\\/11\\\/14\\\/wejscie-na-korab\\\/\"},\"wordCount\":2036,\"commentCount\":0,\"image\":{\"@id\":\"https:\\\/\\\/gorskaprzygoda.pl\\\/index.php\\\/2017\\\/11\\\/14\\\/wejscie-na-korab\\\/#primaryimage\"},\"thumbnailUrl\":\"https:\\\/\\\/gorskaprzygoda.pl\\\/wp-content\\\/uploads\\\/2017\\\/11\\\/Korab-1.jpg\",\"keywords\":[\"Albania\",\"Ba\u0142kany\",\"Korab\",\"Korona Europy\",\"Macedonia\"],\"articleSection\":[\"Albania\",\"G\u00f3ry Dynarskie\",\"Korab\",\"Korona Europy\"],\"inLanguage\":\"pl-PL\",\"potentialAction\":[{\"@type\":\"CommentAction\",\"name\":\"Comment\",\"target\":[\"https:\\\/\\\/gorskaprzygoda.pl\\\/index.php\\\/2017\\\/11\\\/14\\\/wejscie-na-korab\\\/#respond\"]}]},{\"@type\":\"WebPage\",\"@id\":\"https:\\\/\\\/gorskaprzygoda.pl\\\/index.php\\\/2017\\\/11\\\/14\\\/wejscie-na-korab\\\/\",\"url\":\"https:\\\/\\\/gorskaprzygoda.pl\\\/index.php\\\/2017\\\/11\\\/14\\\/wejscie-na-korab\\\/\",\"name\":\"Wej\u015bcie na Korab | Najwy\u017cszy szczyt Albanii i Macedonii | G\u00f3rska przygoda\",\"isPartOf\":{\"@id\":\"https:\\\/\\\/gorskaprzygoda.pl\\\/#website\"},\"primaryImageOfPage\":{\"@id\":\"https:\\\/\\\/gorskaprzygoda.pl\\\/index.php\\\/2017\\\/11\\\/14\\\/wejscie-na-korab\\\/#primaryimage\"},\"image\":{\"@id\":\"https:\\\/\\\/gorskaprzygoda.pl\\\/index.php\\\/2017\\\/11\\\/14\\\/wejscie-na-korab\\\/#primaryimage\"},\"thumbnailUrl\":\"https:\\\/\\\/gorskaprzygoda.pl\\\/wp-content\\\/uploads\\\/2017\\\/11\\\/Korab-1.jpg\",\"datePublished\":\"2017-11-14T18:10:43+00:00\",\"dateModified\":\"2019-05-10T14:53:04+00:00\",\"author\":{\"@id\":\"https:\\\/\\\/gorskaprzygoda.pl\\\/#\\\/schema\\\/person\\\/ab1152b79f3bb44e108f239508abc4d8\"},\"breadcrumb\":{\"@id\":\"https:\\\/\\\/gorskaprzygoda.pl\\\/index.php\\\/2017\\\/11\\\/14\\\/wejscie-na-korab\\\/#breadcrumb\"},\"inLanguage\":\"pl-PL\",\"potentialAction\":[{\"@type\":\"ReadAction\",\"target\":[\"https:\\\/\\\/gorskaprzygoda.pl\\\/index.php\\\/2017\\\/11\\\/14\\\/wejscie-na-korab\\\/\"]}]},{\"@type\":\"ImageObject\",\"inLanguage\":\"pl-PL\",\"@id\":\"https:\\\/\\\/gorskaprzygoda.pl\\\/index.php\\\/2017\\\/11\\\/14\\\/wejscie-na-korab\\\/#primaryimage\",\"url\":\"https:\\\/\\\/gorskaprzygoda.pl\\\/wp-content\\\/uploads\\\/2017\\\/11\\\/Korab-1.jpg\",\"contentUrl\":\"https:\\\/\\\/gorskaprzygoda.pl\\\/wp-content\\\/uploads\\\/2017\\\/11\\\/Korab-1.jpg\",\"width\":1920,\"height\":1424,\"caption\":\"Wej\u015bcie na Korab\"},{\"@type\":\"BreadcrumbList\",\"@id\":\"https:\\\/\\\/gorskaprzygoda.pl\\\/index.php\\\/2017\\\/11\\\/14\\\/wejscie-na-korab\\\/#breadcrumb\",\"itemListElement\":[{\"@type\":\"ListItem\",\"position\":1,\"name\":\"Strona g\u0142\u00f3wna\",\"item\":\"https:\\\/\\\/gorskaprzygoda.pl\\\/\"},{\"@type\":\"ListItem\",\"position\":2,\"name\":\"Korab &#8211; wej\u015bcie na najwy\u017cszy szczyt Albanii i Macedonii\"}]},{\"@type\":\"WebSite\",\"@id\":\"https:\\\/\\\/gorskaprzygoda.pl\\\/#website\",\"url\":\"https:\\\/\\\/gorskaprzygoda.pl\\\/\",\"name\":\"gorskaprzygoda.pl\",\"description\":\"w drodze na szczyt\",\"potentialAction\":[{\"@type\":\"SearchAction\",\"target\":{\"@type\":\"EntryPoint\",\"urlTemplate\":\"https:\\\/\\\/gorskaprzygoda.pl\\\/?s={search_term_string}\"},\"query-input\":{\"@type\":\"PropertyValueSpecification\",\"valueRequired\":true,\"valueName\":\"search_term_string\"}}],\"inLanguage\":\"pl-PL\"},{\"@type\":\"Person\",\"@id\":\"https:\\\/\\\/gorskaprzygoda.pl\\\/#\\\/schema\\\/person\\\/ab1152b79f3bb44e108f239508abc4d8\",\"name\":\"Tomek i Ela Wr\u00f3blewscy\",\"image\":{\"@type\":\"ImageObject\",\"inLanguage\":\"pl-PL\",\"@id\":\"https:\\\/\\\/secure.gravatar.com\\\/avatar\\\/c8b5c0e01dc987e9cba2639dd98d636b15fbae1a49f90bdb0d50574ca6509057?s=96&r=g\",\"url\":\"https:\\\/\\\/secure.gravatar.com\\\/avatar\\\/c8b5c0e01dc987e9cba2639dd98d636b15fbae1a49f90bdb0d50574ca6509057?s=96&r=g\",\"contentUrl\":\"https:\\\/\\\/secure.gravatar.com\\\/avatar\\\/c8b5c0e01dc987e9cba2639dd98d636b15fbae1a49f90bdb0d50574ca6509057?s=96&r=g\",\"caption\":\"Tomek i Ela Wr\u00f3blewscy\"},\"description\":\"Znajomi m\u00f3wi\u0105 o nas, \u017ce jeste\u015bmy najbardziej zbzikowanymi na punkcie g\u00f3r lud\u017ami jakich znaj\u0105. G\u00f3ry to miejsce, gdzie uciekamy, by prze\u017cy\u0107 kolejn\u0105 przygod\u0119, gdzie chcemy by\u0107 bli\u017cej przyrody i nas\u0142uchiwa\u0107 ciszy. No tak, ciekawe czy mo\u017cna us\u0142ysze\u0107 cisz\u0119? Ela ci\u0105gle pr\u00f3buje znale\u017a\u0107 odpowied\u017a na to nurtuj\u0105ce pytanie, a ja bez ko\u0144ca planuj\u0119 nasze kolejne wyprawy!\",\"sameAs\":[\"https:\\\/\\\/gorskaprzygoda.pl\\\/\",\"https:\\\/\\\/www.facebook.com\\\/gorskaprzygoda\\\/\",\"https:\\\/\\\/www.instagram.com\\\/gorskaprzygoda.pl\\\/\"]}]}<\/script>\n<!-- \/ Yoast SEO plugin. -->","yoast_head_json":{"title":"Wej\u015bcie na Korab | Najwy\u017cszy szczyt Albanii i Macedonii | G\u00f3rska przygoda","robots":{"index":"index","follow":"follow","max-snippet":"max-snippet:-1","max-image-preview":"max-image-preview:large","max-video-preview":"max-video-preview:-1"},"canonical":"https:\/\/gorskaprzygoda.pl\/index.php\/2017\/11\/14\/wejscie-na-korab\/","og_locale":"pl_PL","og_type":"article","og_title":"Wej\u015bcie na Korab | Najwy\u017cszy szczyt Albanii i Macedonii | G\u00f3rska przygoda","og_description":"Po kilku dniach sp\u0119dzonych w Czarnog\u00f3rze przysz\u0142a kolej na Albani\u0119. Po kr\u00f3tkim trekkingu w dolinie Grbaje po\u017cegnali\u015bmy si\u0119 z G\u00f3rami Przekl\u0119tymi i udali\u015bmy si\u0119 drog\u0105 SH20 nad alba\u0144skie wybrze\u017ce. Przed zmierzeniem si\u0119 z najwy\u017cszym szczytem Albanii, Korabem, chcieli\u015bmy troch\u0119 odpocz\u0105\u0107. Podr\u00f3\u017c tras\u0105 SH20 do ko\u0144ca pozostawa\u0142a wielk\u0105 niewiadom\u0105. Do niedawna by\u0142a to g\u00f3rska, szutrowa droga","og_url":"https:\/\/gorskaprzygoda.pl\/index.php\/2017\/11\/14\/wejscie-na-korab\/","og_site_name":"G\u00f3rska przygoda","article_publisher":"https:\/\/www.facebook.com\/gorskaprzygoda\/","article_author":"https:\/\/www.facebook.com\/gorskaprzygoda\/","article_published_time":"2017-11-14T18:10:43+00:00","article_modified_time":"2019-05-10T14:53:04+00:00","og_image":[{"width":1920,"height":1424,"url":"https:\/\/gorskaprzygoda.pl\/wp-content\/uploads\/2017\/11\/Korab-1.jpg","type":"image\/jpeg"}],"author":"Tomek i Ela Wr\u00f3blewscy","twitter_card":"summary_large_image","twitter_misc":{"Napisane przez":"Tomek i Ela Wr\u00f3blewscy","Szacowany czas czytania":"10 minut"},"schema":{"@context":"https:\/\/schema.org","@graph":[{"@type":"Article","@id":"https:\/\/gorskaprzygoda.pl\/index.php\/2017\/11\/14\/wejscie-na-korab\/#article","isPartOf":{"@id":"https:\/\/gorskaprzygoda.pl\/index.php\/2017\/11\/14\/wejscie-na-korab\/"},"author":{"name":"Tomek i Ela Wr\u00f3blewscy","@id":"https:\/\/gorskaprzygoda.pl\/#\/schema\/person\/ab1152b79f3bb44e108f239508abc4d8"},"headline":"Korab &#8211; wej\u015bcie na najwy\u017cszy szczyt Albanii i Macedonii","datePublished":"2017-11-14T18:10:43+00:00","dateModified":"2019-05-10T14:53:04+00:00","mainEntityOfPage":{"@id":"https:\/\/gorskaprzygoda.pl\/index.php\/2017\/11\/14\/wejscie-na-korab\/"},"wordCount":2036,"commentCount":0,"image":{"@id":"https:\/\/gorskaprzygoda.pl\/index.php\/2017\/11\/14\/wejscie-na-korab\/#primaryimage"},"thumbnailUrl":"https:\/\/gorskaprzygoda.pl\/wp-content\/uploads\/2017\/11\/Korab-1.jpg","keywords":["Albania","Ba\u0142kany","Korab","Korona Europy","Macedonia"],"articleSection":["Albania","G\u00f3ry Dynarskie","Korab","Korona Europy"],"inLanguage":"pl-PL","potentialAction":[{"@type":"CommentAction","name":"Comment","target":["https:\/\/gorskaprzygoda.pl\/index.php\/2017\/11\/14\/wejscie-na-korab\/#respond"]}]},{"@type":"WebPage","@id":"https:\/\/gorskaprzygoda.pl\/index.php\/2017\/11\/14\/wejscie-na-korab\/","url":"https:\/\/gorskaprzygoda.pl\/index.php\/2017\/11\/14\/wejscie-na-korab\/","name":"Wej\u015bcie na Korab | Najwy\u017cszy szczyt Albanii i Macedonii | G\u00f3rska przygoda","isPartOf":{"@id":"https:\/\/gorskaprzygoda.pl\/#website"},"primaryImageOfPage":{"@id":"https:\/\/gorskaprzygoda.pl\/index.php\/2017\/11\/14\/wejscie-na-korab\/#primaryimage"},"image":{"@id":"https:\/\/gorskaprzygoda.pl\/index.php\/2017\/11\/14\/wejscie-na-korab\/#primaryimage"},"thumbnailUrl":"https:\/\/gorskaprzygoda.pl\/wp-content\/uploads\/2017\/11\/Korab-1.jpg","datePublished":"2017-11-14T18:10:43+00:00","dateModified":"2019-05-10T14:53:04+00:00","author":{"@id":"https:\/\/gorskaprzygoda.pl\/#\/schema\/person\/ab1152b79f3bb44e108f239508abc4d8"},"breadcrumb":{"@id":"https:\/\/gorskaprzygoda.pl\/index.php\/2017\/11\/14\/wejscie-na-korab\/#breadcrumb"},"inLanguage":"pl-PL","potentialAction":[{"@type":"ReadAction","target":["https:\/\/gorskaprzygoda.pl\/index.php\/2017\/11\/14\/wejscie-na-korab\/"]}]},{"@type":"ImageObject","inLanguage":"pl-PL","@id":"https:\/\/gorskaprzygoda.pl\/index.php\/2017\/11\/14\/wejscie-na-korab\/#primaryimage","url":"https:\/\/gorskaprzygoda.pl\/wp-content\/uploads\/2017\/11\/Korab-1.jpg","contentUrl":"https:\/\/gorskaprzygoda.pl\/wp-content\/uploads\/2017\/11\/Korab-1.jpg","width":1920,"height":1424,"caption":"Wej\u015bcie na Korab"},{"@type":"BreadcrumbList","@id":"https:\/\/gorskaprzygoda.pl\/index.php\/2017\/11\/14\/wejscie-na-korab\/#breadcrumb","itemListElement":[{"@type":"ListItem","position":1,"name":"Strona g\u0142\u00f3wna","item":"https:\/\/gorskaprzygoda.pl\/"},{"@type":"ListItem","position":2,"name":"Korab &#8211; wej\u015bcie na najwy\u017cszy szczyt Albanii i Macedonii"}]},{"@type":"WebSite","@id":"https:\/\/gorskaprzygoda.pl\/#website","url":"https:\/\/gorskaprzygoda.pl\/","name":"gorskaprzygoda.pl","description":"w drodze na szczyt","potentialAction":[{"@type":"SearchAction","target":{"@type":"EntryPoint","urlTemplate":"https:\/\/gorskaprzygoda.pl\/?s={search_term_string}"},"query-input":{"@type":"PropertyValueSpecification","valueRequired":true,"valueName":"search_term_string"}}],"inLanguage":"pl-PL"},{"@type":"Person","@id":"https:\/\/gorskaprzygoda.pl\/#\/schema\/person\/ab1152b79f3bb44e108f239508abc4d8","name":"Tomek i Ela Wr\u00f3blewscy","image":{"@type":"ImageObject","inLanguage":"pl-PL","@id":"https:\/\/secure.gravatar.com\/avatar\/c8b5c0e01dc987e9cba2639dd98d636b15fbae1a49f90bdb0d50574ca6509057?s=96&r=g","url":"https:\/\/secure.gravatar.com\/avatar\/c8b5c0e01dc987e9cba2639dd98d636b15fbae1a49f90bdb0d50574ca6509057?s=96&r=g","contentUrl":"https:\/\/secure.gravatar.com\/avatar\/c8b5c0e01dc987e9cba2639dd98d636b15fbae1a49f90bdb0d50574ca6509057?s=96&r=g","caption":"Tomek i Ela Wr\u00f3blewscy"},"description":"Znajomi m\u00f3wi\u0105 o nas, \u017ce jeste\u015bmy najbardziej zbzikowanymi na punkcie g\u00f3r lud\u017ami jakich znaj\u0105. G\u00f3ry to miejsce, gdzie uciekamy, by prze\u017cy\u0107 kolejn\u0105 przygod\u0119, gdzie chcemy by\u0107 bli\u017cej przyrody i nas\u0142uchiwa\u0107 ciszy. No tak, ciekawe czy mo\u017cna us\u0142ysze\u0107 cisz\u0119? Ela ci\u0105gle pr\u00f3buje znale\u017a\u0107 odpowied\u017a na to nurtuj\u0105ce pytanie, a ja bez ko\u0144ca planuj\u0119 nasze kolejne wyprawy!","sameAs":["https:\/\/gorskaprzygoda.pl\/","https:\/\/www.facebook.com\/gorskaprzygoda\/","https:\/\/www.instagram.com\/gorskaprzygoda.pl\/"]}]}},"jetpack_publicize_connections":[],"jetpack_featured_media_url":"https:\/\/gorskaprzygoda.pl\/wp-content\/uploads\/2017\/11\/Korab-1.jpg","jetpack_sharing_enabled":true,"jetpack_shortlink":"https:\/\/wp.me\/pawaOI-qp","_links":{"self":[{"href":"https:\/\/gorskaprzygoda.pl\/index.php\/wp-json\/wp\/v2\/posts\/1637","targetHints":{"allow":["GET"]}}],"collection":[{"href":"https:\/\/gorskaprzygoda.pl\/index.php\/wp-json\/wp\/v2\/posts"}],"about":[{"href":"https:\/\/gorskaprzygoda.pl\/index.php\/wp-json\/wp\/v2\/types\/post"}],"author":[{"embeddable":true,"href":"https:\/\/gorskaprzygoda.pl\/index.php\/wp-json\/wp\/v2\/users\/1"}],"replies":[{"embeddable":true,"href":"https:\/\/gorskaprzygoda.pl\/index.php\/wp-json\/wp\/v2\/comments?post=1637"}],"version-history":[{"count":6,"href":"https:\/\/gorskaprzygoda.pl\/index.php\/wp-json\/wp\/v2\/posts\/1637\/revisions"}],"predecessor-version":[{"id":5640,"href":"https:\/\/gorskaprzygoda.pl\/index.php\/wp-json\/wp\/v2\/posts\/1637\/revisions\/5640"}],"wp:featuredmedia":[{"embeddable":true,"href":"https:\/\/gorskaprzygoda.pl\/index.php\/wp-json\/wp\/v2\/media\/3164"}],"wp:attachment":[{"href":"https:\/\/gorskaprzygoda.pl\/index.php\/wp-json\/wp\/v2\/media?parent=1637"}],"wp:term":[{"taxonomy":"category","embeddable":true,"href":"https:\/\/gorskaprzygoda.pl\/index.php\/wp-json\/wp\/v2\/categories?post=1637"},{"taxonomy":"post_tag","embeddable":true,"href":"https:\/\/gorskaprzygoda.pl\/index.php\/wp-json\/wp\/v2\/tags?post=1637"}],"curies":[{"name":"wp","href":"https:\/\/api.w.org\/{rel}","templated":true}]}}