{"id":1329,"date":"2017-08-04T18:08:42","date_gmt":"2017-08-04T16:08:42","guid":{"rendered":"http:\/\/gorskaprzygoda.blog.pl\/?p=1329"},"modified":"2018-10-16T14:45:09","modified_gmt":"2018-10-16T12:45:09","slug":"wejscie-na-mala-wysoka","status":"publish","type":"post","link":"https:\/\/gorskaprzygoda.pl\/index.php\/2017\/08\/04\/wejscie-na-mala-wysoka\/","title":{"rendered":"Wcale nie taka ma\u0142a&#8230; Ma\u0142a Wysoka"},"content":{"rendered":"<p style=\"text-align: justify;\">D\u0142ugo nie udawa\u0142o nam si\u0119 wr\u00f3ci\u0107 w <strong><a href=\"https:\/\/gorskaprzygoda.pl\/index.php\/category\/tatry\/\">Tatry<\/a><\/strong>, a po zimowych wyjazdach pozosta\u0142y ju\u017c tylko wspomnienia. Mia\u0142em nadziej\u0119, \u017ce w ko\u0144cu uda si\u0119 nadrobi\u0107 zimowy sezon w kolejnych miesi\u0105cach, ale zamiast wiosny w g\u00f3rach zn\u00f3w nasta\u0142a zima. Lawinow\u0105 czw\u00f3rk\u0119 w kwietniu nale\u017ca\u0142o zdecydowanie rozpatrywa\u0107 w kategoriach pogodowych anomalii. Przez tak p\u00f3\u017ane i obfite opady \u015bniegu tegoroczna maj\u00f3wka sta\u0142a pod znakiem jego ogromnych ilo\u015bci zalegaj\u0105cych nie tylko w wy\u017cszych partiach, ale i w dolinach. Mimo tego na weekend majowy pojechali\u015bmy w <strong><a href=\"https:\/\/gorskaprzygoda.pl\/index.php\/category\/tatry\/\">Tatry<\/a><\/strong> s\u0142owackie, ale wyjazd zako\u0144czy\u0142 si\u0119 jedynie spacerami do schronisk: nad Zielonym Stawem Kie\u017cmarskim, Chaty T\u00e9ryego w dolinie Pi\u0119ciu Staw\u00f3w Spiskiech oraz Zb\u00f3jnickiej Chaty w dolinie Starole\u015bnej.<\/p>\n<p style=\"text-align: justify;\">W czerwcu na horyzoncie rysowa\u0142 si\u0119 kolejny d\u0142ugi weekend wi\u0119c od razu zacz\u0105\u0142em snu\u0107 g\u00f3rskie plany. Zazwyczaj kiedy otwieram przed sob\u0105 map\u0119 od razu mam mn\u00f3stwo pomys\u0142\u00f3w i wariant\u00f3w, gdzie by tutaj si\u0119 wybra\u0107. S\u0105 i takie, kt\u00f3re od d\u0142u\u017cszego czasu odk\u0142adam na p\u00f3\u017aniej, ale i co rusz powstaj\u0105 nowe wariacje na g\u00f3rskie eksploracje \ud83d\ude42 Niestety pech do pogody nas nie opuszcza\u0142, bo im bli\u017cszy by\u0142 nasz wyjazd tym prognozy by\u0142y coraz mniej optymistyczne. Kwatera by\u0142a ju\u017c zarezerwowana, opcji odwo\u0142ania nie by\u0142o wi\u0119c postanowili\u015bmy wykorzysta\u0107 cho\u0107 jednodniowe okno pogodowe.<\/p>\n<p style=\"text-align: justify;\">Wyb\u00f3r pad\u0142 na <strong>Ma\u0142\u0105 Wysok\u0105<\/strong>, kt\u00f3ra tak naprawd\u0119 ma\u0142a jest tylko z nazwy. Jej wierzcho\u0142ek wznosi si\u0119 na <strong>2429 m<\/strong> co czyni\u0105 j\u0105 czwartym najwy\u017cszym szczytem <strong><a href=\"https:\/\/gorskaprzygoda.pl\/index.php\/category\/tatry\/\">Tatr<\/a><\/strong> dost\u0119pnym dla turyst\u00f3w znakowanym szlakiem. Po\u0142o\u017cona w samym sercu <strong>Tatr Wysokich<\/strong> w s\u0105siedztwie <strong>doliny Wielickiej<\/strong>, <strong>Starole\u015bnej<\/strong> i <strong>Bia\u0142ej Wody<\/strong> oferuje niesamowite widoki. Co poniekt\u00f3rzy uwa\u017caj\u0105, \u017ce jedne z najpi\u0119kniejszych w ca\u0142ych <strong><a href=\"https:\/\/gorskaprzygoda.pl\/index.php\/category\/tatry\/\">Tatrach<\/a><\/strong>. Czy tak jest faktycznie postanowili\u015bmy sprawdzi\u0107 osobi\u015bcie.<\/p>\n<div data-carousel-extra='{\"blog_id\":1,\"permalink\":\"https:\\\/\\\/gorskaprzygoda.pl\\\/index.php\\\/2017\\\/08\\\/04\\\/wejscie-na-mala-wysoka\\\/\"}' id='gallery-2' class='gallery galleryid-1329 gallery-columns-2 gallery-size-large'><figure class='gallery-item'>\n\t\t\t<div class='gallery-icon landscape'>\n\t\t\t\t<a href='https:\/\/gorskaprzygoda.pl\/wp-content\/uploads\/2018\/01\/Ma\u0142a-Wysoka.jpg'><img loading=\"lazy\" decoding=\"async\" data-attachment-id=\"2353\" data-orig-file=\"https:\/\/gorskaprzygoda.pl\/wp-content\/uploads\/2018\/01\/Ma\u0142a-Wysoka.jpg\" data-orig-size=\"1920,1440\" data-comments-opened=\"1\" data-image-meta=\"{&quot;aperture&quot;:&quot;3.2&quot;,&quot;credit&quot;:&quot;&quot;,&quot;camera&quot;:&quot;COOLPIX S2900&quot;,&quot;caption&quot;:&quot;&quot;,&quot;created_timestamp&quot;:&quot;1497512703&quot;,&quot;copyright&quot;:&quot;&quot;,&quot;focal_length&quot;:&quot;4.6&quot;,&quot;iso&quot;:&quot;80&quot;,&quot;shutter_speed&quot;:&quot;0.0015625&quot;,&quot;title&quot;:&quot;&quot;,&quot;orientation&quot;:&quot;0&quot;,&quot;keywords&quot;:&quot;Array&quot;}\" data-image-title=\"Ma\u0142a Wysoka\" data-image-description=\"\" data-medium-file=\"https:\/\/gorskaprzygoda.pl\/wp-content\/uploads\/2018\/01\/Ma\u0142a-Wysoka-300x225.jpg\" data-large-file=\"https:\/\/gorskaprzygoda.pl\/wp-content\/uploads\/2018\/01\/Ma\u0142a-Wysoka-1024x768.jpg\" width=\"770\" height=\"578\" src=\"https:\/\/gorskaprzygoda.pl\/wp-content\/uploads\/2018\/01\/Ma\u0142a-Wysoka-1024x768.jpg\" class=\"attachment-large size-large\" alt=\"\" aria-describedby=\"gallery-2-2353\" srcset=\"https:\/\/gorskaprzygoda.pl\/wp-content\/uploads\/2018\/01\/Ma\u0142a-Wysoka-1024x768.jpg 1024w, https:\/\/gorskaprzygoda.pl\/wp-content\/uploads\/2018\/01\/Ma\u0142a-Wysoka-300x225.jpg 300w, https:\/\/gorskaprzygoda.pl\/wp-content\/uploads\/2018\/01\/Ma\u0142a-Wysoka-768x576.jpg 768w\" sizes=\"auto, (max-width: 770px) 100vw, 770px\" \/><\/a>\n\t\t\t<\/div>\n\t\t\t\t<figcaption class='wp-caption-text gallery-caption' id='gallery-2-2353'>\n\t\t\t\tTyle zosta\u0142o z tatrza\u0144skich las\u00f3w po Vielkiej Kalamicie\n\t\t\t\t<\/figcaption><\/figure><figure class='gallery-item'>\n\t\t\t<div class='gallery-icon landscape'>\n\t\t\t\t<a href='https:\/\/gorskaprzygoda.pl\/wp-content\/uploads\/2018\/01\/Ma\u0142a-Wysoka-2.jpg'><img loading=\"lazy\" decoding=\"async\" data-attachment-id=\"2354\" data-orig-file=\"https:\/\/gorskaprzygoda.pl\/wp-content\/uploads\/2018\/01\/Ma\u0142a-Wysoka-2.jpg\" data-orig-size=\"1920,1440\" data-comments-opened=\"1\" data-image-meta=\"{&quot;aperture&quot;:&quot;4.9&quot;,&quot;credit&quot;:&quot;&quot;,&quot;camera&quot;:&quot;COOLPIX S2900&quot;,&quot;caption&quot;:&quot;&quot;,&quot;created_timestamp&quot;:&quot;1497513176&quot;,&quot;copyright&quot;:&quot;&quot;,&quot;focal_length&quot;:&quot;10&quot;,&quot;iso&quot;:&quot;80&quot;,&quot;shutter_speed&quot;:&quot;0.003125&quot;,&quot;title&quot;:&quot;&quot;,&quot;orientation&quot;:&quot;0&quot;,&quot;keywords&quot;:&quot;Array&quot;}\" data-image-title=\"Ma\u0142a Wysoka-2\" data-image-description=\"\" data-medium-file=\"https:\/\/gorskaprzygoda.pl\/wp-content\/uploads\/2018\/01\/Ma\u0142a-Wysoka-2-300x225.jpg\" data-large-file=\"https:\/\/gorskaprzygoda.pl\/wp-content\/uploads\/2018\/01\/Ma\u0142a-Wysoka-2-1024x768.jpg\" width=\"770\" height=\"578\" src=\"https:\/\/gorskaprzygoda.pl\/wp-content\/uploads\/2018\/01\/Ma\u0142a-Wysoka-2-1024x768.jpg\" class=\"attachment-large size-large\" alt=\"\" aria-describedby=\"gallery-2-2354\" srcset=\"https:\/\/gorskaprzygoda.pl\/wp-content\/uploads\/2018\/01\/Ma\u0142a-Wysoka-2-1024x768.jpg 1024w, https:\/\/gorskaprzygoda.pl\/wp-content\/uploads\/2018\/01\/Ma\u0142a-Wysoka-2-300x225.jpg 300w, https:\/\/gorskaprzygoda.pl\/wp-content\/uploads\/2018\/01\/Ma\u0142a-Wysoka-2-768x576.jpg 768w\" sizes=\"auto, (max-width: 770px) 100vw, 770px\" \/><\/a>\n\t\t\t<\/div>\n\t\t\t\t<figcaption class='wp-caption-text gallery-caption' id='gallery-2-2354'>\n\t\t\t\tChowaj\u0105cy si\u0119 za drzewami S\u0142awkowski Szczyt\n\t\t\t\t<\/figcaption><\/figure>\n\t\t<\/div>\n\n<p style=\"text-align: justify;\">Nasz\u0105 wycieczk\u0119 rozpocz\u0119li\u015bmy w <strong>Tatrza\u0144skich Zrubach<\/strong>, gdzie uda\u0142o nam si\u0119 zostawi\u0107 samoch\u00f3d na bezp\u0142atnym parkingu. Pocz\u0105tkowo szli\u015bmy szlakiem niebieskim prowadz\u0105cym po pozosta\u0142o\u015bciach tego co zosta\u0142o po tragicznym w skutkach huraganie. 19.11.2004 r. w zaledwie kilka godzin, 24 000 ha tatrza\u0144skich las\u00f3w zosta\u0142o powalonych przez wiatr wiej\u0105cy nawet 170 km\/h. Wielko\u015b\u0107 zniszcze\u0144, kt\u00f3rych do\u015bwiadczy\u0142o s\u0142owackiej dobro narodowe, kt\u00f3rym s\u0105 <strong><a href=\"https:\/\/gorskaprzygoda.pl\/index.php\/category\/tatry\/\">Tatry<\/a><\/strong> trudno opisa\u0107 i sobie wyobrazi\u0107. Szacuje si\u0119, \u017ce wichura powali\u0142a 3 mln m<sup>3<\/sup> drewna co stanowi\u0142o mniej wi\u0119cej PO\u0141OW\u0118 ROCZNEGO pozyskania drewna na S\u0142owacji!!!<\/p>\n<p style=\"text-align: justify;\">Po ok. 50 min doszli\u015bmy do skrzy\u017cowania z \u017c\u00f3\u0142tym szlakiem Pod Zrubami. Swoje dalsze kroki skierowali\u015bmy w stron\u0119 Wielickiej Polany, sk\u0105d ju\u017c rzut beretem mieli\u015bmy pod \u201eschronisko\u201d\/g\u00f3rski hotel <strong>\u015al\u0105ski Dom<\/strong>. Dotarli\u015bmy tam w czasie 1h 35min mimo, \u017ce wg mapy powinni\u015bmy i\u015b\u0107 kolejne 25 min. Jak wida\u0107 byli\u015bmy na g\u00f3rskim g\u0142odzie i pokonywanie kolejnych metr\u00f3w sz\u0142o nam ca\u0142kiem sprawnie. Stoj\u0105c pod <strong>\u015al\u0105skim Domem<\/strong> przed naszymi oczami pojawi\u0142 si\u0119 <strong>Wielicki Staw<\/strong> oraz opadaj\u0105cy do niego Wielicki Wodospad. Kiedy weszli\u015bmy na pr\u00f3g doliny prawie zaniem\u00f3wi\u0142em. Wok\u00f3\u0142 <strong>Kwietnicowego Stawu<\/strong> ros\u0142y \u0142any kwiat\u00f3w, kt\u00f3rych zapach unosi\u0142 si\u0119 w powietrzu. Wiosenna ziele\u0144 napawa\u0142a nasze oczy, a znajduj\u0105ce si\u0119 wok\u00f3\u0142 postrz\u0119pione granie szczyt\u00f3w rozpala\u0142y wyobra\u017ani\u0119. W g\u0142owie ju\u017c uk\u0142ada\u0142em sobie drog\u0119 na <strong>Gerlach<\/strong> przez <strong>Wielick\u0105 Pr\u00f3b\u0119<\/strong> oraz podej\u015bcie na <strong>Starole\u015bny Szczyt<\/strong> przez <strong>Kwietnikowy \u017bleb<\/strong>. Ehhh\u2026 \u017cebym ja tylko mia\u0142 troch\u0119 wi\u0119cej czasu to wszystkie te szczyty by\u0142yby moje \ud83d\ude1b<\/p>\n<div class=\"is-special cf gallery-1-2\" data-type=\"1-2\"><div data-carousel-extra='{\"blog_id\":1,\"permalink\":\"https:\\\/\\\/gorskaprzygoda.pl\\\/index.php\\\/2017\\\/08\\\/04\\\/wejscie-na-mala-wysoka\\\/\"}' id='gallery-4' class='gallery galleryid-1329 gallery-columns-2 gallery-size-large'><figure class='gallery-item'>\n\t\t\t<div class='gallery-icon landscape'>\n\t\t\t\t<a href='https:\/\/gorskaprzygoda.pl\/wp-content\/uploads\/2018\/01\/Ma\u0142a-Wysoka-3.jpg'><img loading=\"lazy\" decoding=\"async\" data-attachment-id=\"2355\" data-orig-file=\"https:\/\/gorskaprzygoda.pl\/wp-content\/uploads\/2018\/01\/Ma\u0142a-Wysoka-3.jpg\" data-orig-size=\"1920,1440\" data-comments-opened=\"1\" data-image-meta=\"{&quot;aperture&quot;:&quot;3.6&quot;,&quot;credit&quot;:&quot;&quot;,&quot;camera&quot;:&quot;COOLPIX S2900&quot;,&quot;caption&quot;:&quot;&quot;,&quot;created_timestamp&quot;:&quot;1497517921&quot;,&quot;copyright&quot;:&quot;&quot;,&quot;focal_length&quot;:&quot;5.8&quot;,&quot;iso&quot;:&quot;80&quot;,&quot;shutter_speed&quot;:&quot;0.002&quot;,&quot;title&quot;:&quot;&quot;,&quot;orientation&quot;:&quot;0&quot;,&quot;keywords&quot;:&quot;Array&quot;}\" data-image-title=\"Ma\u0142a Wysoka-3\" data-image-description=\"\" data-medium-file=\"https:\/\/gorskaprzygoda.pl\/wp-content\/uploads\/2018\/01\/Ma\u0142a-Wysoka-3-300x225.jpg\" data-large-file=\"https:\/\/gorskaprzygoda.pl\/wp-content\/uploads\/2018\/01\/Ma\u0142a-Wysoka-3-1024x768.jpg\" width=\"770\" height=\"578\" src=\"https:\/\/gorskaprzygoda.pl\/wp-content\/uploads\/2018\/01\/Ma\u0142a-Wysoka-3-1024x768.jpg\" class=\"attachment-large size-large\" alt=\"\" aria-describedby=\"gallery-4-2355\" srcset=\"https:\/\/gorskaprzygoda.pl\/wp-content\/uploads\/2018\/01\/Ma\u0142a-Wysoka-3-1024x768.jpg 1024w, https:\/\/gorskaprzygoda.pl\/wp-content\/uploads\/2018\/01\/Ma\u0142a-Wysoka-3-300x225.jpg 300w, https:\/\/gorskaprzygoda.pl\/wp-content\/uploads\/2018\/01\/Ma\u0142a-Wysoka-3-768x576.jpg 768w\" sizes=\"auto, (max-width: 770px) 100vw, 770px\" \/><\/a>\n\t\t\t<\/div>\n\t\t\t\t<figcaption class='wp-caption-text gallery-caption' id='gallery-4-2355'>\n\t\t\t\tWielicki Wodospad opadaj\u0105cy do Wielickiego Stawu\n\t\t\t\t<\/figcaption><\/figure><figure class='gallery-item'>\n\t\t\t<div class='gallery-icon landscape'>\n\t\t\t\t<a href='https:\/\/gorskaprzygoda.pl\/wp-content\/uploads\/2018\/01\/Ma\u0142a-Wysoka-4.jpg'><img loading=\"lazy\" decoding=\"async\" data-attachment-id=\"2356\" data-orig-file=\"https:\/\/gorskaprzygoda.pl\/wp-content\/uploads\/2018\/01\/Ma\u0142a-Wysoka-4.jpg\" data-orig-size=\"1920,1440\" data-comments-opened=\"1\" data-image-meta=\"{&quot;aperture&quot;:&quot;4.5&quot;,&quot;credit&quot;:&quot;&quot;,&quot;camera&quot;:&quot;COOLPIX S2900&quot;,&quot;caption&quot;:&quot;&quot;,&quot;created_timestamp&quot;:&quot;1497518981&quot;,&quot;copyright&quot;:&quot;&quot;,&quot;focal_length&quot;:&quot;8.8&quot;,&quot;iso&quot;:&quot;80&quot;,&quot;shutter_speed&quot;:&quot;0.003125&quot;,&quot;title&quot;:&quot;&quot;,&quot;orientation&quot;:&quot;0&quot;,&quot;keywords&quot;:&quot;Array&quot;}\" data-image-title=\"Ma\u0142a Wysoka-4\" data-image-description=\"\" data-medium-file=\"https:\/\/gorskaprzygoda.pl\/wp-content\/uploads\/2018\/01\/Ma\u0142a-Wysoka-4-300x225.jpg\" data-large-file=\"https:\/\/gorskaprzygoda.pl\/wp-content\/uploads\/2018\/01\/Ma\u0142a-Wysoka-4-1024x768.jpg\" width=\"770\" height=\"578\" src=\"https:\/\/gorskaprzygoda.pl\/wp-content\/uploads\/2018\/01\/Ma\u0142a-Wysoka-4-1024x768.jpg\" class=\"attachment-large size-large\" alt=\"\" aria-describedby=\"gallery-4-2356\" srcset=\"https:\/\/gorskaprzygoda.pl\/wp-content\/uploads\/2018\/01\/Ma\u0142a-Wysoka-4-1024x768.jpg 1024w, https:\/\/gorskaprzygoda.pl\/wp-content\/uploads\/2018\/01\/Ma\u0142a-Wysoka-4-300x225.jpg 300w, https:\/\/gorskaprzygoda.pl\/wp-content\/uploads\/2018\/01\/Ma\u0142a-Wysoka-4-768x576.jpg 768w\" sizes=\"auto, (max-width: 770px) 100vw, 770px\" \/><\/a>\n\t\t\t<\/div>\n\t\t\t\t<figcaption class='wp-caption-text gallery-caption' id='gallery-4-2356'>\n\t\t\t\tWielicki Staw oraz \u015al\u0105ski Dom\n\t\t\t\t<\/figcaption><\/figure><figure class='gallery-item'>\n\t\t\t<div class='gallery-icon landscape'>\n\t\t\t\t<a href='https:\/\/gorskaprzygoda.pl\/wp-content\/uploads\/2018\/01\/Ma\u0142a-Wysoka-6.jpg'><img loading=\"lazy\" decoding=\"async\" data-attachment-id=\"2358\" data-orig-file=\"https:\/\/gorskaprzygoda.pl\/wp-content\/uploads\/2018\/01\/Ma\u0142a-Wysoka-6.jpg\" data-orig-size=\"1920,1440\" data-comments-opened=\"1\" data-image-meta=\"{&quot;aperture&quot;:&quot;3.2&quot;,&quot;credit&quot;:&quot;&quot;,&quot;camera&quot;:&quot;COOLPIX S2900&quot;,&quot;caption&quot;:&quot;&quot;,&quot;created_timestamp&quot;:&quot;1497519610&quot;,&quot;copyright&quot;:&quot;&quot;,&quot;focal_length&quot;:&quot;4.6&quot;,&quot;iso&quot;:&quot;80&quot;,&quot;shutter_speed&quot;:&quot;0.001&quot;,&quot;title&quot;:&quot;&quot;,&quot;orientation&quot;:&quot;0&quot;,&quot;keywords&quot;:&quot;Array&quot;}\" data-image-title=\"Ma\u0142a Wysoka-6\" data-image-description=\"\" data-medium-file=\"https:\/\/gorskaprzygoda.pl\/wp-content\/uploads\/2018\/01\/Ma\u0142a-Wysoka-6-300x225.jpg\" data-large-file=\"https:\/\/gorskaprzygoda.pl\/wp-content\/uploads\/2018\/01\/Ma\u0142a-Wysoka-6-1024x768.jpg\" width=\"770\" height=\"578\" src=\"https:\/\/gorskaprzygoda.pl\/wp-content\/uploads\/2018\/01\/Ma\u0142a-Wysoka-6-1024x768.jpg\" class=\"attachment-large size-large\" alt=\"\" aria-describedby=\"gallery-4-2358\" srcset=\"https:\/\/gorskaprzygoda.pl\/wp-content\/uploads\/2018\/01\/Ma\u0142a-Wysoka-6-1024x768.jpg 1024w, https:\/\/gorskaprzygoda.pl\/wp-content\/uploads\/2018\/01\/Ma\u0142a-Wysoka-6-300x225.jpg 300w, https:\/\/gorskaprzygoda.pl\/wp-content\/uploads\/2018\/01\/Ma\u0142a-Wysoka-6-768x576.jpg 768w\" sizes=\"auto, (max-width: 770px) 100vw, 770px\" \/><\/a>\n\t\t\t<\/div>\n\t\t\t\t<figcaption class='wp-caption-text gallery-caption' id='gallery-4-2358'>\n\t\t\t\tKwietnikowy Staw z widokiem na Wielick\u0105 Pr\u00f3b\u0119\n\t\t\t\t<\/figcaption><\/figure><figure class='gallery-item'>\n\t\t\t<div class='gallery-icon landscape'>\n\t\t\t\t<a href='https:\/\/gorskaprzygoda.pl\/wp-content\/uploads\/2018\/01\/Ma\u0142a-Wysoka-5.jpg'><img loading=\"lazy\" decoding=\"async\" data-attachment-id=\"2357\" data-orig-file=\"https:\/\/gorskaprzygoda.pl\/wp-content\/uploads\/2018\/01\/Ma\u0142a-Wysoka-5.jpg\" data-orig-size=\"1920,1440\" data-comments-opened=\"1\" data-image-meta=\"{&quot;aperture&quot;:&quot;3.2&quot;,&quot;credit&quot;:&quot;&quot;,&quot;camera&quot;:&quot;COOLPIX S2900&quot;,&quot;caption&quot;:&quot;&quot;,&quot;created_timestamp&quot;:&quot;1497519350&quot;,&quot;copyright&quot;:&quot;&quot;,&quot;focal_length&quot;:&quot;4.6&quot;,&quot;iso&quot;:&quot;80&quot;,&quot;shutter_speed&quot;:&quot;0.001&quot;,&quot;title&quot;:&quot;&quot;,&quot;orientation&quot;:&quot;0&quot;,&quot;keywords&quot;:&quot;Array&quot;}\" data-image-title=\"Ma\u0142a Wysoka-5\" data-image-description=\"\" data-medium-file=\"https:\/\/gorskaprzygoda.pl\/wp-content\/uploads\/2018\/01\/Ma\u0142a-Wysoka-5-300x225.jpg\" data-large-file=\"https:\/\/gorskaprzygoda.pl\/wp-content\/uploads\/2018\/01\/Ma\u0142a-Wysoka-5-1024x768.jpg\" width=\"770\" height=\"578\" src=\"https:\/\/gorskaprzygoda.pl\/wp-content\/uploads\/2018\/01\/Ma\u0142a-Wysoka-5-1024x768.jpg\" class=\"attachment-large size-large\" alt=\"\" aria-describedby=\"gallery-4-2357\" srcset=\"https:\/\/gorskaprzygoda.pl\/wp-content\/uploads\/2018\/01\/Ma\u0142a-Wysoka-5-1024x768.jpg 1024w, https:\/\/gorskaprzygoda.pl\/wp-content\/uploads\/2018\/01\/Ma\u0142a-Wysoka-5-300x225.jpg 300w, https:\/\/gorskaprzygoda.pl\/wp-content\/uploads\/2018\/01\/Ma\u0142a-Wysoka-5-768x576.jpg 768w\" sizes=\"auto, (max-width: 770px) 100vw, 770px\" \/><\/a>\n\t\t\t<\/div>\n\t\t\t\t<figcaption class='wp-caption-text gallery-caption' id='gallery-4-2357'>\n\t\t\t\tDolina Wielicka w p\u00f3\u017ano wiosennym wydaniu\n\t\t\t\t<\/figcaption><\/figure><figure class='gallery-item'>\n\t\t\t<div class='gallery-icon landscape'>\n\t\t\t\t<a href='https:\/\/gorskaprzygoda.pl\/wp-content\/uploads\/2018\/01\/Ma\u0142a-Wysoka-7.jpg'><img loading=\"lazy\" decoding=\"async\" data-attachment-id=\"2359\" data-orig-file=\"https:\/\/gorskaprzygoda.pl\/wp-content\/uploads\/2018\/01\/Ma\u0142a-Wysoka-7.jpg\" data-orig-size=\"1920,1440\" data-comments-opened=\"1\" data-image-meta=\"{&quot;aperture&quot;:&quot;3.9&quot;,&quot;credit&quot;:&quot;&quot;,&quot;camera&quot;:&quot;COOLPIX S2900&quot;,&quot;caption&quot;:&quot;&quot;,&quot;created_timestamp&quot;:&quot;1497519767&quot;,&quot;copyright&quot;:&quot;&quot;,&quot;focal_length&quot;:&quot;6.7&quot;,&quot;iso&quot;:&quot;80&quot;,&quot;shutter_speed&quot;:&quot;0.0015625&quot;,&quot;title&quot;:&quot;&quot;,&quot;orientation&quot;:&quot;0&quot;,&quot;keywords&quot;:&quot;Array&quot;}\" data-image-title=\"Ma\u0142a Wysoka-7\" data-image-description=\"\" data-medium-file=\"https:\/\/gorskaprzygoda.pl\/wp-content\/uploads\/2018\/01\/Ma\u0142a-Wysoka-7-300x225.jpg\" data-large-file=\"https:\/\/gorskaprzygoda.pl\/wp-content\/uploads\/2018\/01\/Ma\u0142a-Wysoka-7-1024x768.jpg\" width=\"770\" height=\"578\" src=\"https:\/\/gorskaprzygoda.pl\/wp-content\/uploads\/2018\/01\/Ma\u0142a-Wysoka-7-1024x768.jpg\" class=\"attachment-large size-large\" alt=\"\" aria-describedby=\"gallery-4-2359\" srcset=\"https:\/\/gorskaprzygoda.pl\/wp-content\/uploads\/2018\/01\/Ma\u0142a-Wysoka-7-1024x768.jpg 1024w, https:\/\/gorskaprzygoda.pl\/wp-content\/uploads\/2018\/01\/Ma\u0142a-Wysoka-7-300x225.jpg 300w, https:\/\/gorskaprzygoda.pl\/wp-content\/uploads\/2018\/01\/Ma\u0142a-Wysoka-7-768x576.jpg 768w\" sizes=\"auto, (max-width: 770px) 100vw, 770px\" \/><\/a>\n\t\t\t<\/div>\n\t\t\t\t<figcaption class='wp-caption-text gallery-caption' id='gallery-4-2359'>\n\t\t\t\tJeszcze raz Wielicka Pr\u00f3ba\n\t\t\t\t<\/figcaption><\/figure><figure class='gallery-item'>\n\t\t\t<div class='gallery-icon landscape'>\n\t\t\t\t<a href='https:\/\/gorskaprzygoda.pl\/wp-content\/uploads\/2018\/01\/Ma\u0142a-Wysoka-8.jpg'><img loading=\"lazy\" decoding=\"async\" data-attachment-id=\"2360\" data-orig-file=\"https:\/\/gorskaprzygoda.pl\/wp-content\/uploads\/2018\/01\/Ma\u0142a-Wysoka-8.jpg\" data-orig-size=\"1920,1440\" data-comments-opened=\"1\" data-image-meta=\"{&quot;aperture&quot;:&quot;4.5&quot;,&quot;credit&quot;:&quot;&quot;,&quot;camera&quot;:&quot;COOLPIX S2900&quot;,&quot;caption&quot;:&quot;&quot;,&quot;created_timestamp&quot;:&quot;1497520531&quot;,&quot;copyright&quot;:&quot;&quot;,&quot;focal_length&quot;:&quot;8.8&quot;,&quot;iso&quot;:&quot;80&quot;,&quot;shutter_speed&quot;:&quot;0.004&quot;,&quot;title&quot;:&quot;&quot;,&quot;orientation&quot;:&quot;0&quot;,&quot;keywords&quot;:&quot;Array&quot;}\" data-image-title=\"Ma\u0142a Wysoka-8\" data-image-description=\"\" data-medium-file=\"https:\/\/gorskaprzygoda.pl\/wp-content\/uploads\/2018\/01\/Ma\u0142a-Wysoka-8-300x225.jpg\" data-large-file=\"https:\/\/gorskaprzygoda.pl\/wp-content\/uploads\/2018\/01\/Ma\u0142a-Wysoka-8-1024x768.jpg\" width=\"770\" height=\"578\" src=\"https:\/\/gorskaprzygoda.pl\/wp-content\/uploads\/2018\/01\/Ma\u0142a-Wysoka-8-1024x768.jpg\" class=\"attachment-large size-large\" alt=\"\" aria-describedby=\"gallery-4-2360\" srcset=\"https:\/\/gorskaprzygoda.pl\/wp-content\/uploads\/2018\/01\/Ma\u0142a-Wysoka-8-1024x768.jpg 1024w, https:\/\/gorskaprzygoda.pl\/wp-content\/uploads\/2018\/01\/Ma\u0142a-Wysoka-8-300x225.jpg 300w, https:\/\/gorskaprzygoda.pl\/wp-content\/uploads\/2018\/01\/Ma\u0142a-Wysoka-8-768x576.jpg 768w\" sizes=\"auto, (max-width: 770px) 100vw, 770px\" \/><\/a>\n\t\t\t<\/div>\n\t\t\t\t<figcaption class='wp-caption-text gallery-caption' id='gallery-4-2360'>\n\t\t\t\tStarole\u015bny Szczyt (Bradavica) oraz Kwietnikowy \u017bleb opadaj\u0105cy spod szczytowych turni\n\t\t\t\t<\/figcaption><\/figure><figure class='gallery-item'>\n\t\t\t<div class='gallery-icon landscape'>\n\t\t\t\t<a href='https:\/\/gorskaprzygoda.pl\/wp-content\/uploads\/2018\/01\/Ma\u0142a-Wysoka-9.jpg'><img loading=\"lazy\" decoding=\"async\" data-attachment-id=\"2361\" data-orig-file=\"https:\/\/gorskaprzygoda.pl\/wp-content\/uploads\/2018\/01\/Ma\u0142a-Wysoka-9.jpg\" data-orig-size=\"1920,1440\" data-comments-opened=\"1\" data-image-meta=\"{&quot;aperture&quot;:&quot;5.8&quot;,&quot;credit&quot;:&quot;&quot;,&quot;camera&quot;:&quot;COOLPIX S2900&quot;,&quot;caption&quot;:&quot;&quot;,&quot;created_timestamp&quot;:&quot;1497520836&quot;,&quot;copyright&quot;:&quot;&quot;,&quot;focal_length&quot;:&quot;13.5&quot;,&quot;iso&quot;:&quot;80&quot;,&quot;shutter_speed&quot;:&quot;0.005&quot;,&quot;title&quot;:&quot;&quot;,&quot;orientation&quot;:&quot;0&quot;,&quot;keywords&quot;:&quot;Array&quot;}\" data-image-title=\"Ma\u0142a Wysoka-9\" data-image-description=\"\" data-medium-file=\"https:\/\/gorskaprzygoda.pl\/wp-content\/uploads\/2018\/01\/Ma\u0142a-Wysoka-9-300x225.jpg\" data-large-file=\"https:\/\/gorskaprzygoda.pl\/wp-content\/uploads\/2018\/01\/Ma\u0142a-Wysoka-9-1024x768.jpg\" width=\"770\" height=\"578\" src=\"https:\/\/gorskaprzygoda.pl\/wp-content\/uploads\/2018\/01\/Ma\u0142a-Wysoka-9-1024x768.jpg\" class=\"attachment-large size-large\" alt=\"\" aria-describedby=\"gallery-4-2361\" srcset=\"https:\/\/gorskaprzygoda.pl\/wp-content\/uploads\/2018\/01\/Ma\u0142a-Wysoka-9-1024x768.jpg 1024w, https:\/\/gorskaprzygoda.pl\/wp-content\/uploads\/2018\/01\/Ma\u0142a-Wysoka-9-300x225.jpg 300w, https:\/\/gorskaprzygoda.pl\/wp-content\/uploads\/2018\/01\/Ma\u0142a-Wysoka-9-768x576.jpg 768w\" sizes=\"auto, (max-width: 770px) 100vw, 770px\" \/><\/a>\n\t\t\t<\/div>\n\t\t\t\t<figcaption class='wp-caption-text gallery-caption' id='gallery-4-2361'>\n\t\t\t\tZbli\u017cenie na szczytowe turnie Starole\u015bnego Szczytu: Paw\u0142owa Turnia po lewej, po prawej Kwietnikowa Turnia. Na prawo od Kwietnikowej Turni znajduje si\u0119 jeszcze Rogata Turnia\n\t\t\t\t<\/figcaption><\/figure>\n\t\t<\/div>\n<\/div>\n<p style=\"text-align: justify;\">Dalsza droga w kierunku <strong>Polskiego Grzebienia<\/strong> up\u0142yn\u0119\u0142a nam na podziwianiu otaczaj\u0105cych nas wierzcho\u0142k\u00f3w, turni, turniczek, \u017cleb\u00f3w, prze\u0142\u0119czy i prze\u0142\u0105czek. Po prostu tatrza\u0144ska magia w najpi\u0119kniejszym wydaniu. Na wysoko\u015bci D\u0142ugiego Stawu mogli\u015bmy zobaczy\u0107 opadaj\u0105cy z Lawiniastej Prze\u0142\u0105czki pot\u0119\u017cny <strong>\u017bleb Karczmarza<\/strong>, jeden z najwi\u0119kszych \u017cleb\u00f3w w <strong><a href=\"https:\/\/gorskaprzygoda.pl\/index.php\/category\/tatry\/\">Tatrach<\/a><\/strong>, kt\u00f3rego d\u0142ugo\u015b\u0107 wynosi ok. 800 m. Opadaj\u0105ce z niego kamienie utworzy\u0142y sporych rozmiar\u00f3w sto\u017cek piargowy, kt\u00f3ry ca\u0142y czas zasypuje D\u0142ugi Staw Wielicki. Niewiele go ju\u017c zosta\u0142o i pewnie za jaki\u015b czas zniknie ca\u0142kowicie. Nietrudno si\u0119 te\u017c domy\u015bli\u0107, \u017ce w \u017clebie w dalszym ci\u0105gu zalega\u0142y spore ilo\u015bci \u015bniegu. Po przej\u015bciu D\u0142ugiego Stawu mieni\u0105cego si\u0119 przepi\u0119knymi barwami skierowali\u015bmy si\u0119 na praw\u0105 stron\u0119 <strong>doliny Wielickiej<\/strong>. To tamt\u0119dy wyznaczony zosta\u0142a szlak, kt\u00f3ry tu\u017c przed prze\u0142\u0105cza poprowadzony zosta\u0142 po ska\u0142kach ubezpieczonych w paru miejscach \u0142a\u0144cuchami. Nie stanowi\u0105 one wi\u0119kszych trudno\u015bci wi\u0119c po kilku chwilach zameldowali\u015bmy si\u0119 na <strong>Polskim Grzebieniu<\/strong>. Na prze\u0142\u0119czy ukaza\u0142a nam si\u0119 dolina Bia\u0142ej Wody i w dalszym ci\u0105gu skuty lodem Zmarz\u0142y Staw. Nazwa w ko\u0144cu zobowi\u0105zuje \ud83d\ude42<\/p>\n<div class=\"is-special cf gallery-1-2\" data-type=\"1-2\"><div data-carousel-extra='{\"blog_id\":1,\"permalink\":\"https:\\\/\\\/gorskaprzygoda.pl\\\/index.php\\\/2017\\\/08\\\/04\\\/wejscie-na-mala-wysoka\\\/\"}' id='gallery-6' class='gallery galleryid-1329 gallery-columns-2 gallery-size-large'><figure class='gallery-item'>\n\t\t\t<div class='gallery-icon landscape'>\n\t\t\t\t<a href='https:\/\/gorskaprzygoda.pl\/wp-content\/uploads\/2018\/01\/Ma\u0142a-Wysoka-12.jpg'><img loading=\"lazy\" decoding=\"async\" data-attachment-id=\"2364\" data-orig-file=\"https:\/\/gorskaprzygoda.pl\/wp-content\/uploads\/2018\/01\/Ma\u0142a-Wysoka-12.jpg\" data-orig-size=\"1920,1440\" data-comments-opened=\"1\" data-image-meta=\"{&quot;aperture&quot;:&quot;3.9&quot;,&quot;credit&quot;:&quot;&quot;,&quot;camera&quot;:&quot;COOLPIX S2900&quot;,&quot;caption&quot;:&quot;&quot;,&quot;created_timestamp&quot;:&quot;1497521480&quot;,&quot;copyright&quot;:&quot;&quot;,&quot;focal_length&quot;:&quot;6.7&quot;,&quot;iso&quot;:&quot;80&quot;,&quot;shutter_speed&quot;:&quot;0.002&quot;,&quot;title&quot;:&quot;&quot;,&quot;orientation&quot;:&quot;0&quot;,&quot;keywords&quot;:&quot;Array&quot;}\" data-image-title=\"Ma\u0142a Wysoka-12\" data-image-description=\"\" data-medium-file=\"https:\/\/gorskaprzygoda.pl\/wp-content\/uploads\/2018\/01\/Ma\u0142a-Wysoka-12-300x225.jpg\" data-large-file=\"https:\/\/gorskaprzygoda.pl\/wp-content\/uploads\/2018\/01\/Ma\u0142a-Wysoka-12-1024x768.jpg\" width=\"770\" height=\"578\" src=\"https:\/\/gorskaprzygoda.pl\/wp-content\/uploads\/2018\/01\/Ma\u0142a-Wysoka-12-1024x768.jpg\" class=\"attachment-large size-large\" alt=\"\" srcset=\"https:\/\/gorskaprzygoda.pl\/wp-content\/uploads\/2018\/01\/Ma\u0142a-Wysoka-12-1024x768.jpg 1024w, https:\/\/gorskaprzygoda.pl\/wp-content\/uploads\/2018\/01\/Ma\u0142a-Wysoka-12-300x225.jpg 300w, https:\/\/gorskaprzygoda.pl\/wp-content\/uploads\/2018\/01\/Ma\u0142a-Wysoka-12-768x576.jpg 768w\" sizes=\"auto, (max-width: 770px) 100vw, 770px\" \/><\/a>\n\t\t\t<\/div><\/figure><figure class='gallery-item'>\n\t\t\t<div class='gallery-icon landscape'>\n\t\t\t\t<a href='https:\/\/gorskaprzygoda.pl\/wp-content\/uploads\/2018\/01\/Ma\u0142a-Wysoka-11.jpg'><img loading=\"lazy\" decoding=\"async\" data-attachment-id=\"2363\" data-orig-file=\"https:\/\/gorskaprzygoda.pl\/wp-content\/uploads\/2018\/01\/Ma\u0142a-Wysoka-11.jpg\" data-orig-size=\"1920,1440\" data-comments-opened=\"1\" data-image-meta=\"{&quot;aperture&quot;:&quot;3.2&quot;,&quot;credit&quot;:&quot;&quot;,&quot;camera&quot;:&quot;COOLPIX S2900&quot;,&quot;caption&quot;:&quot;&quot;,&quot;created_timestamp&quot;:&quot;1497521192&quot;,&quot;copyright&quot;:&quot;&quot;,&quot;focal_length&quot;:&quot;4.6&quot;,&quot;iso&quot;:&quot;80&quot;,&quot;shutter_speed&quot;:&quot;0.001&quot;,&quot;title&quot;:&quot;&quot;,&quot;orientation&quot;:&quot;0&quot;,&quot;keywords&quot;:&quot;Array&quot;}\" data-image-title=\"Ma\u0142a Wysoka-11\" data-image-description=\"\" data-medium-file=\"https:\/\/gorskaprzygoda.pl\/wp-content\/uploads\/2018\/01\/Ma\u0142a-Wysoka-11-300x225.jpg\" data-large-file=\"https:\/\/gorskaprzygoda.pl\/wp-content\/uploads\/2018\/01\/Ma\u0142a-Wysoka-11-1024x768.jpg\" width=\"770\" height=\"578\" src=\"https:\/\/gorskaprzygoda.pl\/wp-content\/uploads\/2018\/01\/Ma\u0142a-Wysoka-11-1024x768.jpg\" class=\"attachment-large size-large\" alt=\"\" aria-describedby=\"gallery-6-2363\" srcset=\"https:\/\/gorskaprzygoda.pl\/wp-content\/uploads\/2018\/01\/Ma\u0142a-Wysoka-11-1024x768.jpg 1024w, https:\/\/gorskaprzygoda.pl\/wp-content\/uploads\/2018\/01\/Ma\u0142a-Wysoka-11-300x225.jpg 300w, https:\/\/gorskaprzygoda.pl\/wp-content\/uploads\/2018\/01\/Ma\u0142a-Wysoka-11-768x576.jpg 768w\" sizes=\"auto, (max-width: 770px) 100vw, 770px\" \/><\/a>\n\t\t\t<\/div>\n\t\t\t\t<figcaption class='wp-caption-text gallery-caption' id='gallery-6-2363'>\n\t\t\t\tD\u0142ugi Staw Wielicki coraz mniejszy\u2026 Pewnie nied\u0142ugo zupe\u0142nie zniknie\u2026\n\t\t\t\t<\/figcaption><\/figure><figure class='gallery-item'>\n\t\t\t<div class='gallery-icon landscape'>\n\t\t\t\t<a href='https:\/\/gorskaprzygoda.pl\/wp-content\/uploads\/2018\/01\/Ma\u0142a-Wysoka-10.jpg'><img loading=\"lazy\" decoding=\"async\" data-attachment-id=\"2362\" data-orig-file=\"https:\/\/gorskaprzygoda.pl\/wp-content\/uploads\/2018\/01\/Ma\u0142a-Wysoka-10.jpg\" data-orig-size=\"1920,1440\" data-comments-opened=\"1\" data-image-meta=\"{&quot;aperture&quot;:&quot;3.2&quot;,&quot;credit&quot;:&quot;&quot;,&quot;camera&quot;:&quot;COOLPIX S2900&quot;,&quot;caption&quot;:&quot;&quot;,&quot;created_timestamp&quot;:&quot;1497520940&quot;,&quot;copyright&quot;:&quot;&quot;,&quot;focal_length&quot;:&quot;4.6&quot;,&quot;iso&quot;:&quot;80&quot;,&quot;shutter_speed&quot;:&quot;0.0005&quot;,&quot;title&quot;:&quot;&quot;,&quot;orientation&quot;:&quot;0&quot;,&quot;keywords&quot;:&quot;Array&quot;}\" data-image-title=\"Ma\u0142a Wysoka-10\" data-image-description=\"\" data-medium-file=\"https:\/\/gorskaprzygoda.pl\/wp-content\/uploads\/2018\/01\/Ma\u0142a-Wysoka-10-300x225.jpg\" data-large-file=\"https:\/\/gorskaprzygoda.pl\/wp-content\/uploads\/2018\/01\/Ma\u0142a-Wysoka-10-1024x768.jpg\" width=\"770\" height=\"578\" src=\"https:\/\/gorskaprzygoda.pl\/wp-content\/uploads\/2018\/01\/Ma\u0142a-Wysoka-10-1024x768.jpg\" class=\"attachment-large size-large\" alt=\"\" aria-describedby=\"gallery-6-2362\" srcset=\"https:\/\/gorskaprzygoda.pl\/wp-content\/uploads\/2018\/01\/Ma\u0142a-Wysoka-10-1024x768.jpg 1024w, https:\/\/gorskaprzygoda.pl\/wp-content\/uploads\/2018\/01\/Ma\u0142a-Wysoka-10-300x225.jpg 300w, https:\/\/gorskaprzygoda.pl\/wp-content\/uploads\/2018\/01\/Ma\u0142a-Wysoka-10-768x576.jpg 768w\" sizes=\"auto, (max-width: 770px) 100vw, 770px\" \/><\/a>\n\t\t\t<\/div>\n\t\t\t\t<figcaption class='wp-caption-text gallery-caption' id='gallery-6-2362'>\n\t\t\t\tNad D\u0142ugim Stawem, w oddali Polski Grzebie\u0144\n\t\t\t\t<\/figcaption><\/figure><figure class='gallery-item'>\n\t\t\t<div class='gallery-icon landscape'>\n\t\t\t\t<a href='https:\/\/gorskaprzygoda.pl\/wp-content\/uploads\/2018\/01\/Ma\u0142a-Wysoka-14.jpg'><img loading=\"lazy\" decoding=\"async\" data-attachment-id=\"2366\" data-orig-file=\"https:\/\/gorskaprzygoda.pl\/wp-content\/uploads\/2018\/01\/Ma\u0142a-Wysoka-14.jpg\" data-orig-size=\"1920,1440\" data-comments-opened=\"1\" data-image-meta=\"{&quot;aperture&quot;:&quot;3.2&quot;,&quot;credit&quot;:&quot;&quot;,&quot;camera&quot;:&quot;COOLPIX S2900&quot;,&quot;caption&quot;:&quot;&quot;,&quot;created_timestamp&quot;:&quot;1497523183&quot;,&quot;copyright&quot;:&quot;&quot;,&quot;focal_length&quot;:&quot;4.6&quot;,&quot;iso&quot;:&quot;80&quot;,&quot;shutter_speed&quot;:&quot;0.0008&quot;,&quot;title&quot;:&quot;&quot;,&quot;orientation&quot;:&quot;0&quot;,&quot;keywords&quot;:&quot;Array&quot;}\" data-image-title=\"Ma\u0142a Wysoka-14\" data-image-description=\"\" data-medium-file=\"https:\/\/gorskaprzygoda.pl\/wp-content\/uploads\/2018\/01\/Ma\u0142a-Wysoka-14-300x225.jpg\" data-large-file=\"https:\/\/gorskaprzygoda.pl\/wp-content\/uploads\/2018\/01\/Ma\u0142a-Wysoka-14-1024x768.jpg\" width=\"770\" height=\"578\" src=\"https:\/\/gorskaprzygoda.pl\/wp-content\/uploads\/2018\/01\/Ma\u0142a-Wysoka-14-1024x768.jpg\" class=\"attachment-large size-large\" alt=\"\" aria-describedby=\"gallery-6-2366\" srcset=\"https:\/\/gorskaprzygoda.pl\/wp-content\/uploads\/2018\/01\/Ma\u0142a-Wysoka-14-1024x768.jpg 1024w, https:\/\/gorskaprzygoda.pl\/wp-content\/uploads\/2018\/01\/Ma\u0142a-Wysoka-14-300x225.jpg 300w, https:\/\/gorskaprzygoda.pl\/wp-content\/uploads\/2018\/01\/Ma\u0142a-Wysoka-14-768x576.jpg 768w\" sizes=\"auto, (max-width: 770px) 100vw, 770px\" \/><\/a>\n\t\t\t<\/div>\n\t\t\t\t<figcaption class='wp-caption-text gallery-caption' id='gallery-6-2366'>\n\t\t\t\tOstatnie metry przed Polskim Grzebieniem\n\t\t\t\t<\/figcaption><\/figure><figure class='gallery-item'>\n\t\t\t<div class='gallery-icon landscape'>\n\t\t\t\t<a href='https:\/\/gorskaprzygoda.pl\/wp-content\/uploads\/2018\/01\/Ma\u0142a-Wysoka-15.jpg'><img loading=\"lazy\" decoding=\"async\" data-attachment-id=\"2367\" data-orig-file=\"https:\/\/gorskaprzygoda.pl\/wp-content\/uploads\/2018\/01\/Ma\u0142a-Wysoka-15.jpg\" data-orig-size=\"1920,1440\" data-comments-opened=\"1\" data-image-meta=\"{&quot;aperture&quot;:&quot;3.2&quot;,&quot;credit&quot;:&quot;&quot;,&quot;camera&quot;:&quot;COOLPIX S2900&quot;,&quot;caption&quot;:&quot;&quot;,&quot;created_timestamp&quot;:&quot;1497523241&quot;,&quot;copyright&quot;:&quot;&quot;,&quot;focal_length&quot;:&quot;4.6&quot;,&quot;iso&quot;:&quot;80&quot;,&quot;shutter_speed&quot;:&quot;0.001&quot;,&quot;title&quot;:&quot;&quot;,&quot;orientation&quot;:&quot;0&quot;,&quot;keywords&quot;:&quot;Array&quot;}\" data-image-title=\"Ma\u0142a Wysoka-15\" data-image-description=\"\" data-medium-file=\"https:\/\/gorskaprzygoda.pl\/wp-content\/uploads\/2018\/01\/Ma\u0142a-Wysoka-15-300x225.jpg\" data-large-file=\"https:\/\/gorskaprzygoda.pl\/wp-content\/uploads\/2018\/01\/Ma\u0142a-Wysoka-15-1024x768.jpg\" width=\"770\" height=\"578\" src=\"https:\/\/gorskaprzygoda.pl\/wp-content\/uploads\/2018\/01\/Ma\u0142a-Wysoka-15-1024x768.jpg\" class=\"attachment-large size-large\" alt=\"\" aria-describedby=\"gallery-6-2367\" srcset=\"https:\/\/gorskaprzygoda.pl\/wp-content\/uploads\/2018\/01\/Ma\u0142a-Wysoka-15-1024x768.jpg 1024w, https:\/\/gorskaprzygoda.pl\/wp-content\/uploads\/2018\/01\/Ma\u0142a-Wysoka-15-300x225.jpg 300w, https:\/\/gorskaprzygoda.pl\/wp-content\/uploads\/2018\/01\/Ma\u0142a-Wysoka-15-768x576.jpg 768w\" sizes=\"auto, (max-width: 770px) 100vw, 770px\" \/><\/a>\n\t\t\t<\/div>\n\t\t\t\t<figcaption class='wp-caption-text gallery-caption' id='gallery-6-2367'>\n\t\t\t\tJu\u017c tu\u017c, tu\u017c\u2026\n\t\t\t\t<\/figcaption><\/figure><figure class='gallery-item'>\n\t\t\t<div class='gallery-icon landscape'>\n\t\t\t\t<a href='https:\/\/gorskaprzygoda.pl\/wp-content\/uploads\/2018\/01\/Ma\u0142a-Wysoka-17.jpg'><img loading=\"lazy\" decoding=\"async\" data-attachment-id=\"2369\" data-orig-file=\"https:\/\/gorskaprzygoda.pl\/wp-content\/uploads\/2018\/01\/Ma\u0142a-Wysoka-17.jpg\" data-orig-size=\"1920,1440\" data-comments-opened=\"1\" data-image-meta=\"{&quot;aperture&quot;:&quot;3.2&quot;,&quot;credit&quot;:&quot;&quot;,&quot;camera&quot;:&quot;COOLPIX S2900&quot;,&quot;caption&quot;:&quot;&quot;,&quot;created_timestamp&quot;:&quot;1497523462&quot;,&quot;copyright&quot;:&quot;&quot;,&quot;focal_length&quot;:&quot;4.6&quot;,&quot;iso&quot;:&quot;80&quot;,&quot;shutter_speed&quot;:&quot;0.0005&quot;,&quot;title&quot;:&quot;&quot;,&quot;orientation&quot;:&quot;0&quot;,&quot;keywords&quot;:&quot;Array&quot;}\" data-image-title=\"Ma\u0142a Wysoka-17\" data-image-description=\"\" data-medium-file=\"https:\/\/gorskaprzygoda.pl\/wp-content\/uploads\/2018\/01\/Ma\u0142a-Wysoka-17-300x225.jpg\" data-large-file=\"https:\/\/gorskaprzygoda.pl\/wp-content\/uploads\/2018\/01\/Ma\u0142a-Wysoka-17-1024x768.jpg\" width=\"770\" height=\"578\" src=\"https:\/\/gorskaprzygoda.pl\/wp-content\/uploads\/2018\/01\/Ma\u0142a-Wysoka-17-1024x768.jpg\" class=\"attachment-large size-large\" alt=\"\" aria-describedby=\"gallery-6-2369\" srcset=\"https:\/\/gorskaprzygoda.pl\/wp-content\/uploads\/2018\/01\/Ma\u0142a-Wysoka-17-1024x768.jpg 1024w, https:\/\/gorskaprzygoda.pl\/wp-content\/uploads\/2018\/01\/Ma\u0142a-Wysoka-17-300x225.jpg 300w, https:\/\/gorskaprzygoda.pl\/wp-content\/uploads\/2018\/01\/Ma\u0142a-Wysoka-17-768x576.jpg 768w\" sizes=\"auto, (max-width: 770px) 100vw, 770px\" \/><\/a>\n\t\t\t<\/div>\n\t\t\t\t<figcaption class='wp-caption-text gallery-caption' id='gallery-6-2369'>\n\t\t\t\tI dolina Bia\u0142ej Wody wraz z Zmarz\u0142ym Stawem skutym lodem\n\t\t\t\t<\/figcaption><\/figure><figure class='gallery-item'>\n\t\t\t<div class='gallery-icon landscape'>\n\t\t\t\t<a href='https:\/\/gorskaprzygoda.pl\/wp-content\/uploads\/2018\/01\/Ma\u0142a-Wysoka-13.jpg'><img loading=\"lazy\" decoding=\"async\" data-attachment-id=\"2365\" data-orig-file=\"https:\/\/gorskaprzygoda.pl\/wp-content\/uploads\/2018\/01\/Ma\u0142a-Wysoka-13.jpg\" data-orig-size=\"1920,1440\" data-comments-opened=\"1\" data-image-meta=\"{&quot;aperture&quot;:&quot;3.2&quot;,&quot;credit&quot;:&quot;&quot;,&quot;camera&quot;:&quot;COOLPIX S2900&quot;,&quot;caption&quot;:&quot;&quot;,&quot;created_timestamp&quot;:&quot;1497523145&quot;,&quot;copyright&quot;:&quot;&quot;,&quot;focal_length&quot;:&quot;4.6&quot;,&quot;iso&quot;:&quot;80&quot;,&quot;shutter_speed&quot;:&quot;0.001&quot;,&quot;title&quot;:&quot;&quot;,&quot;orientation&quot;:&quot;0&quot;,&quot;keywords&quot;:&quot;Array&quot;}\" data-image-title=\"Ma\u0142a Wysoka-13\" data-image-description=\"\" data-medium-file=\"https:\/\/gorskaprzygoda.pl\/wp-content\/uploads\/2018\/01\/Ma\u0142a-Wysoka-13-300x225.jpg\" data-large-file=\"https:\/\/gorskaprzygoda.pl\/wp-content\/uploads\/2018\/01\/Ma\u0142a-Wysoka-13-1024x768.jpg\" width=\"770\" height=\"578\" src=\"https:\/\/gorskaprzygoda.pl\/wp-content\/uploads\/2018\/01\/Ma\u0142a-Wysoka-13-1024x768.jpg\" class=\"attachment-large size-large\" alt=\"\" srcset=\"https:\/\/gorskaprzygoda.pl\/wp-content\/uploads\/2018\/01\/Ma\u0142a-Wysoka-13-1024x768.jpg 1024w, https:\/\/gorskaprzygoda.pl\/wp-content\/uploads\/2018\/01\/Ma\u0142a-Wysoka-13-300x225.jpg 300w, https:\/\/gorskaprzygoda.pl\/wp-content\/uploads\/2018\/01\/Ma\u0142a-Wysoka-13-768x576.jpg 768w\" sizes=\"auto, (max-width: 770px) 100vw, 770px\" \/><\/a>\n\t\t\t<\/div><\/figure>\n\t\t<\/div>\n<\/div>\n<p style=\"text-align: justify;\">Po kr\u00f3tkiej przerwie i podziwianiu widok\u00f3w ruszyli\u015bmy \u017c\u00f3\u0142tym szlakiem na ostatni\u0105 prost\u0105. Szczyt <strong>Ma\u0142ej Wysokiej<\/strong> mieli\u015bmy ju\u017c na wyci\u0105gni\u0119cie r\u0119ki i pozosta\u0142a tylko formalno\u015b\u0107, aby go osi\u0105gn\u0105\u0107. Pocz\u0105tkowy odcinek podej\u015bcia na wierzcho\u0142ek poprowadzony zosta\u0142 po skalistej grani, gdzie miejscami trzeba u\u017cy\u0107 wszystkich ko\u0144czyn, aby wej\u015b\u0107 wy\u017cej. Takie momenty lubimy najbardziej. Dalsza cz\u0119\u015b\u0107 to ju\u017c pokonywanie kolejnych metr\u00f3w kamienistej \u015bcie\u017cki. W ko\u0144cu po 3h 50min stan\u0119li\u015bmy na wierzcho\u0142ku <strong>Ma\u0142ej Wysokiej<\/strong>.<\/p>\n<div class=\"is-special cf gallery-1-2\" data-type=\"1-2\"><div data-carousel-extra='{\"blog_id\":1,\"permalink\":\"https:\\\/\\\/gorskaprzygoda.pl\\\/index.php\\\/2017\\\/08\\\/04\\\/wejscie-na-mala-wysoka\\\/\"}' id='gallery-8' class='gallery galleryid-1329 gallery-columns-2 gallery-size-large'><figure class='gallery-item'>\n\t\t\t<div class='gallery-icon landscape'>\n\t\t\t\t<a href='https:\/\/gorskaprzygoda.pl\/wp-content\/uploads\/2018\/01\/Ma\u0142a-Wysoka-19.jpg'><img loading=\"lazy\" decoding=\"async\" data-attachment-id=\"2371\" data-orig-file=\"https:\/\/gorskaprzygoda.pl\/wp-content\/uploads\/2018\/01\/Ma\u0142a-Wysoka-19.jpg\" data-orig-size=\"1920,1440\" data-comments-opened=\"1\" data-image-meta=\"{&quot;aperture&quot;:&quot;3.2&quot;,&quot;credit&quot;:&quot;&quot;,&quot;camera&quot;:&quot;COOLPIX S2900&quot;,&quot;caption&quot;:&quot;&quot;,&quot;created_timestamp&quot;:&quot;1497523636&quot;,&quot;copyright&quot;:&quot;&quot;,&quot;focal_length&quot;:&quot;4.6&quot;,&quot;iso&quot;:&quot;80&quot;,&quot;shutter_speed&quot;:&quot;0.0015625&quot;,&quot;title&quot;:&quot;&quot;,&quot;orientation&quot;:&quot;0&quot;,&quot;keywords&quot;:&quot;Array&quot;}\" data-image-title=\"Ma\u0142a Wysoka-19\" data-image-description=\"\" data-medium-file=\"https:\/\/gorskaprzygoda.pl\/wp-content\/uploads\/2018\/01\/Ma\u0142a-Wysoka-19-300x225.jpg\" data-large-file=\"https:\/\/gorskaprzygoda.pl\/wp-content\/uploads\/2018\/01\/Ma\u0142a-Wysoka-19-1024x768.jpg\" width=\"770\" height=\"578\" src=\"https:\/\/gorskaprzygoda.pl\/wp-content\/uploads\/2018\/01\/Ma\u0142a-Wysoka-19-1024x768.jpg\" class=\"attachment-large size-large\" alt=\"\" aria-describedby=\"gallery-8-2371\" srcset=\"https:\/\/gorskaprzygoda.pl\/wp-content\/uploads\/2018\/01\/Ma\u0142a-Wysoka-19-1024x768.jpg 1024w, https:\/\/gorskaprzygoda.pl\/wp-content\/uploads\/2018\/01\/Ma\u0142a-Wysoka-19-300x225.jpg 300w, https:\/\/gorskaprzygoda.pl\/wp-content\/uploads\/2018\/01\/Ma\u0142a-Wysoka-19-768x576.jpg 768w\" sizes=\"auto, (max-width: 770px) 100vw, 770px\" \/><\/a>\n\t\t\t<\/div>\n\t\t\t\t<figcaption class='wp-caption-text gallery-caption' id='gallery-8-2371'>\n\t\t\t\tPocz\u0105tek podej\u015bcia z prze\u0142\u0119czy na Ma\u0142\u0105 Wysok\u0105\n\t\t\t\t<\/figcaption><\/figure><figure class='gallery-item'>\n\t\t\t<div class='gallery-icon landscape'>\n\t\t\t\t<a href='https:\/\/gorskaprzygoda.pl\/wp-content\/uploads\/2018\/01\/Ma\u0142a-Wysoka-20.jpg'><img loading=\"lazy\" decoding=\"async\" data-attachment-id=\"2372\" data-orig-file=\"https:\/\/gorskaprzygoda.pl\/wp-content\/uploads\/2018\/01\/Ma\u0142a-Wysoka-20.jpg\" data-orig-size=\"1920,1440\" data-comments-opened=\"1\" data-image-meta=\"{&quot;aperture&quot;:&quot;3.2&quot;,&quot;credit&quot;:&quot;&quot;,&quot;camera&quot;:&quot;COOLPIX S2900&quot;,&quot;caption&quot;:&quot;&quot;,&quot;created_timestamp&quot;:&quot;1497524155&quot;,&quot;copyright&quot;:&quot;&quot;,&quot;focal_length&quot;:&quot;4.6&quot;,&quot;iso&quot;:&quot;80&quot;,&quot;shutter_speed&quot;:&quot;0.000625&quot;,&quot;title&quot;:&quot;&quot;,&quot;orientation&quot;:&quot;0&quot;,&quot;keywords&quot;:&quot;Array&quot;}\" data-image-title=\"Ma\u0142a Wysoka-20\" data-image-description=\"\" data-medium-file=\"https:\/\/gorskaprzygoda.pl\/wp-content\/uploads\/2018\/01\/Ma\u0142a-Wysoka-20-300x225.jpg\" data-large-file=\"https:\/\/gorskaprzygoda.pl\/wp-content\/uploads\/2018\/01\/Ma\u0142a-Wysoka-20-1024x768.jpg\" width=\"770\" height=\"578\" src=\"https:\/\/gorskaprzygoda.pl\/wp-content\/uploads\/2018\/01\/Ma\u0142a-Wysoka-20-1024x768.jpg\" class=\"attachment-large size-large\" alt=\"\" aria-describedby=\"gallery-8-2372\" srcset=\"https:\/\/gorskaprzygoda.pl\/wp-content\/uploads\/2018\/01\/Ma\u0142a-Wysoka-20-1024x768.jpg 1024w, https:\/\/gorskaprzygoda.pl\/wp-content\/uploads\/2018\/01\/Ma\u0142a-Wysoka-20-300x225.jpg 300w, https:\/\/gorskaprzygoda.pl\/wp-content\/uploads\/2018\/01\/Ma\u0142a-Wysoka-20-768x576.jpg 768w\" sizes=\"auto, (max-width: 770px) 100vw, 770px\" \/><\/a>\n\t\t\t<\/div>\n\t\t\t\t<figcaption class='wp-caption-text gallery-caption' id='gallery-8-2372'>\n\t\t\t\tW g\u00f3r\u0119! Ma\u0142a Wysoka sama si\u0119 nie zaliczy\n\t\t\t\t<\/figcaption><\/figure><figure class='gallery-item'>\n\t\t\t<div class='gallery-icon landscape'>\n\t\t\t\t<a href='https:\/\/gorskaprzygoda.pl\/wp-content\/uploads\/2018\/01\/Ma\u0142a-Wysoka-21.jpg'><img loading=\"lazy\" decoding=\"async\" data-attachment-id=\"2373\" data-orig-file=\"https:\/\/gorskaprzygoda.pl\/wp-content\/uploads\/2018\/01\/Ma\u0142a-Wysoka-21.jpg\" data-orig-size=\"1920,1440\" data-comments-opened=\"1\" data-image-meta=\"{&quot;aperture&quot;:&quot;3.2&quot;,&quot;credit&quot;:&quot;&quot;,&quot;camera&quot;:&quot;COOLPIX S2900&quot;,&quot;caption&quot;:&quot;&quot;,&quot;created_timestamp&quot;:&quot;1497524497&quot;,&quot;copyright&quot;:&quot;&quot;,&quot;focal_length&quot;:&quot;4.6&quot;,&quot;iso&quot;:&quot;80&quot;,&quot;shutter_speed&quot;:&quot;0.001&quot;,&quot;title&quot;:&quot;&quot;,&quot;orientation&quot;:&quot;0&quot;,&quot;keywords&quot;:&quot;Array&quot;}\" data-image-title=\"Ma\u0142a Wysoka-21\" data-image-description=\"\" data-medium-file=\"https:\/\/gorskaprzygoda.pl\/wp-content\/uploads\/2018\/01\/Ma\u0142a-Wysoka-21-300x225.jpg\" data-large-file=\"https:\/\/gorskaprzygoda.pl\/wp-content\/uploads\/2018\/01\/Ma\u0142a-Wysoka-21-1024x768.jpg\" width=\"770\" height=\"578\" src=\"https:\/\/gorskaprzygoda.pl\/wp-content\/uploads\/2018\/01\/Ma\u0142a-Wysoka-21-1024x768.jpg\" class=\"attachment-large size-large\" alt=\"\" aria-describedby=\"gallery-8-2373\" srcset=\"https:\/\/gorskaprzygoda.pl\/wp-content\/uploads\/2018\/01\/Ma\u0142a-Wysoka-21-1024x768.jpg 1024w, https:\/\/gorskaprzygoda.pl\/wp-content\/uploads\/2018\/01\/Ma\u0142a-Wysoka-21-300x225.jpg 300w, https:\/\/gorskaprzygoda.pl\/wp-content\/uploads\/2018\/01\/Ma\u0142a-Wysoka-21-768x576.jpg 768w\" sizes=\"auto, (max-width: 770px) 100vw, 770px\" \/><\/a>\n\t\t\t<\/div>\n\t\t\t\t<figcaption class='wp-caption-text gallery-caption' id='gallery-8-2373'>\n\t\t\t\tKr\u00f3l jest tylko jeden \u2013 Gerlach\n\t\t\t\t<\/figcaption><\/figure><figure class='gallery-item'>\n\t\t\t<div class='gallery-icon landscape'>\n\t\t\t\t<a href='https:\/\/gorskaprzygoda.pl\/wp-content\/uploads\/2018\/01\/Ma\u0142a-Wysoka-22.jpg'><img loading=\"lazy\" decoding=\"async\" data-attachment-id=\"2374\" data-orig-file=\"https:\/\/gorskaprzygoda.pl\/wp-content\/uploads\/2018\/01\/Ma\u0142a-Wysoka-22.jpg\" data-orig-size=\"1920,1440\" data-comments-opened=\"1\" data-image-meta=\"{&quot;aperture&quot;:&quot;3.2&quot;,&quot;credit&quot;:&quot;&quot;,&quot;camera&quot;:&quot;COOLPIX S2900&quot;,&quot;caption&quot;:&quot;&quot;,&quot;created_timestamp&quot;:&quot;1497524510&quot;,&quot;copyright&quot;:&quot;&quot;,&quot;focal_length&quot;:&quot;4.6&quot;,&quot;iso&quot;:&quot;80&quot;,&quot;shutter_speed&quot;:&quot;0.001&quot;,&quot;title&quot;:&quot;&quot;,&quot;orientation&quot;:&quot;0&quot;,&quot;keywords&quot;:&quot;Array&quot;}\" data-image-title=\"Ma\u0142a Wysoka-22\" data-image-description=\"\" data-medium-file=\"https:\/\/gorskaprzygoda.pl\/wp-content\/uploads\/2018\/01\/Ma\u0142a-Wysoka-22-300x225.jpg\" data-large-file=\"https:\/\/gorskaprzygoda.pl\/wp-content\/uploads\/2018\/01\/Ma\u0142a-Wysoka-22-1024x768.jpg\" width=\"770\" height=\"578\" src=\"https:\/\/gorskaprzygoda.pl\/wp-content\/uploads\/2018\/01\/Ma\u0142a-Wysoka-22-1024x768.jpg\" class=\"attachment-large size-large\" alt=\"\" aria-describedby=\"gallery-8-2374\" srcset=\"https:\/\/gorskaprzygoda.pl\/wp-content\/uploads\/2018\/01\/Ma\u0142a-Wysoka-22-1024x768.jpg 1024w, https:\/\/gorskaprzygoda.pl\/wp-content\/uploads\/2018\/01\/Ma\u0142a-Wysoka-22-300x225.jpg 300w, https:\/\/gorskaprzygoda.pl\/wp-content\/uploads\/2018\/01\/Ma\u0142a-Wysoka-22-768x576.jpg 768w\" sizes=\"auto, (max-width: 770px) 100vw, 770px\" \/><\/a>\n\t\t\t<\/div>\n\t\t\t\t<figcaption class='wp-caption-text gallery-caption' id='gallery-8-2374'>\n\t\t\t\tKo\u0144cowy odcinek podej\u015bcia na szczyt\n\t\t\t\t<\/figcaption><\/figure><figure class='gallery-item'>\n\t\t\t<div class='gallery-icon landscape'>\n\t\t\t\t<a href='https:\/\/gorskaprzygoda.pl\/wp-content\/uploads\/2018\/01\/Ma\u0142a-Wysoka-23.jpg'><img loading=\"lazy\" decoding=\"async\" data-attachment-id=\"2375\" data-orig-file=\"https:\/\/gorskaprzygoda.pl\/wp-content\/uploads\/2018\/01\/Ma\u0142a-Wysoka-23.jpg\" data-orig-size=\"1920,1440\" data-comments-opened=\"1\" data-image-meta=\"{&quot;aperture&quot;:&quot;8&quot;,&quot;credit&quot;:&quot;&quot;,&quot;camera&quot;:&quot;COOLPIX S2900&quot;,&quot;caption&quot;:&quot;&quot;,&quot;created_timestamp&quot;:&quot;1497524519&quot;,&quot;copyright&quot;:&quot;&quot;,&quot;focal_length&quot;:&quot;4.6&quot;,&quot;iso&quot;:&quot;80&quot;,&quot;shutter_speed&quot;:&quot;0.003125&quot;,&quot;title&quot;:&quot;&quot;,&quot;orientation&quot;:&quot;0&quot;,&quot;keywords&quot;:&quot;Array&quot;}\" data-image-title=\"Ma\u0142a Wysoka-23\" data-image-description=\"\" data-medium-file=\"https:\/\/gorskaprzygoda.pl\/wp-content\/uploads\/2018\/01\/Ma\u0142a-Wysoka-23-300x225.jpg\" data-large-file=\"https:\/\/gorskaprzygoda.pl\/wp-content\/uploads\/2018\/01\/Ma\u0142a-Wysoka-23-1024x768.jpg\" width=\"770\" height=\"578\" src=\"https:\/\/gorskaprzygoda.pl\/wp-content\/uploads\/2018\/01\/Ma\u0142a-Wysoka-23-1024x768.jpg\" class=\"attachment-large size-large\" alt=\"\" srcset=\"https:\/\/gorskaprzygoda.pl\/wp-content\/uploads\/2018\/01\/Ma\u0142a-Wysoka-23-1024x768.jpg 1024w, https:\/\/gorskaprzygoda.pl\/wp-content\/uploads\/2018\/01\/Ma\u0142a-Wysoka-23-300x225.jpg 300w, https:\/\/gorskaprzygoda.pl\/wp-content\/uploads\/2018\/01\/Ma\u0142a-Wysoka-23-768x576.jpg 768w\" sizes=\"auto, (max-width: 770px) 100vw, 770px\" \/><\/a>\n\t\t\t<\/div><\/figure><figure class='gallery-item'>\n\t\t\t<div class='gallery-icon landscape'>\n\t\t\t\t<a href='https:\/\/gorskaprzygoda.pl\/wp-content\/uploads\/2018\/01\/Ma\u0142a-Wysoka-24.jpg'><img loading=\"lazy\" decoding=\"async\" data-attachment-id=\"2376\" data-orig-file=\"https:\/\/gorskaprzygoda.pl\/wp-content\/uploads\/2018\/01\/Ma\u0142a-Wysoka-24.jpg\" data-orig-size=\"1920,1440\" data-comments-opened=\"1\" data-image-meta=\"{&quot;aperture&quot;:&quot;3.2&quot;,&quot;credit&quot;:&quot;&quot;,&quot;camera&quot;:&quot;COOLPIX S2900&quot;,&quot;caption&quot;:&quot;&quot;,&quot;created_timestamp&quot;:&quot;1497524813&quot;,&quot;copyright&quot;:&quot;&quot;,&quot;focal_length&quot;:&quot;4.6&quot;,&quot;iso&quot;:&quot;80&quot;,&quot;shutter_speed&quot;:&quot;0.0025&quot;,&quot;title&quot;:&quot;&quot;,&quot;orientation&quot;:&quot;0&quot;,&quot;keywords&quot;:&quot;Array&quot;}\" data-image-title=\"Ma\u0142a Wysoka-24\" data-image-description=\"\" data-medium-file=\"https:\/\/gorskaprzygoda.pl\/wp-content\/uploads\/2018\/01\/Ma\u0142a-Wysoka-24-300x225.jpg\" data-large-file=\"https:\/\/gorskaprzygoda.pl\/wp-content\/uploads\/2018\/01\/Ma\u0142a-Wysoka-24-1024x768.jpg\" width=\"770\" height=\"578\" src=\"https:\/\/gorskaprzygoda.pl\/wp-content\/uploads\/2018\/01\/Ma\u0142a-Wysoka-24-1024x768.jpg\" class=\"attachment-large size-large\" alt=\"\" aria-describedby=\"gallery-8-2376\" srcset=\"https:\/\/gorskaprzygoda.pl\/wp-content\/uploads\/2018\/01\/Ma\u0142a-Wysoka-24-1024x768.jpg 1024w, https:\/\/gorskaprzygoda.pl\/wp-content\/uploads\/2018\/01\/Ma\u0142a-Wysoka-24-300x225.jpg 300w, https:\/\/gorskaprzygoda.pl\/wp-content\/uploads\/2018\/01\/Ma\u0142a-Wysoka-24-768x576.jpg 768w\" sizes=\"auto, (max-width: 770px) 100vw, 770px\" \/><\/a>\n\t\t\t<\/div>\n\t\t\t\t<figcaption class='wp-caption-text gallery-caption' id='gallery-8-2376'>\n\t\t\t\tMa\u0142a Wysoka\n\t\t\t\t<\/figcaption><\/figure><figure class='gallery-item'>\n\t\t\t<div class='gallery-icon landscape'>\n\t\t\t\t<a href='https:\/\/gorskaprzygoda.pl\/wp-content\/uploads\/2018\/01\/Ma\u0142a-Wysoka-25.jpg'><img loading=\"lazy\" decoding=\"async\" data-attachment-id=\"2377\" data-orig-file=\"https:\/\/gorskaprzygoda.pl\/wp-content\/uploads\/2018\/01\/Ma\u0142a-Wysoka-25.jpg\" data-orig-size=\"1920,1440\" data-comments-opened=\"1\" data-image-meta=\"{&quot;aperture&quot;:&quot;4.2&quot;,&quot;credit&quot;:&quot;&quot;,&quot;camera&quot;:&quot;COOLPIX S2900&quot;,&quot;caption&quot;:&quot;&quot;,&quot;created_timestamp&quot;:&quot;1497524838&quot;,&quot;copyright&quot;:&quot;&quot;,&quot;focal_length&quot;:&quot;7.7&quot;,&quot;iso&quot;:&quot;80&quot;,&quot;shutter_speed&quot;:&quot;0.0008&quot;,&quot;title&quot;:&quot;&quot;,&quot;orientation&quot;:&quot;0&quot;,&quot;keywords&quot;:&quot;Array&quot;}\" data-image-title=\"Ma\u0142a Wysoka-25\" data-image-description=\"\" data-medium-file=\"https:\/\/gorskaprzygoda.pl\/wp-content\/uploads\/2018\/01\/Ma\u0142a-Wysoka-25-300x225.jpg\" data-large-file=\"https:\/\/gorskaprzygoda.pl\/wp-content\/uploads\/2018\/01\/Ma\u0142a-Wysoka-25-1024x768.jpg\" width=\"770\" height=\"578\" src=\"https:\/\/gorskaprzygoda.pl\/wp-content\/uploads\/2018\/01\/Ma\u0142a-Wysoka-25-1024x768.jpg\" class=\"attachment-large size-large\" alt=\"\" aria-describedby=\"gallery-8-2377\" srcset=\"https:\/\/gorskaprzygoda.pl\/wp-content\/uploads\/2018\/01\/Ma\u0142a-Wysoka-25-1024x768.jpg 1024w, https:\/\/gorskaprzygoda.pl\/wp-content\/uploads\/2018\/01\/Ma\u0142a-Wysoka-25-300x225.jpg 300w, https:\/\/gorskaprzygoda.pl\/wp-content\/uploads\/2018\/01\/Ma\u0142a-Wysoka-25-768x576.jpg 768w\" sizes=\"auto, (max-width: 770px) 100vw, 770px\" \/><\/a>\n\t\t\t<\/div>\n\t\t\t\t<figcaption class='wp-caption-text gallery-caption' id='gallery-8-2377'>\n\t\t\t\tWielicki, Litworowy, a w tle po prawej Wysoka\n\t\t\t\t<\/figcaption><\/figure>\n\t\t<\/div>\n<\/div>\n<p style=\"text-align: justify;\">Zdecydowanie mo\u017cemy potwierdzi\u0107, \u017ce panorama ze szczytu nale\u017cy do jednej z pi\u0119kniejszych w <strong><a href=\"https:\/\/gorskaprzygoda.pl\/index.php\/category\/tatry\/\">Tatrach<\/a><\/strong>. Mieli\u015bmy szcz\u0119\u015bcie, \u017ce kiedy tam byli\u015bmy chmury znajdowa\u0142y si\u0119 ponad naszymi g\u0142owami i mogli\u015bmy podziwia\u0107 rozpo\u015bcieraj\u0105ce si\u0119 przed nami widoki. A by\u0142o co ogl\u0105da\u0107, bo poza wspomnianymi na wst\u0119pie dolinami: Wielick\u0105, Starole\u015bn\u0105 i Bia\u0142ej Wody z Ma\u0142ej Wysokiej wida\u0107 ca\u0142\u0105 mas\u0119 tatrza\u0144skich szczyt\u00f3w poczynaj\u0105c od znajduj\u0105cego si\u0119 po s\u0105siedzku <strong>Gerlacha<\/strong> i <strong>Starole\u015bnego Szczytu<\/strong>, przez <strong>\u015awistowy<\/strong>, <a href=\"https:\/\/gorskaprzygoda.pl\/index.php\/2015\/08\/02\/wejscie-na-jaworowy-szczyt\/\"><strong>Jaworowy,<\/strong><\/a> <strong>Wielicki<\/strong> i <strong>Litworowy Szczyt<\/strong>, ko\u0144cz\u0105c na <a href=\"https:\/\/gorskaprzygoda.pl\/index.php\/2015\/03\/23\/wysoka-2560\/\"><strong>Wysokiej<\/strong><\/a>, <a href=\"https:\/\/gorskaprzygoda.pl\/index.php\/2017\/03\/05\/zimowe-wejscie-na-rysy\/\"><strong>Rysach<\/strong><\/a>, <strong>Po\u015bredniej Grani<\/strong>, <strong>Lodowym Szczycie<\/strong> i <strong>\u0141omnicy<\/strong>. Koniecznie trzeba to zobaczy\u0107 na w\u0142asne oczy! Szczeg\u00f3lnie imponuj\u0105co z wierzcho\u0142ka <strong>Ma\u0142ej Wysokiej<\/strong> wygl\u0105daj\u0105 turnie szczytowe <strong>Starole\u015bnego Szczytu<\/strong>, Klimkowa i Paw\u0142owa oraz s\u0142ynna droga Martina prowadz\u0105ca na <strong>Gerlach<\/strong>, jedno z moich g\u00f3rskich marze\u0144. Kto wie, mo\u017ce kiedy\u015b uda si\u0119 je spe\u0142ni\u0107.<\/p>\n<div class=\"is-special cf gallery-1-2\" data-type=\"1-2\"><div data-carousel-extra='{\"blog_id\":1,\"permalink\":\"https:\\\/\\\/gorskaprzygoda.pl\\\/index.php\\\/2017\\\/08\\\/04\\\/wejscie-na-mala-wysoka\\\/\"}' id='gallery-10' class='gallery galleryid-1329 gallery-columns-2 gallery-size-large'><figure class='gallery-item'>\n\t\t\t<div class='gallery-icon landscape'>\n\t\t\t\t<a href='https:\/\/gorskaprzygoda.pl\/wp-content\/uploads\/2018\/01\/Ma\u0142a-Wysoka-27.jpg'><img loading=\"lazy\" decoding=\"async\" data-attachment-id=\"2379\" data-orig-file=\"https:\/\/gorskaprzygoda.pl\/wp-content\/uploads\/2018\/01\/Ma\u0142a-Wysoka-27.jpg\" data-orig-size=\"1920,1440\" data-comments-opened=\"1\" data-image-meta=\"{&quot;aperture&quot;:&quot;5.5&quot;,&quot;credit&quot;:&quot;&quot;,&quot;camera&quot;:&quot;COOLPIX S2900&quot;,&quot;caption&quot;:&quot;&quot;,&quot;created_timestamp&quot;:&quot;1497525329&quot;,&quot;copyright&quot;:&quot;&quot;,&quot;focal_length&quot;:&quot;17.6&quot;,&quot;iso&quot;:&quot;80&quot;,&quot;shutter_speed&quot;:&quot;0.003125&quot;,&quot;title&quot;:&quot;&quot;,&quot;orientation&quot;:&quot;0&quot;,&quot;keywords&quot;:&quot;Array&quot;}\" data-image-title=\"Ma\u0142a Wysoka-27\" data-image-description=\"\" data-medium-file=\"https:\/\/gorskaprzygoda.pl\/wp-content\/uploads\/2018\/01\/Ma\u0142a-Wysoka-27-300x225.jpg\" data-large-file=\"https:\/\/gorskaprzygoda.pl\/wp-content\/uploads\/2018\/01\/Ma\u0142a-Wysoka-27-1024x768.jpg\" width=\"770\" height=\"578\" src=\"https:\/\/gorskaprzygoda.pl\/wp-content\/uploads\/2018\/01\/Ma\u0142a-Wysoka-27-1024x768.jpg\" class=\"attachment-large size-large\" alt=\"\" aria-describedby=\"gallery-10-2379\" srcset=\"https:\/\/gorskaprzygoda.pl\/wp-content\/uploads\/2018\/01\/Ma\u0142a-Wysoka-27-1024x768.jpg 1024w, https:\/\/gorskaprzygoda.pl\/wp-content\/uploads\/2018\/01\/Ma\u0142a-Wysoka-27-300x225.jpg 300w, https:\/\/gorskaprzygoda.pl\/wp-content\/uploads\/2018\/01\/Ma\u0142a-Wysoka-27-768x576.jpg 768w\" sizes=\"auto, (max-width: 770px) 100vw, 770px\" \/><\/a>\n\t\t\t<\/div>\n\t\t\t\t<figcaption class='wp-caption-text gallery-caption' id='gallery-10-2379'>\n\t\t\t\tGra\u0144 szczytowa Gerlacha, po prawej prze\u0142\u0119cz Tetmajera\n\t\t\t\t<\/figcaption><\/figure><figure class='gallery-item'>\n\t\t\t<div class='gallery-icon landscape'>\n\t\t\t\t<a href='https:\/\/gorskaprzygoda.pl\/wp-content\/uploads\/2018\/01\/Ma\u0142a-Wysoka-26.jpg'><img loading=\"lazy\" decoding=\"async\" data-attachment-id=\"2378\" data-orig-file=\"https:\/\/gorskaprzygoda.pl\/wp-content\/uploads\/2018\/01\/Ma\u0142a-Wysoka-26.jpg\" data-orig-size=\"1920,1440\" data-comments-opened=\"1\" data-image-meta=\"{&quot;aperture&quot;:&quot;4.9&quot;,&quot;credit&quot;:&quot;&quot;,&quot;camera&quot;:&quot;COOLPIX S2900&quot;,&quot;caption&quot;:&quot;&quot;,&quot;created_timestamp&quot;:&quot;1497525307&quot;,&quot;copyright&quot;:&quot;&quot;,&quot;focal_length&quot;:&quot;10&quot;,&quot;iso&quot;:&quot;80&quot;,&quot;shutter_speed&quot;:&quot;0.0015625&quot;,&quot;title&quot;:&quot;&quot;,&quot;orientation&quot;:&quot;0&quot;,&quot;keywords&quot;:&quot;Array&quot;}\" data-image-title=\"Ma\u0142a Wysoka-26\" data-image-description=\"\" data-medium-file=\"https:\/\/gorskaprzygoda.pl\/wp-content\/uploads\/2018\/01\/Ma\u0142a-Wysoka-26-300x225.jpg\" data-large-file=\"https:\/\/gorskaprzygoda.pl\/wp-content\/uploads\/2018\/01\/Ma\u0142a-Wysoka-26-1024x768.jpg\" width=\"770\" height=\"578\" src=\"https:\/\/gorskaprzygoda.pl\/wp-content\/uploads\/2018\/01\/Ma\u0142a-Wysoka-26-1024x768.jpg\" class=\"attachment-large size-large\" alt=\"\" srcset=\"https:\/\/gorskaprzygoda.pl\/wp-content\/uploads\/2018\/01\/Ma\u0142a-Wysoka-26-1024x768.jpg 1024w, https:\/\/gorskaprzygoda.pl\/wp-content\/uploads\/2018\/01\/Ma\u0142a-Wysoka-26-300x225.jpg 300w, https:\/\/gorskaprzygoda.pl\/wp-content\/uploads\/2018\/01\/Ma\u0142a-Wysoka-26-768x576.jpg 768w\" sizes=\"auto, (max-width: 770px) 100vw, 770px\" \/><\/a>\n\t\t\t<\/div><\/figure><figure class='gallery-item'>\n\t\t\t<div class='gallery-icon landscape'>\n\t\t\t\t<a href='https:\/\/gorskaprzygoda.pl\/wp-content\/uploads\/2018\/01\/Ma\u0142a-Wysoka-30.jpg'><img loading=\"lazy\" decoding=\"async\" data-attachment-id=\"2382\" data-orig-file=\"https:\/\/gorskaprzygoda.pl\/wp-content\/uploads\/2018\/01\/Ma\u0142a-Wysoka-30.jpg\" data-orig-size=\"1920,1440\" data-comments-opened=\"1\" data-image-meta=\"{&quot;aperture&quot;:&quot;6.3&quot;,&quot;credit&quot;:&quot;&quot;,&quot;camera&quot;:&quot;COOLPIX S2900&quot;,&quot;caption&quot;:&quot;&quot;,&quot;created_timestamp&quot;:&quot;1497525864&quot;,&quot;copyright&quot;:&quot;&quot;,&quot;focal_length&quot;:&quot;15.4&quot;,&quot;iso&quot;:&quot;80&quot;,&quot;shutter_speed&quot;:&quot;0.0025&quot;,&quot;title&quot;:&quot;&quot;,&quot;orientation&quot;:&quot;0&quot;,&quot;keywords&quot;:&quot;Array&quot;}\" data-image-title=\"Ma\u0142a Wysoka-30\" data-image-description=\"\" data-medium-file=\"https:\/\/gorskaprzygoda.pl\/wp-content\/uploads\/2018\/01\/Ma\u0142a-Wysoka-30-300x225.jpg\" data-large-file=\"https:\/\/gorskaprzygoda.pl\/wp-content\/uploads\/2018\/01\/Ma\u0142a-Wysoka-30-1024x768.jpg\" width=\"770\" height=\"578\" src=\"https:\/\/gorskaprzygoda.pl\/wp-content\/uploads\/2018\/01\/Ma\u0142a-Wysoka-30-1024x768.jpg\" class=\"attachment-large size-large\" alt=\"\" aria-describedby=\"gallery-10-2382\" srcset=\"https:\/\/gorskaprzygoda.pl\/wp-content\/uploads\/2018\/01\/Ma\u0142a-Wysoka-30-1024x768.jpg 1024w, https:\/\/gorskaprzygoda.pl\/wp-content\/uploads\/2018\/01\/Ma\u0142a-Wysoka-30-300x225.jpg 300w, https:\/\/gorskaprzygoda.pl\/wp-content\/uploads\/2018\/01\/Ma\u0142a-Wysoka-30-768x576.jpg 768w\" sizes=\"auto, (max-width: 770px) 100vw, 770px\" \/><\/a>\n\t\t\t<\/div>\n\t\t\t\t<figcaption class='wp-caption-text gallery-caption' id='gallery-10-2382'>\n\t\t\t\tTatry Bielskie z Ma\u0142ej Wysokiej\n\t\t\t\t<\/figcaption><\/figure><figure class='gallery-item'>\n\t\t\t<div class='gallery-icon landscape'>\n\t\t\t\t<a href='https:\/\/gorskaprzygoda.pl\/wp-content\/uploads\/2018\/01\/Ma\u0142a-Wysoka-29.jpg'><img loading=\"lazy\" decoding=\"async\" data-attachment-id=\"2381\" data-orig-file=\"https:\/\/gorskaprzygoda.pl\/wp-content\/uploads\/2018\/01\/Ma\u0142a-Wysoka-29.jpg\" data-orig-size=\"1920,1440\" data-comments-opened=\"1\" data-image-meta=\"{&quot;aperture&quot;:&quot;3.9&quot;,&quot;credit&quot;:&quot;&quot;,&quot;camera&quot;:&quot;COOLPIX S2900&quot;,&quot;caption&quot;:&quot;&quot;,&quot;created_timestamp&quot;:&quot;1497525853&quot;,&quot;copyright&quot;:&quot;&quot;,&quot;focal_length&quot;:&quot;6.7&quot;,&quot;iso&quot;:&quot;80&quot;,&quot;shutter_speed&quot;:&quot;0.0008&quot;,&quot;title&quot;:&quot;&quot;,&quot;orientation&quot;:&quot;0&quot;,&quot;keywords&quot;:&quot;Array&quot;}\" data-image-title=\"Ma\u0142a Wysoka-29\" data-image-description=\"\" data-medium-file=\"https:\/\/gorskaprzygoda.pl\/wp-content\/uploads\/2018\/01\/Ma\u0142a-Wysoka-29-300x225.jpg\" data-large-file=\"https:\/\/gorskaprzygoda.pl\/wp-content\/uploads\/2018\/01\/Ma\u0142a-Wysoka-29-1024x768.jpg\" width=\"770\" height=\"578\" src=\"https:\/\/gorskaprzygoda.pl\/wp-content\/uploads\/2018\/01\/Ma\u0142a-Wysoka-29-1024x768.jpg\" class=\"attachment-large size-large\" alt=\"\" aria-describedby=\"gallery-10-2381\" srcset=\"https:\/\/gorskaprzygoda.pl\/wp-content\/uploads\/2018\/01\/Ma\u0142a-Wysoka-29-1024x768.jpg 1024w, https:\/\/gorskaprzygoda.pl\/wp-content\/uploads\/2018\/01\/Ma\u0142a-Wysoka-29-300x225.jpg 300w, https:\/\/gorskaprzygoda.pl\/wp-content\/uploads\/2018\/01\/Ma\u0142a-Wysoka-29-768x576.jpg 768w\" sizes=\"auto, (max-width: 770px) 100vw, 770px\" \/><\/a>\n\t\t\t<\/div>\n\t\t\t\t<figcaption class='wp-caption-text gallery-caption' id='gallery-10-2381'>\n\t\t\t\tDolina Starole\u015bna\n\t\t\t\t<\/figcaption><\/figure><figure class='gallery-item'>\n\t\t\t<div class='gallery-icon landscape'>\n\t\t\t\t<a href='https:\/\/gorskaprzygoda.pl\/wp-content\/uploads\/2018\/01\/Ma\u0142a-Wysoka-32.jpg'><img loading=\"lazy\" decoding=\"async\" data-attachment-id=\"2384\" data-orig-file=\"https:\/\/gorskaprzygoda.pl\/wp-content\/uploads\/2018\/01\/Ma\u0142a-Wysoka-32.jpg\" data-orig-size=\"1920,1440\" data-comments-opened=\"1\" data-image-meta=\"{&quot;aperture&quot;:&quot;3.6&quot;,&quot;credit&quot;:&quot;&quot;,&quot;camera&quot;:&quot;COOLPIX S2900&quot;,&quot;caption&quot;:&quot;&quot;,&quot;created_timestamp&quot;:&quot;1497525922&quot;,&quot;copyright&quot;:&quot;&quot;,&quot;focal_length&quot;:&quot;5.8&quot;,&quot;iso&quot;:&quot;80&quot;,&quot;shutter_speed&quot;:&quot;0.001&quot;,&quot;title&quot;:&quot;&quot;,&quot;orientation&quot;:&quot;0&quot;,&quot;keywords&quot;:&quot;Array&quot;}\" data-image-title=\"Ma\u0142a Wysoka-32\" data-image-description=\"\" data-medium-file=\"https:\/\/gorskaprzygoda.pl\/wp-content\/uploads\/2018\/01\/Ma\u0142a-Wysoka-32-300x225.jpg\" data-large-file=\"https:\/\/gorskaprzygoda.pl\/wp-content\/uploads\/2018\/01\/Ma\u0142a-Wysoka-32-1024x768.jpg\" width=\"770\" height=\"578\" src=\"https:\/\/gorskaprzygoda.pl\/wp-content\/uploads\/2018\/01\/Ma\u0142a-Wysoka-32-1024x768.jpg\" class=\"attachment-large size-large\" alt=\"\" srcset=\"https:\/\/gorskaprzygoda.pl\/wp-content\/uploads\/2018\/01\/Ma\u0142a-Wysoka-32-1024x768.jpg 1024w, https:\/\/gorskaprzygoda.pl\/wp-content\/uploads\/2018\/01\/Ma\u0142a-Wysoka-32-300x225.jpg 300w, https:\/\/gorskaprzygoda.pl\/wp-content\/uploads\/2018\/01\/Ma\u0142a-Wysoka-32-768x576.jpg 768w\" sizes=\"auto, (max-width: 770px) 100vw, 770px\" \/><\/a>\n\t\t\t<\/div><\/figure><figure class='gallery-item'>\n\t\t\t<div class='gallery-icon landscape'>\n\t\t\t\t<a href='https:\/\/gorskaprzygoda.pl\/wp-content\/uploads\/2018\/01\/Ma\u0142a-Wysoka-35.jpg'><img loading=\"lazy\" decoding=\"async\" data-attachment-id=\"2387\" data-orig-file=\"https:\/\/gorskaprzygoda.pl\/wp-content\/uploads\/2018\/01\/Ma\u0142a-Wysoka-35.jpg\" data-orig-size=\"1920,1440\" data-comments-opened=\"1\" data-image-meta=\"{&quot;aperture&quot;:&quot;4.5&quot;,&quot;credit&quot;:&quot;&quot;,&quot;camera&quot;:&quot;COOLPIX S2900&quot;,&quot;caption&quot;:&quot;&quot;,&quot;created_timestamp&quot;:&quot;1497528714&quot;,&quot;copyright&quot;:&quot;&quot;,&quot;focal_length&quot;:&quot;8.8&quot;,&quot;iso&quot;:&quot;80&quot;,&quot;shutter_speed&quot;:&quot;0.0025&quot;,&quot;title&quot;:&quot;&quot;,&quot;orientation&quot;:&quot;0&quot;,&quot;keywords&quot;:&quot;Array&quot;}\" data-image-title=\"Ma\u0142a Wysoka-35\" data-image-description=\"\" data-medium-file=\"https:\/\/gorskaprzygoda.pl\/wp-content\/uploads\/2018\/01\/Ma\u0142a-Wysoka-35-300x225.jpg\" data-large-file=\"https:\/\/gorskaprzygoda.pl\/wp-content\/uploads\/2018\/01\/Ma\u0142a-Wysoka-35-1024x768.jpg\" width=\"770\" height=\"578\" src=\"https:\/\/gorskaprzygoda.pl\/wp-content\/uploads\/2018\/01\/Ma\u0142a-Wysoka-35-1024x768.jpg\" class=\"attachment-large size-large\" alt=\"\" aria-describedby=\"gallery-10-2387\" srcset=\"https:\/\/gorskaprzygoda.pl\/wp-content\/uploads\/2018\/01\/Ma\u0142a-Wysoka-35-1024x768.jpg 1024w, https:\/\/gorskaprzygoda.pl\/wp-content\/uploads\/2018\/01\/Ma\u0142a-Wysoka-35-300x225.jpg 300w, https:\/\/gorskaprzygoda.pl\/wp-content\/uploads\/2018\/01\/Ma\u0142a-Wysoka-35-768x576.jpg 768w\" sizes=\"auto, (max-width: 770px) 100vw, 770px\" \/><\/a>\n\t\t\t<\/div>\n\t\t\t\t<figcaption class='wp-caption-text gallery-caption' id='gallery-10-2387'>\n\t\t\t\tTurnie szczytowe Starole\u015bnego Szczytu\n\t\t\t\t<\/figcaption><\/figure><figure class='gallery-item'>\n\t\t\t<div class='gallery-icon landscape'>\n\t\t\t\t<a href='https:\/\/gorskaprzygoda.pl\/wp-content\/uploads\/2018\/01\/Ma\u0142a-Wysoka-33.jpg'><img loading=\"lazy\" decoding=\"async\" data-attachment-id=\"2385\" data-orig-file=\"https:\/\/gorskaprzygoda.pl\/wp-content\/uploads\/2018\/01\/Ma\u0142a-Wysoka-33.jpg\" data-orig-size=\"1920,1440\" data-comments-opened=\"1\" data-image-meta=\"{&quot;aperture&quot;:&quot;4.9&quot;,&quot;credit&quot;:&quot;&quot;,&quot;camera&quot;:&quot;COOLPIX S2900&quot;,&quot;caption&quot;:&quot;&quot;,&quot;created_timestamp&quot;:&quot;1497526551&quot;,&quot;copyright&quot;:&quot;&quot;,&quot;focal_length&quot;:&quot;10&quot;,&quot;iso&quot;:&quot;80&quot;,&quot;shutter_speed&quot;:&quot;0.00125&quot;,&quot;title&quot;:&quot;&quot;,&quot;orientation&quot;:&quot;0&quot;,&quot;keywords&quot;:&quot;Array&quot;}\" data-image-title=\"Ma\u0142a Wysoka-33\" data-image-description=\"\" data-medium-file=\"https:\/\/gorskaprzygoda.pl\/wp-content\/uploads\/2018\/01\/Ma\u0142a-Wysoka-33-300x225.jpg\" data-large-file=\"https:\/\/gorskaprzygoda.pl\/wp-content\/uploads\/2018\/01\/Ma\u0142a-Wysoka-33-1024x768.jpg\" width=\"770\" height=\"578\" src=\"https:\/\/gorskaprzygoda.pl\/wp-content\/uploads\/2018\/01\/Ma\u0142a-Wysoka-33-1024x768.jpg\" class=\"attachment-large size-large\" alt=\"\" srcset=\"https:\/\/gorskaprzygoda.pl\/wp-content\/uploads\/2018\/01\/Ma\u0142a-Wysoka-33-1024x768.jpg 1024w, https:\/\/gorskaprzygoda.pl\/wp-content\/uploads\/2018\/01\/Ma\u0142a-Wysoka-33-300x225.jpg 300w, https:\/\/gorskaprzygoda.pl\/wp-content\/uploads\/2018\/01\/Ma\u0142a-Wysoka-33-768x576.jpg 768w\" sizes=\"auto, (max-width: 770px) 100vw, 770px\" \/><\/a>\n\t\t\t<\/div><\/figure>\n\t\t<\/div>\n<\/div>\n<p style=\"text-align: justify;\">Na szczycie posiedzieli\u015bmy godzin\u0119 i szczerze nie wiem kiedy ten czas tak zlecia\u0142. Chmur zacz\u0119\u0142o przybywa\u0107, a ich pu\u0142ap zacz\u0105\u0142 si\u0119 obni\u017ca\u0107 wi\u0119c powoli ruszyli\u015bmy w drog\u0119 powrotn\u0105. Pierwotnie chcieli\u015bmy przej\u015b\u0107 przez <strong>Rohatk\u0119<\/strong> i wraca\u0107 <strong>dolin\u0105 Starole\u015bn\u0105<\/strong>, ale dosy\u0107 spore ilo\u015bci \u015bniegu zalegaj\u0105cego zar\u00f3wno po p\u00f3\u0142nocnej jak i po\u0142udniowej stronie prze\u0142\u0119czy skutecznie popsu\u0142y nasze plany. Nie\u015bpiesznie zatem zmierzali\u015bmy w d\u00f3\u0142 <strong>doliny Wielickiej<\/strong> ch\u0142on\u0105c ostatnie widoki. \u017bal by\u0142o schodzi\u0107, ale pogoda ewidentnie zmienia\u0142a si\u0119 na gorsze i nadci\u0105gaj\u0105cy front wyra\u017anie wkracza\u0142 ju\u017c nad <strong><a href=\"https:\/\/gorskaprzygoda.pl\/index.php\/category\/tatry\/\">Tatry<\/a><\/strong> o czym dobitnie przekonali\u015bmy si\u0119 dnia nast\u0119pnego.<\/p>\n<div class=\"is-special cf gallery-1-2\" data-type=\"1-2\"><div data-carousel-extra='{\"blog_id\":1,\"permalink\":\"https:\\\/\\\/gorskaprzygoda.pl\\\/index.php\\\/2017\\\/08\\\/04\\\/wejscie-na-mala-wysoka\\\/\"}' id='gallery-12' class='gallery galleryid-1329 gallery-columns-2 gallery-size-large'><figure class='gallery-item'>\n\t\t\t<div class='gallery-icon landscape'>\n\t\t\t\t<a href='https:\/\/gorskaprzygoda.pl\/wp-content\/uploads\/2017\/08\/mala-wysoka-tatry.jpg'><img loading=\"lazy\" decoding=\"async\" data-attachment-id=\"2237\" data-orig-file=\"https:\/\/gorskaprzygoda.pl\/wp-content\/uploads\/2017\/08\/mala-wysoka-tatry.jpg\" data-orig-size=\"1920,1440\" data-comments-opened=\"1\" data-image-meta=\"{&quot;aperture&quot;:&quot;3.2&quot;,&quot;credit&quot;:&quot;&quot;,&quot;camera&quot;:&quot;COOLPIX S2900&quot;,&quot;caption&quot;:&quot;&quot;,&quot;created_timestamp&quot;:&quot;1497530728&quot;,&quot;copyright&quot;:&quot;&quot;,&quot;focal_length&quot;:&quot;4.6&quot;,&quot;iso&quot;:&quot;80&quot;,&quot;shutter_speed&quot;:&quot;0.000625&quot;,&quot;title&quot;:&quot;&quot;,&quot;orientation&quot;:&quot;0&quot;,&quot;keywords&quot;:&quot;Array&quot;}\" data-image-title=\"Wej\u015bcie na Ma\u0142\u0105 Wysok\u0105\" data-image-description=\"&lt;p&gt;Wej\u015bcie na Ma\u0142\u0105 Wysok\u0105&lt;\/p&gt;\n\" data-medium-file=\"https:\/\/gorskaprzygoda.pl\/wp-content\/uploads\/2017\/08\/mala-wysoka-tatry-300x225.jpg\" data-large-file=\"https:\/\/gorskaprzygoda.pl\/wp-content\/uploads\/2017\/08\/mala-wysoka-tatry-1024x768.jpg\" width=\"770\" height=\"578\" src=\"https:\/\/gorskaprzygoda.pl\/wp-content\/uploads\/2017\/08\/mala-wysoka-tatry-1024x768.jpg\" class=\"attachment-large size-large\" alt=\"Wej\u015bcie na Ma\u0142\u0105 Wysok\u0105\" aria-describedby=\"gallery-12-2237\" srcset=\"https:\/\/gorskaprzygoda.pl\/wp-content\/uploads\/2017\/08\/mala-wysoka-tatry-1024x768.jpg 1024w, https:\/\/gorskaprzygoda.pl\/wp-content\/uploads\/2017\/08\/mala-wysoka-tatry-300x225.jpg 300w, https:\/\/gorskaprzygoda.pl\/wp-content\/uploads\/2017\/08\/mala-wysoka-tatry-768x576.jpg 768w\" sizes=\"auto, (max-width: 770px) 100vw, 770px\" \/><\/a>\n\t\t\t<\/div>\n\t\t\t\t<figcaption class='wp-caption-text gallery-caption' id='gallery-12-2237'>\n\t\t\t\tEla na tle Wielickiego Szczytu\n\t\t\t\t<\/figcaption><\/figure><figure class='gallery-item'>\n\t\t\t<div class='gallery-icon landscape'>\n\t\t\t\t<a href='https:\/\/gorskaprzygoda.pl\/wp-content\/uploads\/2018\/01\/Ma\u0142a-Wysoka-36.jpg'><img loading=\"lazy\" decoding=\"async\" data-attachment-id=\"2388\" data-orig-file=\"https:\/\/gorskaprzygoda.pl\/wp-content\/uploads\/2018\/01\/Ma\u0142a-Wysoka-36.jpg\" data-orig-size=\"1920,1440\" data-comments-opened=\"1\" data-image-meta=\"{&quot;aperture&quot;:&quot;4.5&quot;,&quot;credit&quot;:&quot;&quot;,&quot;camera&quot;:&quot;COOLPIX S2900&quot;,&quot;caption&quot;:&quot;&quot;,&quot;created_timestamp&quot;:&quot;1497529589&quot;,&quot;copyright&quot;:&quot;&quot;,&quot;focal_length&quot;:&quot;8.8&quot;,&quot;iso&quot;:&quot;80&quot;,&quot;shutter_speed&quot;:&quot;0.002&quot;,&quot;title&quot;:&quot;&quot;,&quot;orientation&quot;:&quot;0&quot;,&quot;keywords&quot;:&quot;Array&quot;}\" data-image-title=\"Ma\u0142a Wysoka-36\" data-image-description=\"\" data-medium-file=\"https:\/\/gorskaprzygoda.pl\/wp-content\/uploads\/2018\/01\/Ma\u0142a-Wysoka-36-300x225.jpg\" data-large-file=\"https:\/\/gorskaprzygoda.pl\/wp-content\/uploads\/2018\/01\/Ma\u0142a-Wysoka-36-1024x768.jpg\" width=\"770\" height=\"578\" src=\"https:\/\/gorskaprzygoda.pl\/wp-content\/uploads\/2018\/01\/Ma\u0142a-Wysoka-36-1024x768.jpg\" class=\"attachment-large size-large\" alt=\"\" aria-describedby=\"gallery-12-2388\" srcset=\"https:\/\/gorskaprzygoda.pl\/wp-content\/uploads\/2018\/01\/Ma\u0142a-Wysoka-36-1024x768.jpg 1024w, https:\/\/gorskaprzygoda.pl\/wp-content\/uploads\/2018\/01\/Ma\u0142a-Wysoka-36-300x225.jpg 300w, https:\/\/gorskaprzygoda.pl\/wp-content\/uploads\/2018\/01\/Ma\u0142a-Wysoka-36-768x576.jpg 768w\" sizes=\"auto, (max-width: 770px) 100vw, 770px\" \/><\/a>\n\t\t\t<\/div>\n\t\t\t\t<figcaption class='wp-caption-text gallery-caption' id='gallery-12-2388'>\n\t\t\t\tZej\u015bcie z Ma\u0142ej Wysokiej\n\t\t\t\t<\/figcaption><\/figure><figure class='gallery-item'>\n\t\t\t<div class='gallery-icon landscape'>\n\t\t\t\t<a href='https:\/\/gorskaprzygoda.pl\/wp-content\/uploads\/2018\/01\/Ma\u0142a-Wysoka-38.jpg'><img loading=\"lazy\" decoding=\"async\" data-attachment-id=\"2390\" data-orig-file=\"https:\/\/gorskaprzygoda.pl\/wp-content\/uploads\/2018\/01\/Ma\u0142a-Wysoka-38.jpg\" data-orig-size=\"1920,1440\" data-comments-opened=\"1\" data-image-meta=\"{&quot;aperture&quot;:&quot;3.2&quot;,&quot;credit&quot;:&quot;&quot;,&quot;camera&quot;:&quot;COOLPIX S2900&quot;,&quot;caption&quot;:&quot;&quot;,&quot;created_timestamp&quot;:&quot;1497531122&quot;,&quot;copyright&quot;:&quot;&quot;,&quot;focal_length&quot;:&quot;4.6&quot;,&quot;iso&quot;:&quot;80&quot;,&quot;shutter_speed&quot;:&quot;0.0008&quot;,&quot;title&quot;:&quot;&quot;,&quot;orientation&quot;:&quot;0&quot;,&quot;keywords&quot;:&quot;Array&quot;}\" data-image-title=\"Ma\u0142a Wysoka-38\" data-image-description=\"\" data-medium-file=\"https:\/\/gorskaprzygoda.pl\/wp-content\/uploads\/2018\/01\/Ma\u0142a-Wysoka-38-300x225.jpg\" data-large-file=\"https:\/\/gorskaprzygoda.pl\/wp-content\/uploads\/2018\/01\/Ma\u0142a-Wysoka-38-1024x768.jpg\" width=\"770\" height=\"578\" src=\"https:\/\/gorskaprzygoda.pl\/wp-content\/uploads\/2018\/01\/Ma\u0142a-Wysoka-38-1024x768.jpg\" class=\"attachment-large size-large\" alt=\"\" aria-describedby=\"gallery-12-2390\" srcset=\"https:\/\/gorskaprzygoda.pl\/wp-content\/uploads\/2018\/01\/Ma\u0142a-Wysoka-38-1024x768.jpg 1024w, https:\/\/gorskaprzygoda.pl\/wp-content\/uploads\/2018\/01\/Ma\u0142a-Wysoka-38-300x225.jpg 300w, https:\/\/gorskaprzygoda.pl\/wp-content\/uploads\/2018\/01\/Ma\u0142a-Wysoka-38-768x576.jpg 768w\" sizes=\"auto, (max-width: 770px) 100vw, 770px\" \/><\/a>\n\t\t\t<\/div>\n\t\t\t\t<figcaption class='wp-caption-text gallery-caption' id='gallery-12-2390'>\n\t\t\t\tPocz\u0105tek drogi Martina: Wielicki Szczyt ( po prawej) i Litworowy Szczyt (troch\u0119 dalej po lewej)\n\t\t\t\t<\/figcaption><\/figure><figure class='gallery-item'>\n\t\t\t<div class='gallery-icon landscape'>\n\t\t\t\t<a href='https:\/\/gorskaprzygoda.pl\/wp-content\/uploads\/2018\/01\/Ma\u0142a-Wysoka-37.jpg'><img loading=\"lazy\" decoding=\"async\" data-attachment-id=\"2389\" data-orig-file=\"https:\/\/gorskaprzygoda.pl\/wp-content\/uploads\/2018\/01\/Ma\u0142a-Wysoka-37.jpg\" data-orig-size=\"1920,1440\" data-comments-opened=\"1\" data-image-meta=\"{&quot;aperture&quot;:&quot;3.6&quot;,&quot;credit&quot;:&quot;&quot;,&quot;camera&quot;:&quot;COOLPIX S2900&quot;,&quot;caption&quot;:&quot;&quot;,&quot;created_timestamp&quot;:&quot;1497530409&quot;,&quot;copyright&quot;:&quot;&quot;,&quot;focal_length&quot;:&quot;5.8&quot;,&quot;iso&quot;:&quot;80&quot;,&quot;shutter_speed&quot;:&quot;0.00125&quot;,&quot;title&quot;:&quot;&quot;,&quot;orientation&quot;:&quot;0&quot;,&quot;keywords&quot;:&quot;Array&quot;}\" data-image-title=\"Ma\u0142a Wysoka-37\" data-image-description=\"\" data-medium-file=\"https:\/\/gorskaprzygoda.pl\/wp-content\/uploads\/2018\/01\/Ma\u0142a-Wysoka-37-300x225.jpg\" data-large-file=\"https:\/\/gorskaprzygoda.pl\/wp-content\/uploads\/2018\/01\/Ma\u0142a-Wysoka-37-1024x768.jpg\" width=\"770\" height=\"578\" src=\"https:\/\/gorskaprzygoda.pl\/wp-content\/uploads\/2018\/01\/Ma\u0142a-Wysoka-37-1024x768.jpg\" class=\"attachment-large size-large\" alt=\"\" aria-describedby=\"gallery-12-2389\" srcset=\"https:\/\/gorskaprzygoda.pl\/wp-content\/uploads\/2018\/01\/Ma\u0142a-Wysoka-37-1024x768.jpg 1024w, https:\/\/gorskaprzygoda.pl\/wp-content\/uploads\/2018\/01\/Ma\u0142a-Wysoka-37-300x225.jpg 300w, https:\/\/gorskaprzygoda.pl\/wp-content\/uploads\/2018\/01\/Ma\u0142a-Wysoka-37-768x576.jpg 768w\" sizes=\"auto, (max-width: 770px) 100vw, 770px\" \/><\/a>\n\t\t\t<\/div>\n\t\t\t\t<figcaption class='wp-caption-text gallery-caption' id='gallery-12-2389'>\n\t\t\t\tChcia\u0142em wspi\u0105\u0107 si\u0119 na t\u0105 ig\u0142\u0119 ale Ela mi nie pozwoli\u0142a ;(\n\t\t\t\t<\/figcaption><\/figure><figure class='gallery-item'>\n\t\t\t<div class='gallery-icon landscape'>\n\t\t\t\t<a href='https:\/\/gorskaprzygoda.pl\/wp-content\/uploads\/2018\/01\/Ma\u0142a-Wysoka-39.jpg'><img loading=\"lazy\" decoding=\"async\" data-attachment-id=\"2391\" data-orig-file=\"https:\/\/gorskaprzygoda.pl\/wp-content\/uploads\/2018\/01\/Ma\u0142a-Wysoka-39.jpg\" data-orig-size=\"1920,1440\" data-comments-opened=\"1\" data-image-meta=\"{&quot;aperture&quot;:&quot;3.2&quot;,&quot;credit&quot;:&quot;&quot;,&quot;camera&quot;:&quot;COOLPIX S2900&quot;,&quot;caption&quot;:&quot;&quot;,&quot;created_timestamp&quot;:&quot;1497531185&quot;,&quot;copyright&quot;:&quot;&quot;,&quot;focal_length&quot;:&quot;4.6&quot;,&quot;iso&quot;:&quot;80&quot;,&quot;shutter_speed&quot;:&quot;0.000625&quot;,&quot;title&quot;:&quot;&quot;,&quot;orientation&quot;:&quot;0&quot;,&quot;keywords&quot;:&quot;Array&quot;}\" data-image-title=\"Ma\u0142a Wysoka-39\" data-image-description=\"\" data-medium-file=\"https:\/\/gorskaprzygoda.pl\/wp-content\/uploads\/2018\/01\/Ma\u0142a-Wysoka-39-300x225.jpg\" data-large-file=\"https:\/\/gorskaprzygoda.pl\/wp-content\/uploads\/2018\/01\/Ma\u0142a-Wysoka-39-1024x768.jpg\" width=\"770\" height=\"578\" src=\"https:\/\/gorskaprzygoda.pl\/wp-content\/uploads\/2018\/01\/Ma\u0142a-Wysoka-39-1024x768.jpg\" class=\"attachment-large size-large\" alt=\"\" aria-describedby=\"gallery-12-2391\" srcset=\"https:\/\/gorskaprzygoda.pl\/wp-content\/uploads\/2018\/01\/Ma\u0142a-Wysoka-39-1024x768.jpg 1024w, https:\/\/gorskaprzygoda.pl\/wp-content\/uploads\/2018\/01\/Ma\u0142a-Wysoka-39-300x225.jpg 300w, https:\/\/gorskaprzygoda.pl\/wp-content\/uploads\/2018\/01\/Ma\u0142a-Wysoka-39-768x576.jpg 768w\" sizes=\"auto, (max-width: 770px) 100vw, 770px\" \/><\/a>\n\t\t\t<\/div>\n\t\t\t\t<figcaption class='wp-caption-text gallery-caption' id='gallery-12-2391'>\n\t\t\t\tDzika Turnia i podej\u015bcie na Rohatk\u0119\n\t\t\t\t<\/figcaption><\/figure><figure class='gallery-item'>\n\t\t\t<div class='gallery-icon landscape'>\n\t\t\t\t<a href='https:\/\/gorskaprzygoda.pl\/wp-content\/uploads\/2018\/01\/Ma\u0142a-Wysoka-40.jpg'><img loading=\"lazy\" decoding=\"async\" data-attachment-id=\"2392\" data-orig-file=\"https:\/\/gorskaprzygoda.pl\/wp-content\/uploads\/2018\/01\/Ma\u0142a-Wysoka-40.jpg\" data-orig-size=\"1920,1440\" data-comments-opened=\"1\" data-image-meta=\"{&quot;aperture&quot;:&quot;3.2&quot;,&quot;credit&quot;:&quot;&quot;,&quot;camera&quot;:&quot;COOLPIX S2900&quot;,&quot;caption&quot;:&quot;&quot;,&quot;created_timestamp&quot;:&quot;1497534203&quot;,&quot;copyright&quot;:&quot;&quot;,&quot;focal_length&quot;:&quot;4.6&quot;,&quot;iso&quot;:&quot;80&quot;,&quot;shutter_speed&quot;:&quot;0.001&quot;,&quot;title&quot;:&quot;&quot;,&quot;orientation&quot;:&quot;0&quot;,&quot;keywords&quot;:&quot;Array&quot;}\" data-image-title=\"Ma\u0142a Wysoka-40\" data-image-description=\"\" data-medium-file=\"https:\/\/gorskaprzygoda.pl\/wp-content\/uploads\/2018\/01\/Ma\u0142a-Wysoka-40-300x225.jpg\" data-large-file=\"https:\/\/gorskaprzygoda.pl\/wp-content\/uploads\/2018\/01\/Ma\u0142a-Wysoka-40-1024x768.jpg\" width=\"770\" height=\"578\" src=\"https:\/\/gorskaprzygoda.pl\/wp-content\/uploads\/2018\/01\/Ma\u0142a-Wysoka-40-1024x768.jpg\" class=\"attachment-large size-large\" alt=\"\" aria-describedby=\"gallery-12-2392\" srcset=\"https:\/\/gorskaprzygoda.pl\/wp-content\/uploads\/2018\/01\/Ma\u0142a-Wysoka-40-1024x768.jpg 1024w, https:\/\/gorskaprzygoda.pl\/wp-content\/uploads\/2018\/01\/Ma\u0142a-Wysoka-40-300x225.jpg 300w, https:\/\/gorskaprzygoda.pl\/wp-content\/uploads\/2018\/01\/Ma\u0142a-Wysoka-40-768x576.jpg 768w\" sizes=\"auto, (max-width: 770px) 100vw, 770px\" \/><\/a>\n\t\t\t<\/div>\n\t\t\t\t<figcaption class='wp-caption-text gallery-caption' id='gallery-12-2392'>\n\t\t\t\tDolina Wielicka ca\u0142a w kwiatach \ud83d\ude42\n\t\t\t\t<\/figcaption><\/figure>\n\t\t<\/div>\n<\/div>\n<p style=\"text-align: justify;\">Musz\u0119 przyzna\u0107, \u017ce <strong>Ma\u0142a Wysoka<\/strong> zaskoczy\u0142a mnie w pozytywny spos\u00f3b. Mimo, \u017ce szczyt dost\u0119pny jest znakowanym szlakiem nie mijali\u015bmy zbyt wiele os\u00f3b, pewnie po cz\u0119\u015bci przez to, \u017ce wcze\u015bnie wyruszyli\u015bmy, ale w czasie naszego zej\u015bcia r\u00f3wnie\u017c nie by\u0142o zbyt t\u0142oczno. Tak jak napisa\u0142em kilka linijek wy\u017cej panorama jak\u0105 mo\u017cemy podziwia\u0107 z wierzcho\u0142ka <strong>Ma\u0142ej Wysokiej<\/strong> jest rewelacyjna. Warto by\u0142o si\u0119 wybra\u0107 cho\u0107 na ten jeden dzie\u0144 w <strong><a href=\"https:\/\/gorskaprzygoda.pl\/index.php\/category\/tatry\/\">Tatry<\/a><\/strong>! \ud83d\ude42<\/p>\n<p>&nbsp;<\/p>\n<div style=\"max-width: 1200px; overflow: hidden; margin: 0 auto;\"><iframe style=\"width: 100%; border: 0;\" src=\"https:\/\/mapa-turystyczna.pl\/map\/widget\/p\/route\/3zji.html\" height=\"750\" frameborder=\"0\"><\/iframe><a style=\"color: #999; padding: 7px 0; font-size: 13px; font-family: Roboto,Arial,sans-serif; display: inline-block;\" href=\"https:\/\/mapa-turystyczna.pl\/route\/3zji?utm_source=external_web&amp;utm_medium=widget&amp;utm_campaign=route_widget\" target=\"_blank\" rel=\"noopener\">Trasa: Tatransk\u00e9 Zruby \u2013 Tatransk\u00e9 Zruby | mapa-turystyczna.pl<\/a><\/div>\n","protected":false},"excerpt":{"rendered":"<p>D\u0142ugo nie udawa\u0142o nam si\u0119 wr\u00f3ci\u0107 w Tatry, a po zimowych wyjazdach pozosta\u0142y ju\u017c tylko wspomnienia. Mia\u0142em nadziej\u0119, \u017ce w ko\u0144cu uda si\u0119 nadrobi\u0107 zimowy sezon w kolejnych miesi\u0105cach, ale zamiast wiosny w g\u00f3rach zn\u00f3w nasta\u0142a zima. Lawinow\u0105 czw\u00f3rk\u0119 w kwietniu nale\u017ca\u0142o zdecydowanie rozpatrywa\u0107 w kategoriach pogodowych anomalii. Przez tak p\u00f3\u017ane i obfite opady \u015bniegu <\/p>\n","protected":false},"author":1,"featured_media":2237,"comment_status":"open","ping_status":"open","sticky":false,"template":"","format":"standard","meta":{"jetpack_post_was_ever_published":false,"_jetpack_newsletter_access":"","_jetpack_dont_email_post_to_subs":false,"_jetpack_newsletter_tier_id":0,"_jetpack_memberships_contains_paywalled_content":false,"_jetpack_memberships_contains_paid_content":false,"footnotes":"","jetpack_publicize_message":"","jetpack_publicize_feature_enabled":true,"jetpack_social_post_already_shared":false,"jetpack_social_options":{"image_generator_settings":{"template":"highway","default_image_id":0,"font":"","enabled":false},"version":2}},"categories":[121,9],"tags":[56,58,59],"class_list":{"0":"post-1329","1":"post","2":"type-post","3":"status-publish","4":"format-standard","5":"has-post-thumbnail","7":"category-slowacja","8":"category-tatry","9":"tag-slowacja","10":"tag-tatry","11":"tag-tatry-wysokie"},"yoast_head":"<!-- This site is optimized with the Yoast SEO plugin v27.4 - https:\/\/yoast.com\/product\/yoast-seo-wordpress\/ -->\n<title>Wej\u015bcie na Ma\u0142\u0105 Wysok\u0105 | Dolina Starole\u015bna | Tatry | G\u00f3rska przygoda<\/title>\n<meta name=\"robots\" content=\"index, follow, max-snippet:-1, max-image-preview:large, max-video-preview:-1\" \/>\n<link rel=\"canonical\" href=\"https:\/\/gorskaprzygoda.pl\/index.php\/2017\/08\/04\/wejscie-na-mala-wysoka\/\" \/>\n<meta property=\"og:locale\" content=\"pl_PL\" \/>\n<meta property=\"og:type\" content=\"article\" \/>\n<meta property=\"og:title\" content=\"Wej\u015bcie na Ma\u0142\u0105 Wysok\u0105 | Dolina Starole\u015bna | Tatry | G\u00f3rska przygoda\" \/>\n<meta property=\"og:description\" content=\"D\u0142ugo nie udawa\u0142o nam si\u0119 wr\u00f3ci\u0107 w Tatry, a po zimowych wyjazdach pozosta\u0142y ju\u017c tylko wspomnienia. Mia\u0142em nadziej\u0119, \u017ce w ko\u0144cu uda si\u0119 nadrobi\u0107 zimowy sezon w kolejnych miesi\u0105cach, ale zamiast wiosny w g\u00f3rach zn\u00f3w nasta\u0142a zima. Lawinow\u0105 czw\u00f3rk\u0119 w kwietniu nale\u017ca\u0142o zdecydowanie rozpatrywa\u0107 w kategoriach pogodowych anomalii. Przez tak p\u00f3\u017ane i obfite opady \u015bniegu\" \/>\n<meta property=\"og:url\" content=\"https:\/\/gorskaprzygoda.pl\/index.php\/2017\/08\/04\/wejscie-na-mala-wysoka\/\" \/>\n<meta property=\"og:site_name\" content=\"G\u00f3rska przygoda\" \/>\n<meta property=\"article:publisher\" content=\"https:\/\/www.facebook.com\/gorskaprzygoda\/\" \/>\n<meta property=\"article:author\" content=\"https:\/\/www.facebook.com\/gorskaprzygoda\/\" \/>\n<meta property=\"article:published_time\" content=\"2017-08-04T16:08:42+00:00\" \/>\n<meta property=\"article:modified_time\" content=\"2018-10-16T12:45:09+00:00\" \/>\n<meta property=\"og:image\" content=\"https:\/\/gorskaprzygoda.pl\/wp-content\/uploads\/2017\/08\/mala-wysoka-tatry.jpg\" \/>\n\t<meta property=\"og:image:width\" content=\"1920\" \/>\n\t<meta property=\"og:image:height\" content=\"1440\" \/>\n\t<meta property=\"og:image:type\" content=\"image\/jpeg\" \/>\n<meta name=\"author\" content=\"Tomek i Ela Wr\u00f3blewscy\" \/>\n<meta name=\"twitter:card\" content=\"summary_large_image\" \/>\n<meta name=\"twitter:label1\" content=\"Napisane przez\" \/>\n\t<meta name=\"twitter:data1\" content=\"Tomek i Ela Wr\u00f3blewscy\" \/>\n\t<meta name=\"twitter:label2\" content=\"Szacowany czas czytania\" \/>\n\t<meta name=\"twitter:data2\" content=\"7 minut\" \/>\n<script type=\"application\/ld+json\" class=\"yoast-schema-graph\">{\"@context\":\"https:\\\/\\\/schema.org\",\"@graph\":[{\"@type\":\"Article\",\"@id\":\"https:\\\/\\\/gorskaprzygoda.pl\\\/index.php\\\/2017\\\/08\\\/04\\\/wejscie-na-mala-wysoka\\\/#article\",\"isPartOf\":{\"@id\":\"https:\\\/\\\/gorskaprzygoda.pl\\\/index.php\\\/2017\\\/08\\\/04\\\/wejscie-na-mala-wysoka\\\/\"},\"author\":{\"name\":\"Tomek i Ela Wr\u00f3blewscy\",\"@id\":\"https:\\\/\\\/gorskaprzygoda.pl\\\/#\\\/schema\\\/person\\\/ab1152b79f3bb44e108f239508abc4d8\"},\"headline\":\"Wcale nie taka ma\u0142a&#8230; Ma\u0142a Wysoka\",\"datePublished\":\"2017-08-04T16:08:42+00:00\",\"dateModified\":\"2018-10-16T12:45:09+00:00\",\"mainEntityOfPage\":{\"@id\":\"https:\\\/\\\/gorskaprzygoda.pl\\\/index.php\\\/2017\\\/08\\\/04\\\/wejscie-na-mala-wysoka\\\/\"},\"wordCount\":1360,\"commentCount\":2,\"image\":{\"@id\":\"https:\\\/\\\/gorskaprzygoda.pl\\\/index.php\\\/2017\\\/08\\\/04\\\/wejscie-na-mala-wysoka\\\/#primaryimage\"},\"thumbnailUrl\":\"https:\\\/\\\/gorskaprzygoda.pl\\\/wp-content\\\/uploads\\\/2017\\\/08\\\/mala-wysoka-tatry.jpg\",\"keywords\":[\"S\u0142owacja\",\"Tatry\",\"Tatry Wysokie\"],\"articleSection\":[\"S\u0142owacja\",\"Tatry\"],\"inLanguage\":\"pl-PL\",\"potentialAction\":[{\"@type\":\"CommentAction\",\"name\":\"Comment\",\"target\":[\"https:\\\/\\\/gorskaprzygoda.pl\\\/index.php\\\/2017\\\/08\\\/04\\\/wejscie-na-mala-wysoka\\\/#respond\"]}]},{\"@type\":\"WebPage\",\"@id\":\"https:\\\/\\\/gorskaprzygoda.pl\\\/index.php\\\/2017\\\/08\\\/04\\\/wejscie-na-mala-wysoka\\\/\",\"url\":\"https:\\\/\\\/gorskaprzygoda.pl\\\/index.php\\\/2017\\\/08\\\/04\\\/wejscie-na-mala-wysoka\\\/\",\"name\":\"Wej\u015bcie na Ma\u0142\u0105 Wysok\u0105 | Dolina Starole\u015bna | Tatry | G\u00f3rska przygoda\",\"isPartOf\":{\"@id\":\"https:\\\/\\\/gorskaprzygoda.pl\\\/#website\"},\"primaryImageOfPage\":{\"@id\":\"https:\\\/\\\/gorskaprzygoda.pl\\\/index.php\\\/2017\\\/08\\\/04\\\/wejscie-na-mala-wysoka\\\/#primaryimage\"},\"image\":{\"@id\":\"https:\\\/\\\/gorskaprzygoda.pl\\\/index.php\\\/2017\\\/08\\\/04\\\/wejscie-na-mala-wysoka\\\/#primaryimage\"},\"thumbnailUrl\":\"https:\\\/\\\/gorskaprzygoda.pl\\\/wp-content\\\/uploads\\\/2017\\\/08\\\/mala-wysoka-tatry.jpg\",\"datePublished\":\"2017-08-04T16:08:42+00:00\",\"dateModified\":\"2018-10-16T12:45:09+00:00\",\"author\":{\"@id\":\"https:\\\/\\\/gorskaprzygoda.pl\\\/#\\\/schema\\\/person\\\/ab1152b79f3bb44e108f239508abc4d8\"},\"breadcrumb\":{\"@id\":\"https:\\\/\\\/gorskaprzygoda.pl\\\/index.php\\\/2017\\\/08\\\/04\\\/wejscie-na-mala-wysoka\\\/#breadcrumb\"},\"inLanguage\":\"pl-PL\",\"potentialAction\":[{\"@type\":\"ReadAction\",\"target\":[\"https:\\\/\\\/gorskaprzygoda.pl\\\/index.php\\\/2017\\\/08\\\/04\\\/wejscie-na-mala-wysoka\\\/\"]}]},{\"@type\":\"ImageObject\",\"inLanguage\":\"pl-PL\",\"@id\":\"https:\\\/\\\/gorskaprzygoda.pl\\\/index.php\\\/2017\\\/08\\\/04\\\/wejscie-na-mala-wysoka\\\/#primaryimage\",\"url\":\"https:\\\/\\\/gorskaprzygoda.pl\\\/wp-content\\\/uploads\\\/2017\\\/08\\\/mala-wysoka-tatry.jpg\",\"contentUrl\":\"https:\\\/\\\/gorskaprzygoda.pl\\\/wp-content\\\/uploads\\\/2017\\\/08\\\/mala-wysoka-tatry.jpg\",\"width\":1920,\"height\":1440,\"caption\":\"Ela na tle Wielickiego Szczytu\"},{\"@type\":\"BreadcrumbList\",\"@id\":\"https:\\\/\\\/gorskaprzygoda.pl\\\/index.php\\\/2017\\\/08\\\/04\\\/wejscie-na-mala-wysoka\\\/#breadcrumb\",\"itemListElement\":[{\"@type\":\"ListItem\",\"position\":1,\"name\":\"Strona g\u0142\u00f3wna\",\"item\":\"https:\\\/\\\/gorskaprzygoda.pl\\\/\"},{\"@type\":\"ListItem\",\"position\":2,\"name\":\"Wcale nie taka ma\u0142a&#8230; Ma\u0142a Wysoka\"}]},{\"@type\":\"WebSite\",\"@id\":\"https:\\\/\\\/gorskaprzygoda.pl\\\/#website\",\"url\":\"https:\\\/\\\/gorskaprzygoda.pl\\\/\",\"name\":\"gorskaprzygoda.pl\",\"description\":\"w drodze na szczyt\",\"potentialAction\":[{\"@type\":\"SearchAction\",\"target\":{\"@type\":\"EntryPoint\",\"urlTemplate\":\"https:\\\/\\\/gorskaprzygoda.pl\\\/?s={search_term_string}\"},\"query-input\":{\"@type\":\"PropertyValueSpecification\",\"valueRequired\":true,\"valueName\":\"search_term_string\"}}],\"inLanguage\":\"pl-PL\"},{\"@type\":\"Person\",\"@id\":\"https:\\\/\\\/gorskaprzygoda.pl\\\/#\\\/schema\\\/person\\\/ab1152b79f3bb44e108f239508abc4d8\",\"name\":\"Tomek i Ela Wr\u00f3blewscy\",\"image\":{\"@type\":\"ImageObject\",\"inLanguage\":\"pl-PL\",\"@id\":\"https:\\\/\\\/secure.gravatar.com\\\/avatar\\\/c8b5c0e01dc987e9cba2639dd98d636b15fbae1a49f90bdb0d50574ca6509057?s=96&r=g\",\"url\":\"https:\\\/\\\/secure.gravatar.com\\\/avatar\\\/c8b5c0e01dc987e9cba2639dd98d636b15fbae1a49f90bdb0d50574ca6509057?s=96&r=g\",\"contentUrl\":\"https:\\\/\\\/secure.gravatar.com\\\/avatar\\\/c8b5c0e01dc987e9cba2639dd98d636b15fbae1a49f90bdb0d50574ca6509057?s=96&r=g\",\"caption\":\"Tomek i Ela Wr\u00f3blewscy\"},\"description\":\"Znajomi m\u00f3wi\u0105 o nas, \u017ce jeste\u015bmy najbardziej zbzikowanymi na punkcie g\u00f3r lud\u017ami jakich znaj\u0105. G\u00f3ry to miejsce, gdzie uciekamy, by prze\u017cy\u0107 kolejn\u0105 przygod\u0119, gdzie chcemy by\u0107 bli\u017cej przyrody i nas\u0142uchiwa\u0107 ciszy. No tak, ciekawe czy mo\u017cna us\u0142ysze\u0107 cisz\u0119? Ela ci\u0105gle pr\u00f3buje znale\u017a\u0107 odpowied\u017a na to nurtuj\u0105ce pytanie, a ja bez ko\u0144ca planuj\u0119 nasze kolejne wyprawy!\",\"sameAs\":[\"https:\\\/\\\/gorskaprzygoda.pl\\\/\",\"https:\\\/\\\/www.facebook.com\\\/gorskaprzygoda\\\/\",\"https:\\\/\\\/www.instagram.com\\\/gorskaprzygoda.pl\\\/\"]}]}<\/script>\n<!-- \/ Yoast SEO plugin. -->","yoast_head_json":{"title":"Wej\u015bcie na Ma\u0142\u0105 Wysok\u0105 | Dolina Starole\u015bna | Tatry | G\u00f3rska przygoda","robots":{"index":"index","follow":"follow","max-snippet":"max-snippet:-1","max-image-preview":"max-image-preview:large","max-video-preview":"max-video-preview:-1"},"canonical":"https:\/\/gorskaprzygoda.pl\/index.php\/2017\/08\/04\/wejscie-na-mala-wysoka\/","og_locale":"pl_PL","og_type":"article","og_title":"Wej\u015bcie na Ma\u0142\u0105 Wysok\u0105 | Dolina Starole\u015bna | Tatry | G\u00f3rska przygoda","og_description":"D\u0142ugo nie udawa\u0142o nam si\u0119 wr\u00f3ci\u0107 w Tatry, a po zimowych wyjazdach pozosta\u0142y ju\u017c tylko wspomnienia. Mia\u0142em nadziej\u0119, \u017ce w ko\u0144cu uda si\u0119 nadrobi\u0107 zimowy sezon w kolejnych miesi\u0105cach, ale zamiast wiosny w g\u00f3rach zn\u00f3w nasta\u0142a zima. Lawinow\u0105 czw\u00f3rk\u0119 w kwietniu nale\u017ca\u0142o zdecydowanie rozpatrywa\u0107 w kategoriach pogodowych anomalii. Przez tak p\u00f3\u017ane i obfite opady \u015bniegu","og_url":"https:\/\/gorskaprzygoda.pl\/index.php\/2017\/08\/04\/wejscie-na-mala-wysoka\/","og_site_name":"G\u00f3rska przygoda","article_publisher":"https:\/\/www.facebook.com\/gorskaprzygoda\/","article_author":"https:\/\/www.facebook.com\/gorskaprzygoda\/","article_published_time":"2017-08-04T16:08:42+00:00","article_modified_time":"2018-10-16T12:45:09+00:00","og_image":[{"width":1920,"height":1440,"url":"https:\/\/gorskaprzygoda.pl\/wp-content\/uploads\/2017\/08\/mala-wysoka-tatry.jpg","type":"image\/jpeg"}],"author":"Tomek i Ela Wr\u00f3blewscy","twitter_card":"summary_large_image","twitter_misc":{"Napisane przez":"Tomek i Ela Wr\u00f3blewscy","Szacowany czas czytania":"7 minut"},"schema":{"@context":"https:\/\/schema.org","@graph":[{"@type":"Article","@id":"https:\/\/gorskaprzygoda.pl\/index.php\/2017\/08\/04\/wejscie-na-mala-wysoka\/#article","isPartOf":{"@id":"https:\/\/gorskaprzygoda.pl\/index.php\/2017\/08\/04\/wejscie-na-mala-wysoka\/"},"author":{"name":"Tomek i Ela Wr\u00f3blewscy","@id":"https:\/\/gorskaprzygoda.pl\/#\/schema\/person\/ab1152b79f3bb44e108f239508abc4d8"},"headline":"Wcale nie taka ma\u0142a&#8230; Ma\u0142a Wysoka","datePublished":"2017-08-04T16:08:42+00:00","dateModified":"2018-10-16T12:45:09+00:00","mainEntityOfPage":{"@id":"https:\/\/gorskaprzygoda.pl\/index.php\/2017\/08\/04\/wejscie-na-mala-wysoka\/"},"wordCount":1360,"commentCount":2,"image":{"@id":"https:\/\/gorskaprzygoda.pl\/index.php\/2017\/08\/04\/wejscie-na-mala-wysoka\/#primaryimage"},"thumbnailUrl":"https:\/\/gorskaprzygoda.pl\/wp-content\/uploads\/2017\/08\/mala-wysoka-tatry.jpg","keywords":["S\u0142owacja","Tatry","Tatry Wysokie"],"articleSection":["S\u0142owacja","Tatry"],"inLanguage":"pl-PL","potentialAction":[{"@type":"CommentAction","name":"Comment","target":["https:\/\/gorskaprzygoda.pl\/index.php\/2017\/08\/04\/wejscie-na-mala-wysoka\/#respond"]}]},{"@type":"WebPage","@id":"https:\/\/gorskaprzygoda.pl\/index.php\/2017\/08\/04\/wejscie-na-mala-wysoka\/","url":"https:\/\/gorskaprzygoda.pl\/index.php\/2017\/08\/04\/wejscie-na-mala-wysoka\/","name":"Wej\u015bcie na Ma\u0142\u0105 Wysok\u0105 | Dolina Starole\u015bna | Tatry | G\u00f3rska przygoda","isPartOf":{"@id":"https:\/\/gorskaprzygoda.pl\/#website"},"primaryImageOfPage":{"@id":"https:\/\/gorskaprzygoda.pl\/index.php\/2017\/08\/04\/wejscie-na-mala-wysoka\/#primaryimage"},"image":{"@id":"https:\/\/gorskaprzygoda.pl\/index.php\/2017\/08\/04\/wejscie-na-mala-wysoka\/#primaryimage"},"thumbnailUrl":"https:\/\/gorskaprzygoda.pl\/wp-content\/uploads\/2017\/08\/mala-wysoka-tatry.jpg","datePublished":"2017-08-04T16:08:42+00:00","dateModified":"2018-10-16T12:45:09+00:00","author":{"@id":"https:\/\/gorskaprzygoda.pl\/#\/schema\/person\/ab1152b79f3bb44e108f239508abc4d8"},"breadcrumb":{"@id":"https:\/\/gorskaprzygoda.pl\/index.php\/2017\/08\/04\/wejscie-na-mala-wysoka\/#breadcrumb"},"inLanguage":"pl-PL","potentialAction":[{"@type":"ReadAction","target":["https:\/\/gorskaprzygoda.pl\/index.php\/2017\/08\/04\/wejscie-na-mala-wysoka\/"]}]},{"@type":"ImageObject","inLanguage":"pl-PL","@id":"https:\/\/gorskaprzygoda.pl\/index.php\/2017\/08\/04\/wejscie-na-mala-wysoka\/#primaryimage","url":"https:\/\/gorskaprzygoda.pl\/wp-content\/uploads\/2017\/08\/mala-wysoka-tatry.jpg","contentUrl":"https:\/\/gorskaprzygoda.pl\/wp-content\/uploads\/2017\/08\/mala-wysoka-tatry.jpg","width":1920,"height":1440,"caption":"Ela na tle Wielickiego Szczytu"},{"@type":"BreadcrumbList","@id":"https:\/\/gorskaprzygoda.pl\/index.php\/2017\/08\/04\/wejscie-na-mala-wysoka\/#breadcrumb","itemListElement":[{"@type":"ListItem","position":1,"name":"Strona g\u0142\u00f3wna","item":"https:\/\/gorskaprzygoda.pl\/"},{"@type":"ListItem","position":2,"name":"Wcale nie taka ma\u0142a&#8230; Ma\u0142a Wysoka"}]},{"@type":"WebSite","@id":"https:\/\/gorskaprzygoda.pl\/#website","url":"https:\/\/gorskaprzygoda.pl\/","name":"gorskaprzygoda.pl","description":"w drodze na szczyt","potentialAction":[{"@type":"SearchAction","target":{"@type":"EntryPoint","urlTemplate":"https:\/\/gorskaprzygoda.pl\/?s={search_term_string}"},"query-input":{"@type":"PropertyValueSpecification","valueRequired":true,"valueName":"search_term_string"}}],"inLanguage":"pl-PL"},{"@type":"Person","@id":"https:\/\/gorskaprzygoda.pl\/#\/schema\/person\/ab1152b79f3bb44e108f239508abc4d8","name":"Tomek i Ela Wr\u00f3blewscy","image":{"@type":"ImageObject","inLanguage":"pl-PL","@id":"https:\/\/secure.gravatar.com\/avatar\/c8b5c0e01dc987e9cba2639dd98d636b15fbae1a49f90bdb0d50574ca6509057?s=96&r=g","url":"https:\/\/secure.gravatar.com\/avatar\/c8b5c0e01dc987e9cba2639dd98d636b15fbae1a49f90bdb0d50574ca6509057?s=96&r=g","contentUrl":"https:\/\/secure.gravatar.com\/avatar\/c8b5c0e01dc987e9cba2639dd98d636b15fbae1a49f90bdb0d50574ca6509057?s=96&r=g","caption":"Tomek i Ela Wr\u00f3blewscy"},"description":"Znajomi m\u00f3wi\u0105 o nas, \u017ce jeste\u015bmy najbardziej zbzikowanymi na punkcie g\u00f3r lud\u017ami jakich znaj\u0105. G\u00f3ry to miejsce, gdzie uciekamy, by prze\u017cy\u0107 kolejn\u0105 przygod\u0119, gdzie chcemy by\u0107 bli\u017cej przyrody i nas\u0142uchiwa\u0107 ciszy. No tak, ciekawe czy mo\u017cna us\u0142ysze\u0107 cisz\u0119? Ela ci\u0105gle pr\u00f3buje znale\u017a\u0107 odpowied\u017a na to nurtuj\u0105ce pytanie, a ja bez ko\u0144ca planuj\u0119 nasze kolejne wyprawy!","sameAs":["https:\/\/gorskaprzygoda.pl\/","https:\/\/www.facebook.com\/gorskaprzygoda\/","https:\/\/www.instagram.com\/gorskaprzygoda.pl\/"]}]}},"jetpack_publicize_connections":[],"jetpack_featured_media_url":"https:\/\/gorskaprzygoda.pl\/wp-content\/uploads\/2017\/08\/mala-wysoka-tatry.jpg","jetpack_sharing_enabled":true,"jetpack_shortlink":"https:\/\/wp.me\/pawaOI-lr","_links":{"self":[{"href":"https:\/\/gorskaprzygoda.pl\/index.php\/wp-json\/wp\/v2\/posts\/1329","targetHints":{"allow":["GET"]}}],"collection":[{"href":"https:\/\/gorskaprzygoda.pl\/index.php\/wp-json\/wp\/v2\/posts"}],"about":[{"href":"https:\/\/gorskaprzygoda.pl\/index.php\/wp-json\/wp\/v2\/types\/post"}],"author":[{"embeddable":true,"href":"https:\/\/gorskaprzygoda.pl\/index.php\/wp-json\/wp\/v2\/users\/1"}],"replies":[{"embeddable":true,"href":"https:\/\/gorskaprzygoda.pl\/index.php\/wp-json\/wp\/v2\/comments?post=1329"}],"version-history":[{"count":12,"href":"https:\/\/gorskaprzygoda.pl\/index.php\/wp-json\/wp\/v2\/posts\/1329\/revisions"}],"predecessor-version":[{"id":4378,"href":"https:\/\/gorskaprzygoda.pl\/index.php\/wp-json\/wp\/v2\/posts\/1329\/revisions\/4378"}],"wp:featuredmedia":[{"embeddable":true,"href":"https:\/\/gorskaprzygoda.pl\/index.php\/wp-json\/wp\/v2\/media\/2237"}],"wp:attachment":[{"href":"https:\/\/gorskaprzygoda.pl\/index.php\/wp-json\/wp\/v2\/media?parent=1329"}],"wp:term":[{"taxonomy":"category","embeddable":true,"href":"https:\/\/gorskaprzygoda.pl\/index.php\/wp-json\/wp\/v2\/categories?post=1329"},{"taxonomy":"post_tag","embeddable":true,"href":"https:\/\/gorskaprzygoda.pl\/index.php\/wp-json\/wp\/v2\/tags?post=1329"}],"curies":[{"name":"wp","href":"https:\/\/api.w.org\/{rel}","templated":true}]}}